{"id":117382,"date":"2025-12-15T23:06:15","date_gmt":"2025-12-15T23:06:15","guid":{"rendered":"https:\/\/www.europesays.com\/fi\/117382\/"},"modified":"2025-12-15T23:06:15","modified_gmt":"2025-12-15T23:06:15","slug":"palvelumme-joulun-ja-uuden-vuoden-aikaan","status":"publish","type":"post","link":"https:\/\/www.europesays.com\/fi\/117382\/","title":{"rendered":"Palvelumme joulun ja uuden vuoden aikaan"},"content":{"rendered":"<p><strong><img loading=\"lazy\" decoding=\"async\" class=\"alignnone wp-image-50438 size-large\" src=\"https:\/\/www.europesays.com\/fi\/wp-content\/uploads\/2025\/12\/5aeb4bc3-palvelumme-joulun-ja-uuden-vuoden-aikaan-1024x538.jpg\" alt=\"\" width=\"1024\" height=\"538\"  \/>Palvelumme tukevat sinua valtakunnallisesti, maksuttomasti ja matalla kynnyksell\u00e4.<\/strong><\/p>\n<p>\u00a0<\/p>\n<p><strong><a href=\"https:\/\/www.hyvakysymys.fi\/perhepulma\" rel=\"nofollow noopener\" target=\"_blank\">V\u00e4est\u00f6liiton Perhepulma <\/a><\/strong>on\u00a0joululomalla\u00a022.12.2025\u20137.1.2026. Palvelemme j\u00e4lleen 8.1.2026.<\/p>\n<p>***<\/p>\n<p>V\u00e4est\u00f6liiton Parisuhdepuhelin palvelee maanantaisin klo 14\u201316 numerossa 050 337 9053. Parisuhdepuhelin on joulutauolla 22.12.\u20135.1.<\/p>\n<p><strong><a href=\"https:\/\/www.hyvakysymys.fi\/paivystyschatti\/parisuhdeteemainen-paivystyschat\/\" rel=\"nofollow noopener\" target=\"_blank\">Parisuhdeteemainen p\u00e4ivystyschat<\/a><\/strong> palvelee tiistaisin klo 12\u201315. P\u00e4ivystyschat on joulutauolla 23.12.\u20136.1.<\/p>\n<p><a href=\"https:\/\/www.hyvakysymys.fi\/ajanvarauschat\/?topics=parisuhde\" rel=\"nofollow noopener\" target=\"_blank\"><strong>Parisuhdeteemaisesta ajanvarauschatista<\/strong><\/a> voi varata 45 minuutin keskusteluaikoja vaihtelevina aikoina. Ajanvarauschat on joulutauolla 22.\u201328.12.<\/p>\n<p>***<\/p>\n<p><strong><a href=\"https:\/\/www.hyvakysymys.fi\/paivystyschatti\/parisuhdeongelmat\/\" rel=\"nofollow noopener\" target=\"_blank\">V\u00e4est\u00f6liiton keskustelutuki nuorille aikuisille<\/a> <\/strong>suhteiden tueksi: p\u00e4ivystyschat avoinna ma klo 10\u201312 ja to klo 17\u201319.<\/p>\n<p><strong><a href=\"https:\/\/www.hyvakysymys.fi\/ajanvarauschat\/?organizations=181&amp;target-groups=nuoret&amp;topics=parisuhde\" rel=\"nofollow noopener\" target=\"_blank\">V\u00e4est\u00f6liiton suhdechat nuorille aikuisille<\/a><\/strong> avoinna ajanvarauksella joulun aikaan arkip\u00e4ivisin klo 8, 12 ja 20.<\/p>\n<p><strong><a href=\"https:\/\/www.hyvakysymys.fi\/paivystyschatti\/helin-joulustressi-maraton-nuorille-aikuisille-la-20-12-klo-10-14\/\" rel=\"nofollow noopener\" target=\"_blank\">Nuorten aikuisten joulustressi-maratonchat<\/a><\/strong> lauantaina 20.12. klo 10\u201314.<\/p>\n<p>***<\/p>\n<p><a href=\"https:\/\/www.vaestoliitto.fi\/nuoret\/\" rel=\"nofollow noopener\" target=\"_blank\"><strong>V\u00e4est\u00f6liiton seksuaalineuvontachat nuorille<\/strong><\/a> on joulutauolla 22.12.2025-6.1.2026.<\/p>\n<p><a href=\"https:\/\/www.vaestoliitto.fi\/poikien-puhelin\/\" rel=\"nofollow noopener\" target=\"_blank\"><strong>V\u00e4est\u00f6liiton Poikien Puhelin<\/strong><\/a> ja chat ovat\u00a0joulutauolla\u00a020.12-6.1. ja sen j\u00e4lkeen avoinna tavalliseen tapaan.<\/p>\n<p>***<\/p>\n<p><a href=\"https:\/\/www.etoleyksin.fi\/\" rel=\"nofollow noopener\" target=\"_blank\"><strong>V\u00e4est\u00f6liiton Et ole yksin<\/strong><\/a> -palvelut\u00a0ovat joulutauolla 22.12.\u20136.1. ja avautuvat j\u00e4lleen 7.1.<\/p>\n","protected":false},"excerpt":{"rendered":"Palvelumme tukevat sinua valtakunnallisesti, maksuttomasti ja matalla kynnyksell\u00e4. \u00a0 V\u00e4est\u00f6liiton Perhepulma on\u00a0joululomalla\u00a022.12.2025\u20137.1.2026. Palvelemme j\u00e4lleen 8.1.2026. *** V\u00e4est\u00f6liiton Parisuhdepuhelin&hellip;\n","protected":false},"author":2,"featured_media":101268,"comment_status":"","ping_status":"","sticky":false,"template":"","format":"standard","meta":{"footnotes":""},"categories":[76],"tags":[79,77,33,31,30,32,78],"class_list":{"0":"post-117382","1":"post","2":"type-post","3":"status-publish","4":"format-standard","5":"has-post-thumbnail","7":"category-talous","8":"tag-business","9":"tag-economy","10":"tag-fi","11":"tag-finland","12":"tag-finnish","13":"tag-suomi","14":"tag-talous"},"share_on_mastodon":{"url":"https:\/\/pubeurope.com\/@fi\/115726095936663028","error":""},"_links":{"self":[{"href":"https:\/\/www.europesays.com\/fi\/wp-json\/wp\/v2\/posts\/117382","targetHints":{"allow":["GET"]}}],"collection":[{"href":"https:\/\/www.europesays.com\/fi\/wp-json\/wp\/v2\/posts"}],"about":[{"href":"https:\/\/www.europesays.com\/fi\/wp-json\/wp\/v2\/types\/post"}],"author":[{"embeddable":true,"href":"https:\/\/www.europesays.com\/fi\/wp-json\/wp\/v2\/users\/2"}],"replies":[{"embeddable":true,"href":"https:\/\/www.europesays.com\/fi\/wp-json\/wp\/v2\/comments?post=117382"}],"version-history":[{"count":0,"href":"https:\/\/www.europesays.com\/fi\/wp-json\/wp\/v2\/posts\/117382\/revisions"}],"wp:featuredmedia":[{"embeddable":true,"href":"https:\/\/www.europesays.com\/fi\/wp-json\/wp\/v2\/media\/101268"}],"wp:attachment":[{"href":"https:\/\/www.europesays.com\/fi\/wp-json\/wp\/v2\/media?parent=117382"}],"wp:term":[{"taxonomy":"category","embeddable":true,"href":"https:\/\/www.europesays.com\/fi\/wp-json\/wp\/v2\/categories?post=117382"},{"taxonomy":"post_tag","embeddable":true,"href":"https:\/\/www.europesays.com\/fi\/wp-json\/wp\/v2\/tags?post=117382"}],"curies":[{"name":"wp","href":"https:\/\/api.w.org\/{rel}","templated":true}]}}