{"id":117385,"date":"2025-12-15T23:08:07","date_gmt":"2025-12-15T23:08:07","guid":{"rendered":"https:\/\/www.europesays.com\/fi\/117385\/"},"modified":"2025-12-15T23:08:07","modified_gmt":"2025-12-15T23:08:07","slug":"rekka-kaatui-ojaan-suonenjoella-savo","status":"publish","type":"post","link":"https:\/\/www.europesays.com\/fi\/117385\/","title":{"rendered":"Rekka kaatui ojaan Suonenjoella | Savo"},"content":{"rendered":"<p>Kappaletavaralastissa ollut rekka kaatui ojaan Suonenjoella maanantai-iltana. Onnettomuus tapahtui hieman ennen iltakahdeksaa Palokankaantiell\u00e4 M\u00e4kr\u00e4m\u00e4en pohjoispuolella.<\/p>\n<p>Rekan kuljettaja ei loukkaantunut tilanteessa. Onnettomuudesta ei aiheutunut liikennehaittaa. Pelastuslaitos kuitenkin arvioi, ett\u00e4 my\u00f6hemmin tapahtuva ajoneuvon nosto voi h\u00e4irit\u00e4 muuta liikennett\u00e4 hetken v\u00e4h\u00e4isesti.<\/p>\n","protected":false},"excerpt":{"rendered":"Kappaletavaralastissa ollut rekka kaatui ojaan Suonenjoella maanantai-iltana. Onnettomuus tapahtui hieman ennen iltakahdeksaa Palokankaantiell\u00e4 M\u00e4kr\u00e4m\u00e4en pohjoispuolella. Rekan kuljettaja ei&hellip;\n","protected":false},"author":2,"featured_media":117386,"comment_status":"","ping_status":"","sticky":false,"template":"","format":"standard","meta":{"footnotes":""},"categories":[12],"tags":[22,23,26,27,33,31,30,17,2187,24,25,28,29,15,837,18,21,122,950,32,2532,128,19,20,546,16],"class_list":{"0":"post-117385","1":"post","2":"type-post","3":"status-publish","4":"format-standard","5":"has-post-thumbnail","7":"category-suomi","8":"tag-breaking-news","9":"tag-breakingnews","10":"tag-featured-news","11":"tag-featurednews","12":"tag-fi","13":"tag-finland","14":"tag-finnish","15":"tag-headlines","16":"tag-kulkuneuvot","17":"tag-latest-news","18":"tag-latestnews","19":"tag-main-news","20":"tag-mainnews","21":"tag-news","22":"tag-onnettomuudet","23":"tag-otsikot","24":"tag-paauutiset","25":"tag-pelastaminen","26":"tag-raskas-liikenne","27":"tag-suomi","28":"tag-suonenjoki","29":"tag-tieliikenne","30":"tag-top-stories","31":"tag-topstories","32":"tag-turvallisuus","33":"tag-uutiset"},"share_on_mastodon":{"url":"https:\/\/pubeurope.com\/@fi\/115726103587063968","error":""},"_links":{"self":[{"href":"https:\/\/www.europesays.com\/fi\/wp-json\/wp\/v2\/posts\/117385","targetHints":{"allow":["GET"]}}],"collection":[{"href":"https:\/\/www.europesays.com\/fi\/wp-json\/wp\/v2\/posts"}],"about":[{"href":"https:\/\/www.europesays.com\/fi\/wp-json\/wp\/v2\/types\/post"}],"author":[{"embeddable":true,"href":"https:\/\/www.europesays.com\/fi\/wp-json\/wp\/v2\/users\/2"}],"replies":[{"embeddable":true,"href":"https:\/\/www.europesays.com\/fi\/wp-json\/wp\/v2\/comments?post=117385"}],"version-history":[{"count":0,"href":"https:\/\/www.europesays.com\/fi\/wp-json\/wp\/v2\/posts\/117385\/revisions"}],"wp:featuredmedia":[{"embeddable":true,"href":"https:\/\/www.europesays.com\/fi\/wp-json\/wp\/v2\/media\/117386"}],"wp:attachment":[{"href":"https:\/\/www.europesays.com\/fi\/wp-json\/wp\/v2\/media?parent=117385"}],"wp:term":[{"taxonomy":"category","embeddable":true,"href":"https:\/\/www.europesays.com\/fi\/wp-json\/wp\/v2\/categories?post=117385"},{"taxonomy":"post_tag","embeddable":true,"href":"https:\/\/www.europesays.com\/fi\/wp-json\/wp\/v2\/tags?post=117385"}],"curies":[{"name":"wp","href":"https:\/\/api.w.org\/{rel}","templated":true}]}}