{"id":117392,"date":"2025-12-15T23:29:10","date_gmt":"2025-12-15T23:29:10","guid":{"rendered":"https:\/\/www.europesays.com\/fi\/117392\/"},"modified":"2025-12-15T23:29:10","modified_gmt":"2025-12-15T23:29:10","slug":"aivan-kuin-keira-knightley-olisi-taysin-pihalla-jannitysdraamalle-vain-yksi-tahti","status":"publish","type":"post","link":"https:\/\/www.europesays.com\/fi\/117392\/","title":{"rendered":"&#8221;Aivan kuin Keira Knightley olisi t\u00e4ysin pihalla&#8221; \u2013 J\u00e4nnitysdraamalle vain yksi t\u00e4hti"},"content":{"rendered":"<p>Traumaattisen kentt\u00e4kokemuksen j\u00e4lkeen t\u00e4htitoimittaja kutsutaan raportoimaan sy\u00f6p\u00e4\u00e4n kuolevan pohatan hyv\u00e4ntekev\u00e4isyysgaalasta, jonne purjehditaan luksusjahdilla. Matka saa yll\u00e4tt\u00e4v\u00e4n k\u00e4\u00e4nteen, kun toimittaja n\u00e4kee jonkun putoavan laivasta. Kukaan vain ei usko h\u00e4nt\u00e4, sill\u00e4 kaikki risteilij\u00e4t ovat mukana.<\/p>\n<p><strong>Simon Stone<\/strong> j\u00e4i mieleen hienosta arkeologiadraamastaan The Dig. Trilleri sen sijaan ei tunnu h\u00e4nen omimmalta lajiltaan. Blingblingiin keskittyv\u00e4 kerronta vesitt\u00e4\u00e4 tarinan kiinnostavan asetelman l\u00e4hes k\u00e4ttelyss\u00e4 ja kuin toisesta elokuvasta napattu loppu upottaa koko viritelm\u00e4n.<\/p>\n<p>Toinen iso ongelma on <strong>Keira Knightley<\/strong>. P\u00e4\u00e4t\u00e4hti loisti vakoiluj\u00e4nn\u00e4riss\u00e4 Black Doves, jossa refleksinomaiset ja maneeriset virnistykset ja muut ihme-elkeet eiv\u00e4t pist\u00e4neet silm\u00e4\u00e4n, jos niit\u00e4 tahattomasti ilmeni. Nyt stara poukkoilee ohuesti perustellun roolinsa puitteissa kuin olisi t\u00e4ysin pihalla toimenkuvansa edellytyksist\u00e4. Toimintasankariuskin l\u00f6ytyy sitten vettyneen neuleen alta kuin taikaiskusta.<\/p>\n<p>Matti Komulainen<\/p>\n<p>T\u00e4hdet \u2605<\/p>\n<p><img loading=\"lazy\" decoding=\"async\" alt=\"YouTube video\" width=\"480\" height=\"360\" data-pin-nopin=\"true\" nopin=\"nopin\" class=\"perfmatters-lazy\" src=\"https:\/\/www.europesays.com\/fi\/wp-content\/uploads\/2025\/08\/1756331168_59_hqdefault.jpg\"\/><\/p>\n<p>Lue my\u00f6s: <a href=\"https:\/\/www.episodi.fi\/uutiskirje\/?uutiskirjemainos=tekstilinkkimainos\" title=\"Tilaa Episodin uutiskirje ja voit voittaa leffalippuja! Nappaa tv-vinkit suoraan s\u00e4hk\u00f6postiin t\u00e4st\u00e4.\" class=\"underline-custom !font-montserrat !font-bold !underline-offset-4 !decoration-4 !decoration-episodi-blue !text-md\" rel=\"nofollow noopener\" target=\"_blank\">Tilaa Episodin uutiskirje ja voit voittaa leffalippuja! Nappaa katseluvinkit suoraan s\u00e4hk\u00f6postiin t\u00e4st\u00e4.<\/a><\/p>\n","protected":false},"excerpt":{"rendered":"Traumaattisen kentt\u00e4kokemuksen j\u00e4lkeen t\u00e4htitoimittaja kutsutaan raportoimaan sy\u00f6p\u00e4\u00e4n kuolevan pohatan hyv\u00e4ntekev\u00e4isyysgaalasta, jonne purjehditaan luksusjahdilla. Matka saa yll\u00e4tt\u00e4v\u00e4n k\u00e4\u00e4nteen, kun&hellip;\n","protected":false},"author":2,"featured_media":117393,"comment_status":"","ping_status":"","sticky":false,"template":"","format":"standard","meta":{"footnotes":""},"categories":[130],"tags":[137,33,31,30,217,32,109],"class_list":{"0":"post-117392","1":"post","2":"type-post","3":"status-publish","4":"format-standard","5":"has-post-thumbnail","7":"category-viihde","8":"tag-entertainment","9":"tag-fi","10":"tag-finland","11":"tag-finnish","12":"tag-netflix","13":"tag-suomi","14":"tag-viihde"},"share_on_mastodon":{"url":"https:\/\/pubeurope.com\/@fi\/115726186457874787","error":""},"_links":{"self":[{"href":"https:\/\/www.europesays.com\/fi\/wp-json\/wp\/v2\/posts\/117392","targetHints":{"allow":["GET"]}}],"collection":[{"href":"https:\/\/www.europesays.com\/fi\/wp-json\/wp\/v2\/posts"}],"about":[{"href":"https:\/\/www.europesays.com\/fi\/wp-json\/wp\/v2\/types\/post"}],"author":[{"embeddable":true,"href":"https:\/\/www.europesays.com\/fi\/wp-json\/wp\/v2\/users\/2"}],"replies":[{"embeddable":true,"href":"https:\/\/www.europesays.com\/fi\/wp-json\/wp\/v2\/comments?post=117392"}],"version-history":[{"count":0,"href":"https:\/\/www.europesays.com\/fi\/wp-json\/wp\/v2\/posts\/117392\/revisions"}],"wp:featuredmedia":[{"embeddable":true,"href":"https:\/\/www.europesays.com\/fi\/wp-json\/wp\/v2\/media\/117393"}],"wp:attachment":[{"href":"https:\/\/www.europesays.com\/fi\/wp-json\/wp\/v2\/media?parent=117392"}],"wp:term":[{"taxonomy":"category","embeddable":true,"href":"https:\/\/www.europesays.com\/fi\/wp-json\/wp\/v2\/categories?post=117392"},{"taxonomy":"post_tag","embeddable":true,"href":"https:\/\/www.europesays.com\/fi\/wp-json\/wp\/v2\/tags?post=117392"}],"curies":[{"name":"wp","href":"https:\/\/api.w.org\/{rel}","templated":true}]}}