{"id":117408,"date":"2025-12-15T23:58:14","date_gmt":"2025-12-15T23:58:14","guid":{"rendered":"https:\/\/www.europesays.com\/fi\/117408\/"},"modified":"2025-12-15T23:58:14","modified_gmt":"2025-12-15T23:58:14","slug":"abcn-kilpailija-avaa-ison-ravintolan-helsinkiin-saanut-murska-arvosteluita-paikalliset","status":"publish","type":"post","link":"https:\/\/www.europesays.com\/fi\/117408\/","title":{"rendered":"ABC:n kilpailija avaa ison ravintolan Helsinkiin \u2013 saanut murska-arvosteluita | Paikalliset"},"content":{"rendered":"<p>Huili-ketju laajenee Helsingiss\u00e4, kun uusi taukopaikka avaa ovensa Nesteen El\u00e4intarhan\u202fliikenneasemalla maanantaina 22. joulukuuta kello 11.<\/p>\n<p>\t\t\t\t\t<img class=\"diks-card__image\" src=\"https:\/\/www.europesays.com\/fi\/wp-content\/uploads\/2025\/12\/11002485.jpg\"   loading=\"lazy\" decoding=\"sync\" alt=\"\"\/><\/p>\n<p>Helsinkiin on avattu aiemmin Huilit <a href=\"https:\/\/www.helsinginuutiset.fi\/paikalliset\/9042295\" rel=\"nofollow noopener\" target=\"_blank\">Malmille<\/a> ja Hermanniin. El\u00e4intarhan Huilissa on laajemmat ravintolapalvelut, kuten aamiais- ja lounasbuffet sek\u00e4 \u00e0 la carte -annoksia.<\/p>\n<p><strong class=\"diks-storyline__impact\">Huili <\/strong>on Restelin uusi konsepti, joka toimii Neste-asemien yhteydess\u00e4. Sit\u00e4 pidet\u00e4\u00e4n etenkin lounasbuffetien osalta ABC-ketjun haastajana.<\/p>\n<p><strong class=\"diks-storyline__impact\">Aiemmin<\/strong> Vantaan Tammistoon avattu Huili-taukopaikka on saanut erityisen huonoja arvosteluja Google-arvosteluissa. Lapinj\u00e4rvell\u00e4 uutta <a href=\"https:\/\/www.is.fi\/taloussanomat\/art-2000011614731.html?gsid=f859785e-18fe-4f5f-a784-300283bbcc0f\" rel=\"nofollow noopener\" target=\"_blank\">ketjua on moitittu kalliiksi.<\/a><\/p>\n<p>Huili-taukopaikkojen<strong class=\"diks-storyline__impact\"> <\/strong>liiketoimintajohtaja <strong>Tarja Kuittinen <\/strong>Restelilt\u00e4 <a href=\"https:\/\/www.helsinginuutiset.fi\/paikalliset\/9042295\" rel=\"nofollow noopener\" target=\"_blank\">kertoi Helsingin Uutisten haastattelussa,<\/a> ett\u00e4 ketju on seurannut palautetta herk\u00e4ll\u00e4 korvalla ja pyrkii reagoimaan mahdollisimman nopeasti.<\/p>\n<p><strong class=\"diks-storyline__impact\">El\u00e4intarhan<\/strong> Huili palvelee maanantaista torstaihin kello 5.30\u201322, perjantaisin kello 5.30\u201300, lauantaisin kello 7\u201300 ja sunnuntaisin klo 8\u201322.<\/p>\n<p>\t\t<a class=\"diks-gallery__link\" href=\"https:\/\/i.media.fi\/incoming\/4lf6gt\/11178167.jpg\/alternates\/FREE_1440\/11178167.jpg\" data-thumbnail=\"\" data-sub-html=\"Huili toimii Helsingiss\u00e4 jo Malmilla. Arkistokuva. Aapo Siippainen\" aria-label=\"Katso isompi kuva\" rel=\"nofollow noopener\" target=\"_blank\"><br \/>\n\t\t\t\t<img class=\"diks-figure__image\" src=\"https:\/\/www.europesays.com\/fi\/wp-content\/uploads\/2025\/12\/1765843094_52_11178167.jpg\" loading=\"lazy\" decoding=\"sync\" alt=\"\"\/><\/p>\n<p>\t\t\t<\/a><br \/>\n\t\t\t\t\tHuili toimii Helsingiss\u00e4 jo Malmilla. Arkistokuva. Aapo Siippainen<\/p>\n","protected":false},"excerpt":{"rendered":"Huili-ketju laajenee Helsingiss\u00e4, kun uusi taukopaikka avaa ovensa Nesteen El\u00e4intarhan\u202fliikenneasemalla maanantaina 22. joulukuuta kello 11. Helsinkiin on avattu&hellip;\n","protected":false},"author":2,"featured_media":117409,"comment_status":"","ping_status":"","sticky":false,"template":"","format":"standard","meta":{"footnotes":""},"categories":[76],"tags":[79,77,33,31,30,104,11323,667,523,2305,900,2331,32,78],"class_list":{"0":"post-117408","1":"post","2":"type-post","3":"status-publish","4":"format-standard","5":"has-post-thumbnail","7":"category-talous","8":"tag-business","9":"tag-economy","10":"tag-fi","11":"tag-finland","12":"tag-finnish","13":"tag-helsinki","14":"tag-lapinjarvi","15":"tag-lappi","16":"tag-loviisan-seutukunta","17":"tag-puheenaiheet","18":"tag-ruoka","19":"tag-ruoka-ja-juoma","20":"tag-suomi","21":"tag-talous"},"share_on_mastodon":{"url":"https:\/\/pubeurope.com\/@fi\/115726300599727760","error":""},"_links":{"self":[{"href":"https:\/\/www.europesays.com\/fi\/wp-json\/wp\/v2\/posts\/117408","targetHints":{"allow":["GET"]}}],"collection":[{"href":"https:\/\/www.europesays.com\/fi\/wp-json\/wp\/v2\/posts"}],"about":[{"href":"https:\/\/www.europesays.com\/fi\/wp-json\/wp\/v2\/types\/post"}],"author":[{"embeddable":true,"href":"https:\/\/www.europesays.com\/fi\/wp-json\/wp\/v2\/users\/2"}],"replies":[{"embeddable":true,"href":"https:\/\/www.europesays.com\/fi\/wp-json\/wp\/v2\/comments?post=117408"}],"version-history":[{"count":0,"href":"https:\/\/www.europesays.com\/fi\/wp-json\/wp\/v2\/posts\/117408\/revisions"}],"wp:featuredmedia":[{"embeddable":true,"href":"https:\/\/www.europesays.com\/fi\/wp-json\/wp\/v2\/media\/117409"}],"wp:attachment":[{"href":"https:\/\/www.europesays.com\/fi\/wp-json\/wp\/v2\/media?parent=117408"}],"wp:term":[{"taxonomy":"category","embeddable":true,"href":"https:\/\/www.europesays.com\/fi\/wp-json\/wp\/v2\/categories?post=117408"},{"taxonomy":"post_tag","embeddable":true,"href":"https:\/\/www.europesays.com\/fi\/wp-json\/wp\/v2\/tags?post=117408"}],"curies":[{"name":"wp","href":"https:\/\/api.w.org\/{rel}","templated":true}]}}