{"id":117410,"date":"2025-12-15T23:59:08","date_gmt":"2025-12-15T23:59:08","guid":{"rendered":"https:\/\/www.europesays.com\/fi\/117410\/"},"modified":"2025-12-15T23:59:08","modified_gmt":"2025-12-15T23:59:08","slug":"trump-puhui-putinin-kanssa","status":"publish","type":"post","link":"https:\/\/www.europesays.com\/fi\/117410\/","title":{"rendered":"Trump puhui Putinin kanssa"},"content":{"rendered":"<p>Yhdysvaltain presidentti Donald Trump on keskustellut Ven\u00e4j\u00e4n presidentti Vladimir Putinin kanssa. <\/p>\n<p><img decoding=\"async\" class=\"image image-show image-preview\" src=\"https:\/\/www.europesays.com\/fi\/wp-content\/uploads\/2025\/12\/2f3565995699668ab600285846e37b449fa12c79880466202c7bfee376fdf804.jpg\" alt=\"\"\/><img decoding=\"async\" class=\"image image-show\" src=\"https:\/\/www.europesays.com\/fi\/wp-content\/uploads\/2025\/12\/1765843148_409_2f3565995699668ab600285846e37b449fa12c79880466202c7bfee376fdf804.jpg\" alt=\"\"\/><\/p>\n<p>Trump kuvailee keskusteluja Ven\u00e4j\u00e4n kanssa \u201dhyviksi\u201d.  EPA \/ AOP, Splash News<\/p>\n<p class=\"paragraph\">Yhdysvaltain presidentti <a href=\"https:\/\/www.iltalehti.fi\/henkilot\/Donald Trump\" class=\"article-link-person-page\" rel=\"nofollow noopener\" target=\"_blank\">Donald Trump<\/a> kertoo puhuneensa suoraan Ven\u00e4j\u00e4n presidentin <a href=\"https:\/\/www.iltalehti.fi\/henkilot\/Vladimir Putin\" class=\"article-link-person-page\" rel=\"nofollow noopener\" target=\"_blank\">Vladimir Putinin<\/a> kanssa. Asiasta raportoi Reuters.<\/p>\n<p class=\"paragraph\">Trump kommentoi laajemmin, ett\u00e4 \u201dYhdysvallat on k\u00e4ynyt Ven\u00e4j\u00e4n kanssa hyvi\u00e4 keskusteluja\u201d.<\/p>\n<p class=\"paragraph\">Trump kertoi asiasta maanantaina j\u00e4rjestetyn merkitt\u00e4v\u00e4n Ukraina-huippukokouksen j\u00e4lkeen.<\/p>\n<p class=\"paragraph\">Trump ei itse osallistunut Berliinin kokoukseen, mutta l\u00e4hetti paikalle erityisl\u00e4hettil\u00e4\u00e4ns\u00e4 <a href=\"https:\/\/www.iltalehti.fi\/henkilot\/Steve Witkoff\" class=\"article-link-person-page\" rel=\"nofollow noopener\" target=\"_blank\">Steve Witkoffin<\/a> ja v\u00e4vypoikansa <a href=\"https:\/\/www.iltalehti.fi\/henkilot\/Jared Kushner\" class=\"article-link-person-page\" rel=\"nofollow noopener\" target=\"_blank\">Jared Kushnerin<\/a>.<\/p>\n<p class=\"paragraph\">Kokoukseen osallistui my\u00f6s Ukrainan presidentti <a href=\"https:\/\/www.iltalehti.fi\/henkilot\/Volodymyr Zelenskyi\" class=\"article-link-person-page\" rel=\"nofollow noopener\" target=\"_blank\">Volodymyr Zelenskyi<\/a> ja useita Euroopan johtajia.<\/p>\n<p class=\"paragraph\">Trump kommentoi my\u00f6s Gazan tilannetta. H\u00e4nen mukaansa kansainv\u00e4liset vakauttamisjoukot (ISF) ovat jo aloittaneet toimintansa.<\/p>\n<p class=\"paragraph\">\u2013 Yh\u00e4 useammat maat ovat liittym\u00e4ss\u00e4 mukaan. Ne tulevat l\u00e4hett\u00e4m\u00e4\u00e4n niin monta sotilasta kuin pyyd\u00e4n l\u00e4hett\u00e4m\u00e4\u00e4n, Trump kertoo.<\/p>\n<p class=\"paragraph\">YK:n turvallisuusneuvosto valtuutti 17. marraskuuta Trumpin rauhanneuvoston ja sen kanssa yhteisty\u00f6t\u00e4 tekev\u00e4t maat perustamaan v\u00e4liaikaisen kansainv\u00e4listen vakausjoukon (ISF) Gazaan.<\/p>\n","protected":false},"excerpt":{"rendered":"Yhdysvaltain presidentti Donald Trump on keskustellut Ven\u00e4j\u00e4n presidentti Vladimir Putinin kanssa. Trump kuvailee keskusteluja Ven\u00e4j\u00e4n kanssa \u201dhyviksi\u201d. EPA&hellip;\n","protected":false},"author":2,"featured_media":117411,"comment_status":"","ping_status":"","sticky":false,"template":"","format":"standard","meta":{"footnotes":""},"categories":[14],"tags":[35,22,23,26,27,33,31,30,17,24,25,28,29,15,18,21,142,639,637,144,32,19,20,56,16,638,59,60,61],"class_list":{"0":"post-117410","1":"post","2":"type-post","3":"status-publish","4":"format-standard","5":"has-post-thumbnail","7":"category-ulkomaat","8":"tag-24h","9":"tag-breaking-news","10":"tag-breakingnews","11":"tag-featured-news","12":"tag-featurednews","13":"tag-fi","14":"tag-finland","15":"tag-finnish","16":"tag-headlines","17":"tag-latest-news","18":"tag-latestnews","19":"tag-main-news","20":"tag-mainnews","21":"tag-news","22":"tag-otsikot","23":"tag-paauutiset","24":"tag-poliitikot","25":"tag-poliittiset-johtajat","26":"tag-politiikka","27":"tag-presidentti","28":"tag-suomi","29":"tag-top-stories","30":"tag-topstories","31":"tag-ulkomaat","32":"tag-uutiset","33":"tag-valtiovalta","34":"tag-world","35":"tag-world-news","36":"tag-worldnews"},"share_on_mastodon":{"url":"https:\/\/pubeurope.com\/@fi\/115726304108753587","error":""},"_links":{"self":[{"href":"https:\/\/www.europesays.com\/fi\/wp-json\/wp\/v2\/posts\/117410","targetHints":{"allow":["GET"]}}],"collection":[{"href":"https:\/\/www.europesays.com\/fi\/wp-json\/wp\/v2\/posts"}],"about":[{"href":"https:\/\/www.europesays.com\/fi\/wp-json\/wp\/v2\/types\/post"}],"author":[{"embeddable":true,"href":"https:\/\/www.europesays.com\/fi\/wp-json\/wp\/v2\/users\/2"}],"replies":[{"embeddable":true,"href":"https:\/\/www.europesays.com\/fi\/wp-json\/wp\/v2\/comments?post=117410"}],"version-history":[{"count":0,"href":"https:\/\/www.europesays.com\/fi\/wp-json\/wp\/v2\/posts\/117410\/revisions"}],"wp:featuredmedia":[{"embeddable":true,"href":"https:\/\/www.europesays.com\/fi\/wp-json\/wp\/v2\/media\/117411"}],"wp:attachment":[{"href":"https:\/\/www.europesays.com\/fi\/wp-json\/wp\/v2\/media?parent=117410"}],"wp:term":[{"taxonomy":"category","embeddable":true,"href":"https:\/\/www.europesays.com\/fi\/wp-json\/wp\/v2\/categories?post=117410"},{"taxonomy":"post_tag","embeddable":true,"href":"https:\/\/www.europesays.com\/fi\/wp-json\/wp\/v2\/tags?post=117410"}],"curies":[{"name":"wp","href":"https:\/\/api.w.org\/{rel}","templated":true}]}}