{"id":117414,"date":"2025-12-16T00:01:07","date_gmt":"2025-12-16T00:01:07","guid":{"rendered":"https:\/\/www.europesays.com\/fi\/117414\/"},"modified":"2025-12-16T00:01:07","modified_gmt":"2025-12-16T00:01:07","slug":"is-opettaja-menehtyi-helsingissa-ala-asteen-pihalle-paikalliset","status":"publish","type":"post","link":"https:\/\/www.europesays.com\/fi\/117414\/","title":{"rendered":"IS: Opettaja menehtyi Helsingiss\u00e4 ala-asteen pihalle | Paikalliset"},"content":{"rendered":"<p>Opettaja menehtyi Palohein\u00e4n ala-asteen koulun pihalla maanantaiaamuna ennen koulun alkua, <a href=\"https:\/\/www.is.fi\/kotimaa\/art-2000011693769.html\" rel=\"nofollow noopener\" target=\"_blank\">kertoo Ilta-Sanomat.<\/a> Tiedon vahvisti lehdelle koulun rehtori <strong>Satu Arokari<\/strong>.<\/p>\n<p>Rehtorin mukaan oppilaat ohjattiin sis\u00e4\u00e4n eri puolelta rakennusta kunnes tilanne oli ohi ja pelastuslaitos oli poistunut koululta.<\/p>\n<p>Uutisen mukaan koululla annettiin sek\u00e4 oppilaille ett\u00e4 henkil\u00f6st\u00f6lle kriisi- ja keskusteluapua. Koulup\u00e4iv\u00e4 p\u00e4\u00e4ttyi aiemmin, mutta tiistaina kouluty\u00f6 jatkuu normaalisti.<\/p>\n","protected":false},"excerpt":{"rendered":"Opettaja menehtyi Palohein\u00e4n ala-asteen koulun pihalla maanantaiaamuna ennen koulun alkua, kertoo Ilta-Sanomat. Tiedon vahvisti lehdelle koulun rehtori Satu&hellip;\n","protected":false},"author":2,"featured_media":117415,"comment_status":"","ping_status":"","sticky":false,"template":"","format":"standard","meta":{"footnotes":""},"categories":[5],"tags":[22,23,26,27,33,31,30,17,104,615,96,757,683,24,25,28,29,15,18,21,122,54,32,19,20,16],"class_list":{"0":"post-117414","1":"post","2":"type-post","3":"status-publish","4":"format-standard","5":"has-post-thumbnail","7":"category-otsikot","8":"tag-breaking-news","9":"tag-breakingnews","10":"tag-featured-news","11":"tag-featurednews","12":"tag-fi","13":"tag-finland","14":"tag-finnish","15":"tag-headlines","16":"tag-helsinki","17":"tag-koulut","18":"tag-koulutus","19":"tag-koulutus-ja-kasvatus","20":"tag-kuolema","21":"tag-latest-news","22":"tag-latestnews","23":"tag-main-news","24":"tag-mainnews","25":"tag-news","26":"tag-otsikot","27":"tag-paauutiset","28":"tag-pelastaminen","29":"tag-pelastuspalvelut","30":"tag-suomi","31":"tag-top-stories","32":"tag-topstories","33":"tag-uutiset"},"share_on_mastodon":{"url":"https:\/\/pubeurope.com\/@fi\/115726311909822262","error":""},"_links":{"self":[{"href":"https:\/\/www.europesays.com\/fi\/wp-json\/wp\/v2\/posts\/117414","targetHints":{"allow":["GET"]}}],"collection":[{"href":"https:\/\/www.europesays.com\/fi\/wp-json\/wp\/v2\/posts"}],"about":[{"href":"https:\/\/www.europesays.com\/fi\/wp-json\/wp\/v2\/types\/post"}],"author":[{"embeddable":true,"href":"https:\/\/www.europesays.com\/fi\/wp-json\/wp\/v2\/users\/2"}],"replies":[{"embeddable":true,"href":"https:\/\/www.europesays.com\/fi\/wp-json\/wp\/v2\/comments?post=117414"}],"version-history":[{"count":0,"href":"https:\/\/www.europesays.com\/fi\/wp-json\/wp\/v2\/posts\/117414\/revisions"}],"wp:featuredmedia":[{"embeddable":true,"href":"https:\/\/www.europesays.com\/fi\/wp-json\/wp\/v2\/media\/117415"}],"wp:attachment":[{"href":"https:\/\/www.europesays.com\/fi\/wp-json\/wp\/v2\/media?parent=117414"}],"wp:term":[{"taxonomy":"category","embeddable":true,"href":"https:\/\/www.europesays.com\/fi\/wp-json\/wp\/v2\/categories?post=117414"},{"taxonomy":"post_tag","embeddable":true,"href":"https:\/\/www.europesays.com\/fi\/wp-json\/wp\/v2\/tags?post=117414"}],"curies":[{"name":"wp","href":"https:\/\/api.w.org\/{rel}","templated":true}]}}