{"id":117416,"date":"2025-12-16T00:13:11","date_gmt":"2025-12-16T00:13:11","guid":{"rendered":"https:\/\/www.europesays.com\/fi\/117416\/"},"modified":"2025-12-16T00:13:11","modified_gmt":"2025-12-16T00:13:11","slug":"riitta-liisa-lassila-47-hurjassa-tikissa-somekuva-todistaa","status":"publish","type":"post","link":"https:\/\/www.europesays.com\/fi\/117416\/","title":{"rendered":"Riitta-Liisa Lassila, 47, hurjassa tikiss\u00e4 \u2013 Somekuva todistaa"},"content":{"rendered":"<p>Lassila nostaa penkist\u00e4 isoja rautoja.<\/p>\n<p><img decoding=\"async\" class=\"image image-show image-preview\" src=\"https:\/\/www.europesays.com\/fi\/wp-content\/uploads\/2025\/12\/31119e966ee839932aa84ad44e1f578a84b0c2cb0a942a64ce8f94d151f86d35.jpg\" alt=\"\"\/><img decoding=\"async\" class=\"image image-show\" src=\"https:\/\/www.europesays.com\/fi\/wp-content\/uploads\/2025\/12\/1765843989_512_31119e966ee839932aa84ad44e1f578a84b0c2cb0a942a64ce8f94d151f86d35.jpg\" alt=\"\"\/><\/p>\n<p>Riitta-Liisa Lassila pit\u00e4\u00e4 kunnostaan huolta. atte kajova \/ aop<\/p>\n<p class=\"paragraph\"><a href=\"https:\/\/www.iltalehti.fi\/henkilot\/Riitta-Liisa Lassila\" class=\"article-link-person-page\" rel=\"nofollow noopener\" target=\"_blank\">Riitta-Liisa Lassila<\/a>, 47, takoo kovaa tulosta kuntosalilla.<\/p>\n<p class=\"paragraph\">Ex-hiiht\u00e4j\u00e4 julkaisi <a href=\"https:\/\/www.instagram.com\/stories\/rlroponen\/3788022782131811069\/\" target=\"_blank\" rel=\"noopener nofollow\">Instagram-tarinoissaan<\/a> kuvan penkkipunnerrusharjoituksistaan, ja n\u00e4ky on melkoinen.<\/p>\n<p class=\"paragraph\">Tangossa on rautaa per\u00e4ti 65 kiloa. Kyseess\u00e4 on erinomainen m\u00e4\u00e4r\u00e4 naiselle.<\/p>\n<p class=\"paragraph\">\u2013 Olen pystynyt nostamaan painoja penkkiin aivan mukavasti, Lassila hehkuttaa.<\/p>\n<p class=\"paragraph\">Samassa treeniss\u00e4 Lassila pumppasi my\u00f6s selk\u00e4lihaksiaan yl\u00e4taljassa.<\/p>\n<p class=\"paragraph\">Hiihdon kolminkertainen maailmanmestari on treenannut uransa j\u00e4lkeen monipuolisesti. Kuntosaliharjoittelun lis\u00e4ksi h\u00e4n juoksi t\u00e4n\u00e4 syksyn\u00e4 puolimaratonin aikaan 1.21,44.<\/p>\n<p class=\"paragraph\">Kittil\u00e4\u00e4n muuttanut Lassila nauttii my\u00f6s tunturien laella vaeltamisesta. H\u00e4n kutsuu liikuntamuotoa Instagram-tilill\u00e4\u00e4n \u201dtunturiterapiaksi\u201d.<\/p>\n<p><a href=\"https:\/\/www.iltalehti.fi\/telkku\/?utm_source=iltalehti.fi&amp;utm_medium=almainternal&amp;utm_campaign=urheilu_artikkelibanneri&amp;utm_content=banner_612_a\" rel=\"nofollow noopener\" target=\"_blank\"><img decoding=\"async\" src=\"https:\/\/www.europesays.com\/fi\/wp-content\/uploads\/2025\/08\/7ef604e47d46ca174b7df4149bd3557dbde56a86d520f8e1b2125548b0a2e03a.png\" alt=\"TV-ohjelmat t\u00e4n\u00e4\u00e4n, TV-opas\"\/><\/a><script async src=\"\/\/www.instagram.com\/embed.js\"><\/script><\/p>\n","protected":false},"excerpt":{"rendered":"Lassila nostaa penkist\u00e4 isoja rautoja. Riitta-Liisa Lassila pit\u00e4\u00e4 kunnostaan huolta. atte kajova \/ aop Riitta-Liisa Lassila, 47, takoo&hellip;\n","protected":false},"author":2,"featured_media":117417,"comment_status":"","ping_status":"","sticky":false,"template":"","format":"standard","meta":{"footnotes":""},"categories":[136],"tags":[35,407,137,33,31,30,2096,408,2111,41,3318,2232,32,109],"class_list":{"0":"post-117416","1":"post","2":"type-post","3":"status-publish","4":"format-standard","5":"has-post-thumbnail","7":"category-julkkikset","8":"tag-24h","9":"tag-celebrities","10":"tag-entertainment","11":"tag-fi","12":"tag-finland","13":"tag-finnish","14":"tag-hiihtolajit","15":"tag-julkkikset","16":"tag-kuntourheilu","17":"tag-liikunta-ja-urheilu","18":"tag-maastohiihto","19":"tag-ruumiillinen-kunto","20":"tag-suomi","21":"tag-viihde"},"share_on_mastodon":{"url":"https:\/\/pubeurope.com\/@fi\/115726359446768524","error":""},"_links":{"self":[{"href":"https:\/\/www.europesays.com\/fi\/wp-json\/wp\/v2\/posts\/117416","targetHints":{"allow":["GET"]}}],"collection":[{"href":"https:\/\/www.europesays.com\/fi\/wp-json\/wp\/v2\/posts"}],"about":[{"href":"https:\/\/www.europesays.com\/fi\/wp-json\/wp\/v2\/types\/post"}],"author":[{"embeddable":true,"href":"https:\/\/www.europesays.com\/fi\/wp-json\/wp\/v2\/users\/2"}],"replies":[{"embeddable":true,"href":"https:\/\/www.europesays.com\/fi\/wp-json\/wp\/v2\/comments?post=117416"}],"version-history":[{"count":0,"href":"https:\/\/www.europesays.com\/fi\/wp-json\/wp\/v2\/posts\/117416\/revisions"}],"wp:featuredmedia":[{"embeddable":true,"href":"https:\/\/www.europesays.com\/fi\/wp-json\/wp\/v2\/media\/117417"}],"wp:attachment":[{"href":"https:\/\/www.europesays.com\/fi\/wp-json\/wp\/v2\/media?parent=117416"}],"wp:term":[{"taxonomy":"category","embeddable":true,"href":"https:\/\/www.europesays.com\/fi\/wp-json\/wp\/v2\/categories?post=117416"},{"taxonomy":"post_tag","embeddable":true,"href":"https:\/\/www.europesays.com\/fi\/wp-json\/wp\/v2\/tags?post=117416"}],"curies":[{"name":"wp","href":"https:\/\/api.w.org\/{rel}","templated":true}]}}