{"id":117424,"date":"2025-12-16T00:25:11","date_gmt":"2025-12-16T00:25:11","guid":{"rendered":"https:\/\/www.europesays.com\/fi\/117424\/"},"modified":"2025-12-16T00:25:11","modified_gmt":"2025-12-16T00:25:11","slug":"viinakaupassa-mekastanut-pesukarhu-paljastui-sarjamurtautujaksi-uutissuomalainen","status":"publish","type":"post","link":"https:\/\/www.europesays.com\/fi\/117424\/","title":{"rendered":"Viinakaupassa mekastanut pesukarhu paljastui sarjamurtautujaksi | Uutissuomalainen"},"content":{"rendered":"<p>Yhdysvaltain Virginiassa viinakauppaan marraskuun lopulla murtautuneen pesukarhun historiasta on paljastunut lis\u00e4\u00e4 kolttosia, <a href=\"https:\/\/news.sky.com\/story\/drunk-raccoon-behind-liquor-store-rampage-suspected-of-other-break-ins-13482797\" rel=\"nofollow noopener\" target=\"_blank\">Sky News<\/a> kertoo.<\/p>\n<p>Ashlandin kaupungissa vaikuttava karvainen kelmi nousi laajaan julkisuuteen, kun viinakaupan ty\u00f6ntekij\u00e4 l\u00f6ysi alahyllyn viskituotteisiin sotkuisasti tutustuneen el\u00e4imen nukahtaneena kaupan vessasta.<\/p>\n<p>Vahingoittumattomana luontoon vapautettu pesukarhu on murtautunut samassa kiinteist\u00f6iss\u00e4 sijaitseviin muihin tiloihin, paikallinen el\u00e4insuojeluviranomainen <strong>Samantha Martin<\/strong> sanoo paikallisessa podcastissa Sky Newsin mukaan.<\/p>\n<p>Kyseess\u00e4 on ainakin kolmas samaisen urospesukarhun tekem\u00e4 murto. Martinin mukaan se tunkeutunut aiemmin kiinteist\u00f6ss\u00e4 toimivaan karatesaliin ja ajoneuvohallintakeskuksen toimistoon. Molemmista pesukarhun kerrotaan k\u00e4hvelt\u00e4neen herkkuja ja v\u00e4lipaloja.<\/p>\n<p>Martinin sanoin fiksu otus poistettiin molemmilla kerroilla tiloista. Pesukarhua ei ole h\u00e4\u00e4detty muualle kotikulmiltaan, koska t\u00e4m\u00e4 voisi koitua el\u00e4imen kohtaloksi.<\/p>\n<p>\u2013 Jotenkin se tiet\u00e4\u00e4, miten p\u00e4\u00e4st\u00e4 takaisin t\u00e4h\u00e4n rakennukseen, Martin toteaa.<\/p>\n<p>\t\t<a class=\"diks-gallery__link\" href=\"https:\/\/www.uutissuomalainen.fi\/incoming\/rhk7lp\/7.24752635.jpg\/alternates\/FREE_1440\/7.24752635.jpg\" data-thumbnail=\"\" data-sub-html=\"Murtautujan j\u00e4lki\u00e4. AOP\" aria-label=\"Katso isompi kuva\" rel=\"nofollow noopener\" target=\"_blank\"><br \/>\n\t\t\t\t<img class=\"diks-figure__image\" src=\"https:\/\/www.europesays.com\/fi\/wp-content\/uploads\/2025\/12\/7.24752635.jpg\" loading=\"lazy\" decoding=\"sync\" alt=\"\"\/><\/p>\n<p>\t\t\t<\/a><br \/>\n\t\t\t\t\tMurtautujan j\u00e4lki\u00e4. AOP<\/p>\n<p>\t\t\t\t\t<img class=\"diks-card__image\" src=\"https:\/\/www.europesays.com\/fi\/wp-content\/uploads\/2025\/12\/1765844711_46_594044233_1155996210014470_2778485970711224689_n.jpg\"   loading=\"lazy\" decoding=\"sync\" alt=\"\"\/><\/p>\n","protected":false},"excerpt":{"rendered":"Yhdysvaltain Virginiassa viinakauppaan marraskuun lopulla murtautuneen pesukarhun historiasta on paljastunut lis\u00e4\u00e4 kolttosia, Sky News kertoo. Ashlandin kaupungissa vaikuttava&hellip;\n","protected":false},"author":2,"featured_media":117425,"comment_status":"","ping_status":"","sticky":false,"template":"","format":"standard","meta":{"footnotes":""},"categories":[14],"tags":[22,23,404,26,27,33,31,30,17,24,25,28,29,15,18,21,694,2923,402,900,2331,32,19,20,140,56,16,59,60,61],"class_list":{"0":"post-117424","1":"post","2":"type-post","3":"status-publish","4":"format-standard","5":"has-post-thumbnail","7":"category-ulkomaat","8":"tag-breaking-news","9":"tag-breakingnews","10":"tag-elaimet","11":"tag-featured-news","12":"tag-featurednews","13":"tag-fi","14":"tag-finland","15":"tag-finnish","16":"tag-headlines","17":"tag-latest-news","18":"tag-latestnews","19":"tag-main-news","20":"tag-mainnews","21":"tag-news","22":"tag-otsikot","23":"tag-paauutiset","24":"tag-paihteet","25":"tag-podcast","26":"tag-rakentaminen-kiinteistot","27":"tag-ruoka","28":"tag-ruoka-ja-juoma","29":"tag-suomi","30":"tag-top-stories","31":"tag-topstories","32":"tag-tv-ja-elokuvat","33":"tag-ulkomaat","34":"tag-uutiset","35":"tag-world","36":"tag-world-news","37":"tag-worldnews"},"share_on_mastodon":{"url":"https:\/\/pubeurope.com\/@fi\/115726406660965641","error":""},"_links":{"self":[{"href":"https:\/\/www.europesays.com\/fi\/wp-json\/wp\/v2\/posts\/117424","targetHints":{"allow":["GET"]}}],"collection":[{"href":"https:\/\/www.europesays.com\/fi\/wp-json\/wp\/v2\/posts"}],"about":[{"href":"https:\/\/www.europesays.com\/fi\/wp-json\/wp\/v2\/types\/post"}],"author":[{"embeddable":true,"href":"https:\/\/www.europesays.com\/fi\/wp-json\/wp\/v2\/users\/2"}],"replies":[{"embeddable":true,"href":"https:\/\/www.europesays.com\/fi\/wp-json\/wp\/v2\/comments?post=117424"}],"version-history":[{"count":0,"href":"https:\/\/www.europesays.com\/fi\/wp-json\/wp\/v2\/posts\/117424\/revisions"}],"wp:featuredmedia":[{"embeddable":true,"href":"https:\/\/www.europesays.com\/fi\/wp-json\/wp\/v2\/media\/117425"}],"wp:attachment":[{"href":"https:\/\/www.europesays.com\/fi\/wp-json\/wp\/v2\/media?parent=117424"}],"wp:term":[{"taxonomy":"category","embeddable":true,"href":"https:\/\/www.europesays.com\/fi\/wp-json\/wp\/v2\/categories?post=117424"},{"taxonomy":"post_tag","embeddable":true,"href":"https:\/\/www.europesays.com\/fi\/wp-json\/wp\/v2\/tags?post=117424"}],"curies":[{"name":"wp","href":"https:\/\/api.w.org\/{rel}","templated":true}]}}