{"id":117444,"date":"2025-12-16T01:05:14","date_gmt":"2025-12-16T01:05:14","guid":{"rendered":"https:\/\/www.europesays.com\/fi\/117444\/"},"modified":"2025-12-16T01:05:14","modified_gmt":"2025-12-16T01:05:14","slug":"gustafsson-kertoo-kamalasta-tilanteesta","status":"publish","type":"post","link":"https:\/\/www.europesays.com\/fi\/117444\/","title":{"rendered":"Gustafsson kertoo kamalasta tilanteesta"},"content":{"rendered":"<p>Usein m\u00f6kill\u00e4ns\u00e4 piipahtava <strong>Elina Gustafsson<\/strong> kertoo karmeasta kokemuksestaan. Se tapahtui m\u00f6kkitiell\u00e4, jossa olisi voinut k\u00e4yd\u00e4 huonosti. H\u00e4n alustaa aihetta sometarinoissaan kertomalla, kuinka m\u00f6kin l\u00e4helt\u00e4 on kaadettu paljon mets\u00e4\u00e4 ja siksi m\u00f6kkitiell\u00e4 kulkee paljon rekkoja puulastit kyydiss\u00e4.<\/p>\n<p>Lue my\u00f6s: <a href=\"https:\/\/www.como.fi\/uutiset\/elina-gustafsson-jysaytti-infon-elama-menee-uusiksi\/\" title=\"Elina Gustafsson jys\u00e4ytti infon: El\u00e4m\u00e4 menee uusiksi!\" class=\"underline-custom !font-montserrat !font-bold !underline-offset-4 !decoration-4 !decoration-red-600 !text-md\" rel=\"nofollow noopener\" target=\"_blank\">Elina Gustafsson jys\u00e4ytti infon: El\u00e4m\u00e4 menee uusiksi!<\/a><\/p>\n<p>\u2013 Huhuh nyt v\u00e4h\u00e4 puhalluttaa, meinasin vet\u00e4\u00e4 rekkaa p\u00e4in m\u00f6kkitiell\u00e4, kertoo Elina kamalasta tilanteesta.<\/p>\n<p>Elina kirjoittaa tilanteesta viel\u00e4 tarkemman selityksen.<\/p>\n<p>\u2013 N\u00e4en rekan kurvin takaa, joka laskeutuu rinnett\u00e4 alas. Molemmilla varmaan vauhtia 40 km\/h ja jarrut pohjaan ja aloin miettii et oonko kohta rekan nokassa, vai ojassa ku auto liukuu lumen p\u00e4\u00e4ll\u00e4, kirjoittaa Elina.<\/p>\n<p>Onneksi mit\u00e4\u00e4n ei sattunut<\/p>\n<p>Tilanne oli edennyt onneksi niin, ettei mit\u00e4\u00e4n sattunut.<\/p>\n<p>\u2013 Sit n\u00e4in et rekka sai ohjattua toiseen reunaan ni aloin my\u00f6s ohjaan toiseen ja kelasin tuleeko se per\u00e4 sitten mua p\u00e4in. Sit auto pys\u00e4htyi rekan kylkeen, niin et siin oli 10 cm v\u00e4li\u00e4. Avasin ikkunan rekkakuskin kaa ja huusin hyv\u00e4 me!<\/p>\n<p>Lue my\u00f6s: <a href=\"https:\/\/www.como.fi\/uutiset\/elina-gustafsson-onnettomuudessa-kelasin-elamani-lapi-ja-etta-kuolen-onnellisena\/\" title=\"Elina Gustafsson onnettomuudessa: \u201dKelasin el\u00e4m\u00e4ni l\u00e4pi, ja ett\u00e4 kuolen onnellisena\u201d\" class=\"underline-custom !font-montserrat !font-bold !underline-offset-4 !decoration-4 !decoration-red-600 !text-md\" rel=\"nofollow noopener\" target=\"_blank\">Elina Gustafsson onnettomuudessa: \u201dKelasin el\u00e4m\u00e4ni l\u00e4pi, ja ett\u00e4 kuolen onnellisena\u201d<\/a><\/p>\n<p>Gustafsson kertoo kaiken t\u00e4m\u00e4n tapahtuneen viidess\u00e4 sekunnissa.<\/p>\n<p>Lue my\u00f6s: <a href=\"https:\/\/www.como.fi\/tilaa-comon-uutiskirje\/\" title=\"Tilaa Comon uutiskirje ja tied\u00e4t mist\u00e4 kahvitauolla puhutaan! Nappaa kotimaan tv-vinkit ja puheenaiheet suoraan s\u00e4hk\u00f6postiin t\u00e4st\u00e4.\" class=\"underline-custom !font-montserrat !font-bold !underline-offset-4 !decoration-4 !decoration-red-600 !text-md\" rel=\"nofollow noopener\" target=\"_blank\">Tilaa Comon uutiskirje ja tied\u00e4t mist\u00e4 kahvitauolla puhutaan! Nappaa kotimaan tv-vinkit ja puheenaiheet suoraan s\u00e4hk\u00f6postiin t\u00e4st\u00e4.<\/a><\/p>\n","protected":false},"excerpt":{"rendered":"Usein m\u00f6kill\u00e4ns\u00e4 piipahtava Elina Gustafsson kertoo karmeasta kokemuksestaan. Se tapahtui m\u00f6kkitiell\u00e4, jossa olisi voinut k\u00e4yd\u00e4 huonosti. H\u00e4n alustaa&hellip;\n","protected":false},"author":2,"featured_media":61714,"comment_status":"","ping_status":"","sticky":false,"template":"","format":"standard","meta":{"footnotes":""},"categories":[136],"tags":[407,1874,137,33,31,30,408,32,109],"class_list":{"0":"post-117444","1":"post","2":"type-post","3":"status-publish","4":"format-standard","5":"has-post-thumbnail","7":"category-julkkikset","8":"tag-celebrities","9":"tag-elina-gustafsson","10":"tag-entertainment","11":"tag-fi","12":"tag-finland","13":"tag-finnish","14":"tag-julkkikset","15":"tag-suomi","16":"tag-viihde"},"share_on_mastodon":{"url":"https:\/\/pubeurope.com\/@fi\/115726563612967902","error":""},"_links":{"self":[{"href":"https:\/\/www.europesays.com\/fi\/wp-json\/wp\/v2\/posts\/117444","targetHints":{"allow":["GET"]}}],"collection":[{"href":"https:\/\/www.europesays.com\/fi\/wp-json\/wp\/v2\/posts"}],"about":[{"href":"https:\/\/www.europesays.com\/fi\/wp-json\/wp\/v2\/types\/post"}],"author":[{"embeddable":true,"href":"https:\/\/www.europesays.com\/fi\/wp-json\/wp\/v2\/users\/2"}],"replies":[{"embeddable":true,"href":"https:\/\/www.europesays.com\/fi\/wp-json\/wp\/v2\/comments?post=117444"}],"version-history":[{"count":0,"href":"https:\/\/www.europesays.com\/fi\/wp-json\/wp\/v2\/posts\/117444\/revisions"}],"wp:featuredmedia":[{"embeddable":true,"href":"https:\/\/www.europesays.com\/fi\/wp-json\/wp\/v2\/media\/61714"}],"wp:attachment":[{"href":"https:\/\/www.europesays.com\/fi\/wp-json\/wp\/v2\/media?parent=117444"}],"wp:term":[{"taxonomy":"category","embeddable":true,"href":"https:\/\/www.europesays.com\/fi\/wp-json\/wp\/v2\/categories?post=117444"},{"taxonomy":"post_tag","embeddable":true,"href":"https:\/\/www.europesays.com\/fi\/wp-json\/wp\/v2\/tags?post=117444"}],"curies":[{"name":"wp","href":"https:\/\/api.w.org\/{rel}","templated":true}]}}