{"id":117445,"date":"2025-12-16T01:12:09","date_gmt":"2025-12-16T01:12:09","guid":{"rendered":"https:\/\/www.europesays.com\/fi\/117445\/"},"modified":"2025-12-16T01:12:09","modified_gmt":"2025-12-16T01:12:09","slug":"nhln-nuoresta-supertahdesta-karu-tieto-miten-kay-olympialaisten-iltalehti","status":"publish","type":"post","link":"https:\/\/www.europesays.com\/fi\/117445\/","title":{"rendered":"NHL:n nuoresta supert\u00e4hdest\u00e4 karu tieto \u2013 Miten k\u00e4y olympialaisten? &#8211; Iltalehti"},"content":{"rendered":"<ol>\n<li><a href=\"https:\/\/news.google.com\/rss\/articles\/CBMidkFVX3lxTE8xbU54UUVYLW9QYmNTNWxiNVdYcDJSbXFHSDF6M1R6MEU1WE5uWTlQY0RzNFVIbVFVQVAtR2NFdGpUcFd3dlZ3ZWI1VGhLUWxrdm9WREotR242dEFmVnNIX21qTVRKeHQ2TnF3blhnSmVMSUxheVE?oc=5\" target=\"_blank\" rel=\"nofollow noopener\">NHL:n nuoresta supert\u00e4hdest\u00e4 karu tieto \u2013 Miten k\u00e4y olympialaisten?<\/a>&nbsp;&nbsp;Iltalehti<\/li>\n<li><a href=\"https:\/\/news.google.com\/rss\/articles\/CBMiV0FVX3lxTE4yZGJJNWx3cXB2bnhQRXoxcEgwTS1DeHk4Q1hjMFFoMFVjYnRvY0VDUE5zYkVuM09rYnhHdUtxSlBtV3BaWG5kVGk3Tm5EY2ctN3piTU03WQ?oc=5\" target=\"_blank\" rel=\"nofollow noopener\">NHL:n supert\u00e4hti loukkaantui pahann\u00e4k\u00f6isesti \u2013 nyt tuli uusi tieto<\/a>&nbsp;&nbsp;Ilta-Sanomat<\/li>\n<li><a href=\"https:\/\/news.google.com\/rss\/articles\/CBMifkFVX3lxTE1yZGQ4RHJUTFdZMFY1ZTkzYmFndTZtQ2lReFNmZEhudDhJMm9wejFpS1R2RkJjVklKWDFTbXBvU09Md0hiSFkyQ09GS0t2UTFkRE5qNERTejZEOERYR09xclZQMWUtdnNrTk5lUFplSFg2Q2p0RHJwV0ZIbjR4dw?oc=5\" target=\"_blank\" rel=\"nofollow noopener\">Blackhawks asetti Bedardin loukkaantuneiden listalle<\/a>&nbsp;&nbsp;NHL.com<\/li>\n<li><a href=\"https:\/\/news.google.com\/rss\/articles\/CBMidkFVX3lxTE5aNGt5MXE5M3RPd0tfWkRhWDRaU09uMElnMWNLMlR1QmcybGdJVnpycjVYNkRhSEw3VFE5SWlTaXV5eFY1bUo5OVpBZXN1QWtGZmw4Q2tldnVCbkpPa20wN1dwMlNJakdtOW1EaTRtSEhUaWs3TWc?oc=5\" target=\"_blank\" rel=\"nofollow noopener\">Supert\u00e4hti loukkaantui viimeisell\u00e4 sekunnilla \u2013 Karjui tuskasta<\/a>&nbsp;&nbsp;Iltalehti<\/li>\n<li><a href=\"https:\/\/news.google.com\/rss\/articles\/CBMiqgFBVV95cUxPaGVSOXkyRUgxUEFHY2Z0WWRvTkcweEtZQzZmaHBzME9XenQ3NUZsazdWdlZidkN1VGtDZkRNYjN4TVh1V3dVRGV2SEowd3d0SFA1ai11LUllZE9CNTQyMHotSm9LZDFjV1lWa1R2TkpDeVBBQ3BVZENXT0w3ZVoyRFE2MV9maFRkTnZHa1dOZUFnaHplUWk1ZlRzVUthdDdjV3lMbzMtaGJFdw?oc=5\" target=\"_blank\" rel=\"nofollow noopener\">Ei voi olla totta \u2013 superkautta pelaava NHL-lupaus poistui nopeasti kaukalosta<\/a>&nbsp;&nbsp;KiekkoUutiset.fi<\/li>\n<\/ol>\n","protected":false},"excerpt":{"rendered":"NHL:n nuoresta supert\u00e4hdest\u00e4 karu tieto \u2013 Miten k\u00e4y olympialaisten?&nbsp;&nbsp;Iltalehti NHL:n supert\u00e4hti loukkaantui pahann\u00e4k\u00f6isesti \u2013 nyt tuli uusi tieto&nbsp;&nbsp;Ilta-Sanomat&hellip;\n","protected":false},"author":2,"featured_media":117446,"comment_status":"","ping_status":"","sticky":false,"template":"","format":"standard","meta":{"footnotes":""},"categories":[158],"tags":[35,1144,1274,33,31,30,1143,41,159,32,1145,160],"class_list":{"0":"post-117445","1":"post","2":"type-post","3":"status-publish","4":"format-standard","5":"has-post-thumbnail","7":"category-urheilu","8":"tag-24h","9":"tag-ammattilaisjaakiekko","10":"tag-ammattiurheilu","11":"tag-fi","12":"tag-finland","13":"tag-finnish","14":"tag-jaakiekko","15":"tag-liikunta-ja-urheilu","16":"tag-sports","17":"tag-suomi","18":"tag-talviurheilu","19":"tag-urheilu"},"share_on_mastodon":{"url":"https:\/\/pubeurope.com\/@fi\/115726591189663427","error":""},"_links":{"self":[{"href":"https:\/\/www.europesays.com\/fi\/wp-json\/wp\/v2\/posts\/117445","targetHints":{"allow":["GET"]}}],"collection":[{"href":"https:\/\/www.europesays.com\/fi\/wp-json\/wp\/v2\/posts"}],"about":[{"href":"https:\/\/www.europesays.com\/fi\/wp-json\/wp\/v2\/types\/post"}],"author":[{"embeddable":true,"href":"https:\/\/www.europesays.com\/fi\/wp-json\/wp\/v2\/users\/2"}],"replies":[{"embeddable":true,"href":"https:\/\/www.europesays.com\/fi\/wp-json\/wp\/v2\/comments?post=117445"}],"version-history":[{"count":0,"href":"https:\/\/www.europesays.com\/fi\/wp-json\/wp\/v2\/posts\/117445\/revisions"}],"wp:featuredmedia":[{"embeddable":true,"href":"https:\/\/www.europesays.com\/fi\/wp-json\/wp\/v2\/media\/117446"}],"wp:attachment":[{"href":"https:\/\/www.europesays.com\/fi\/wp-json\/wp\/v2\/media?parent=117445"}],"wp:term":[{"taxonomy":"category","embeddable":true,"href":"https:\/\/www.europesays.com\/fi\/wp-json\/wp\/v2\/categories?post=117445"},{"taxonomy":"post_tag","embeddable":true,"href":"https:\/\/www.europesays.com\/fi\/wp-json\/wp\/v2\/tags?post=117445"}],"curies":[{"name":"wp","href":"https:\/\/api.w.org\/{rel}","templated":true}]}}