{"id":117448,"date":"2025-12-16T01:16:12","date_gmt":"2025-12-16T01:16:12","guid":{"rendered":"https:\/\/www.europesays.com\/fi\/117448\/"},"modified":"2025-12-16T01:16:12","modified_gmt":"2025-12-16T01:16:12","slug":"murtovarkaat-tunkeutuivat-autoliikkeeseen-elokuvatyyliin-satakunnan-kansa","status":"publish","type":"post","link":"https:\/\/www.europesays.com\/fi\/117448\/","title":{"rendered":"Murtovarkaat tunkeutuivat autoliikkeeseen elokuvatyyliin &#8211; Satakunnan Kansa"},"content":{"rendered":"<p>Varkaat j\u00e4iv\u00e4t my\u00f6s kiinni hyvin erikoisella tavalla.<\/p>\n<p>15.12. 16:10<\/p>\n<p class=\"article-body mb-nof-24 px-nof-16\">Rauma<\/p>\n<p class=\"article-body mb-nof-24 px-nof-16\">Perjantain ja lauantain v\u00e4lisen\u00e4 y\u00f6n\u00e4 murtauduttiin Rauman Lapissa sijaitsevaan autoliikkeeseen tavalla, joka voisi olla suoraan toimintaelokuvasta.<\/p>\n<p class=\"article-body mb-nof-24 px-nof-16\">Markkinointi Mika Lehtisen autoliikkeest\u00e4 varastettiin Audin A6 -mallinen henkil\u00f6auto, jonka l\u00f6ytymiseen tarvittiin sek\u00e4 virkavallan ett\u00e4 omistajan toimia.<\/p>\n","protected":false},"excerpt":{"rendered":"Varkaat j\u00e4iv\u00e4t my\u00f6s kiinni hyvin erikoisella tavalla. 15.12. 16:10 Rauma Perjantain ja lauantain v\u00e4lisen\u00e4 y\u00f6n\u00e4 murtauduttiin Rauman Lapissa&hellip;\n","protected":false},"author":2,"featured_media":117449,"comment_status":"","ping_status":"","sticky":false,"template":"","format":"standard","meta":{"footnotes":""},"categories":[76],"tags":[79,77,33,31,30,80,32,78],"class_list":{"0":"post-117448","1":"post","2":"type-post","3":"status-publish","4":"format-standard","5":"has-post-thumbnail","7":"category-talous","8":"tag-business","9":"tag-economy","10":"tag-fi","11":"tag-finland","12":"tag-finnish","13":"tag-satakunnan-kansa","14":"tag-suomi","15":"tag-talous"},"share_on_mastodon":{"url":"https:\/\/pubeurope.com\/@fi\/115726607053024726","error":""},"_links":{"self":[{"href":"https:\/\/www.europesays.com\/fi\/wp-json\/wp\/v2\/posts\/117448","targetHints":{"allow":["GET"]}}],"collection":[{"href":"https:\/\/www.europesays.com\/fi\/wp-json\/wp\/v2\/posts"}],"about":[{"href":"https:\/\/www.europesays.com\/fi\/wp-json\/wp\/v2\/types\/post"}],"author":[{"embeddable":true,"href":"https:\/\/www.europesays.com\/fi\/wp-json\/wp\/v2\/users\/2"}],"replies":[{"embeddable":true,"href":"https:\/\/www.europesays.com\/fi\/wp-json\/wp\/v2\/comments?post=117448"}],"version-history":[{"count":0,"href":"https:\/\/www.europesays.com\/fi\/wp-json\/wp\/v2\/posts\/117448\/revisions"}],"wp:featuredmedia":[{"embeddable":true,"href":"https:\/\/www.europesays.com\/fi\/wp-json\/wp\/v2\/media\/117449"}],"wp:attachment":[{"href":"https:\/\/www.europesays.com\/fi\/wp-json\/wp\/v2\/media?parent=117448"}],"wp:term":[{"taxonomy":"category","embeddable":true,"href":"https:\/\/www.europesays.com\/fi\/wp-json\/wp\/v2\/categories?post=117448"},{"taxonomy":"post_tag","embeddable":true,"href":"https:\/\/www.europesays.com\/fi\/wp-json\/wp\/v2\/tags?post=117448"}],"curies":[{"name":"wp","href":"https:\/\/api.w.org\/{rel}","templated":true}]}}