{"id":117456,"date":"2025-12-16T01:31:10","date_gmt":"2025-12-16T01:31:10","guid":{"rendered":"https:\/\/www.europesays.com\/fi\/117456\/"},"modified":"2025-12-16T01:31:10","modified_gmt":"2025-12-16T01:31:10","slug":"jari-saariolla-kauhea-yo-jos-minusta-ei-kuulu","status":"publish","type":"post","link":"https:\/\/www.europesays.com\/fi\/117456\/","title":{"rendered":"Jari Saariolla kauhea y\u00f6: \u201dJos minusta ei kuulu\u201d"},"content":{"rendered":"<p>Jari Saario kohtasi kovan ukkosmyrskyn.<\/p>\n<p><img decoding=\"async\" class=\"image image-show image-preview\" src=\"https:\/\/www.europesays.com\/fi\/wp-content\/uploads\/2025\/12\/3dfe33a8763496659542628d916133e504b3ecfe741688220d5422e629060337.jpg\" alt=\"\"\/><img decoding=\"async\" class=\"image image-show\" src=\"https:\/\/www.europesays.com\/fi\/wp-content\/uploads\/2025\/12\/1765848670_183_3dfe33a8763496659542628d916133e504b3ecfe741688220d5422e629060337.jpg\" alt=\"\"\/><\/p>\n<p>Jari Saarion uusi soutu-urakka alkoi marraskuussa. Arkistokuva. Roosa Br\u00f6ijer<\/p>\n<p class=\"paragraph\">Helsinkil\u00e4inen <strong>Jari Saario<\/strong>, 53, kohtasi yhden t\u00e4h\u00e4nastisen matkansa haastavimmista hetkist\u00e4 soutumatkallaan Etel\u00e4-Amerikan Kap Hornista kohti Etel\u00e4-Afrikan Kapkaupunkia.<\/p>\n<p class=\"paragraph\">Saario kertoi kokemuksistaan <a href=\"https:\/\/www.instagram.com\/stories\/jari_saario\/3787441914463163771\/\" target=\"_blank\" rel=\"noopener nofollow\">Instagram-tarinoissaan<\/a> Suomen aikaa sunnuntaina. Tarinat ovat katsottavissa 24 tuntia niiden julkaisusta.<\/p>\n<p class=\"paragraph\">\u2013 Iski hirve\u00e4 ukkosmyrsky viime y\u00f6n\u00e4, Saario kirjoitti ensimm\u00e4isess\u00e4 p\u00e4ivityksess\u00e4\u00e4n. Videolla n\u00e4kyi salamointia ja rankkaa vesisadetta, kun mies kamppaili myrskyss\u00e4 keskell\u00e4 avomerta.<\/p>\n<p class=\"paragraph\">Seuraavassa p\u00e4ivityksess\u00e4 Saario avasi myrskyn synkimm\u00e4t hetket.<\/p>\n<p class=\"paragraph\">\u2013 Lyhyesti viime y\u00f6st\u00e4, se oli liev\u00e4sti sanottuna hirve\u00e4. Tuli ukkosmyrsky p\u00e4\u00e4lle ja [vene] meni pari kertaa ymp\u00e4ri, yksi airo meni poikki ja tuulimittarit hajalle. Kajuutan sis\u00e4lle tuli varmaan sata litraa merivett\u00e4. Viisi \u00e4mp\u00e4rillist\u00e4 varmaan tyhjensin t\u00e4\u00e4lt\u00e4, Saario kertoi.<\/p>\n<p class=\"paragraph\">\u2013\u2009Nyt on kaikki m\u00e4rk\u00e4n\u00e4 ja mik\u00e4\u00e4n ei suostu oikein latautumaan. Jos minusta ei kuulu nyt v\u00e4h\u00e4\u00e4n aikaan mit\u00e4\u00e4n niin minulla on kuitenkin kaikki ok, Saario jatkoi ja totesi pyrkiv\u00e4ns\u00e4 saamaan latausv\u00e4lineet toimimaan.<\/p>\n<p class=\"paragraph\">Saario p\u00e4ivitti Instagramiaan uudemman kerran sunnuntai-iltana, mutta nyt vuorostaan aurinkoisissa merkeiss\u00e4. H\u00e4n oli valinnut videolle taustamusiikiksi sopivasti <strong>Kari Tapion<\/strong> kappaleen Myrskyn j\u00e4lkeen.<\/p>\n<p class=\"paragraph\">Saario aloitti historialliseksi muodostuvan 8\u202f000 kilometrin soutu-urakkansa tiistaina 11. marraskuuta. H\u00e4nest\u00e4 tuli matkan alkuvaiheessa tiett\u00e4v\u00e4sti ensimm\u00e4inen ihminen, joka on yksin soutanut Etel\u00e4-Amerikan etel\u00e4k\u00e4rjen Kap Hornin ymp\u00e4ri.<\/p>\n<p><script async src=\"\/\/www.instagram.com\/embed.js\"><\/script><\/p>\n","protected":false},"excerpt":{"rendered":"Jari Saario kohtasi kovan ukkosmyrskyn. Jari Saarion uusi soutu-urakka alkoi marraskuussa. Arkistokuva. Roosa Br\u00f6ijer Helsinkil\u00e4inen Jari Saario, 53,&hellip;\n","protected":false},"author":2,"featured_media":117457,"comment_status":"","ping_status":"","sticky":false,"template":"","format":"standard","meta":{"footnotes":""},"categories":[136],"tags":[35,407,137,33,31,30,408,121,4077,47,710,32,872,109],"class_list":{"0":"post-117456","1":"post","2":"type-post","3":"status-publish","4":"format-standard","5":"has-post-thumbnail","7":"category-julkkikset","8":"tag-24h","9":"tag-celebrities","10":"tag-entertainment","11":"tag-fi","12":"tag-finland","13":"tag-finnish","14":"tag-julkkikset","15":"tag-liikenne-ja-kuljetus","16":"tag-meret","17":"tag-musiikki","18":"tag-saa","19":"tag-suomi","20":"tag-vesistot","21":"tag-viihde"},"share_on_mastodon":{"url":"https:\/\/pubeurope.com\/@fi\/115726665992765174","error":""},"_links":{"self":[{"href":"https:\/\/www.europesays.com\/fi\/wp-json\/wp\/v2\/posts\/117456","targetHints":{"allow":["GET"]}}],"collection":[{"href":"https:\/\/www.europesays.com\/fi\/wp-json\/wp\/v2\/posts"}],"about":[{"href":"https:\/\/www.europesays.com\/fi\/wp-json\/wp\/v2\/types\/post"}],"author":[{"embeddable":true,"href":"https:\/\/www.europesays.com\/fi\/wp-json\/wp\/v2\/users\/2"}],"replies":[{"embeddable":true,"href":"https:\/\/www.europesays.com\/fi\/wp-json\/wp\/v2\/comments?post=117456"}],"version-history":[{"count":0,"href":"https:\/\/www.europesays.com\/fi\/wp-json\/wp\/v2\/posts\/117456\/revisions"}],"wp:featuredmedia":[{"embeddable":true,"href":"https:\/\/www.europesays.com\/fi\/wp-json\/wp\/v2\/media\/117457"}],"wp:attachment":[{"href":"https:\/\/www.europesays.com\/fi\/wp-json\/wp\/v2\/media?parent=117456"}],"wp:term":[{"taxonomy":"category","embeddable":true,"href":"https:\/\/www.europesays.com\/fi\/wp-json\/wp\/v2\/categories?post=117456"},{"taxonomy":"post_tag","embeddable":true,"href":"https:\/\/www.europesays.com\/fi\/wp-json\/wp\/v2\/tags?post=117456"}],"curies":[{"name":"wp","href":"https:\/\/api.w.org\/{rel}","templated":true}]}}