{"id":117483,"date":"2025-12-16T02:23:15","date_gmt":"2025-12-16T02:23:15","guid":{"rendered":"https:\/\/www.europesays.com\/fi\/117483\/"},"modified":"2025-12-16T02:23:15","modified_gmt":"2025-12-16T02:23:15","slug":"flown-kattaus-komistui-yhdysvaltalaisella-rockilla-suomirapin-kuninkaallisella-ja-rakastetulla-laulaja-lauluntekijalla","status":"publish","type":"post","link":"https:\/\/www.europesays.com\/fi\/117483\/","title":{"rendered":"Flow&#8217;n kattaus komistui yhdysvaltalaisella rockilla, suomir\u00e4pin kuninkaallisella ja rakastetulla laulaja-lauluntekij\u00e4ll\u00e4"},"content":{"rendered":"<p>Joulukuun alussa <a href=\"https:\/\/www.soundi.fi\/uutiset\/flow-festival-julkisti-ensi-kesan-ensimmaiset-esiintyjat-nick-cave-ja-florence-the-machine-palaavat-suvilahteen\/\" target=\"_blank\" rel=\"noreferrer noopener nofollow\">ensimm\u00e4iset esiintyj\u00e4kiinnitykset<\/a> tulevalle kes\u00e4lle julkistanut Helsingin Flow tiedottaa jo nyt kolmestaa uudesta lis\u00e4yksest\u00e4 kattaukseen.<\/p>\n<p>Helsingin Suvilahteen kes\u00e4ll\u00e4 2026 saapuu kuluvana vuonna hurjan nousun maailmanmaineeseen tehnyt yhdysvaltalainen rockyhtye Geese, jonka syyskuussa julkaistu pitk\u00e4soitto Getting Killed lensi suoraan suurten medioiden vuosilistojen k\u00e4rkisijoille. Uusia kiinnityksi\u00e4 ovat lis\u00e4ksi suomir\u00e4pin kuninkaallinen, harvakseltaan keikkaileva Ibe sek\u00e4 alkuvuodesta uuden levyns\u00e4 julkaiseva rakastettu laulaja-lauluntekij\u00e4 Antti Autio, joka esiintyy Flow\u2019ssa erityiskokoonpanolla Antti Autio + Jouset.<\/p>\n<p>Flow Festival 2026 j\u00e4rjestet\u00e4\u00e4n 14\u201316.8.2026. Aiemmin julkistettuihin esiintyjiin lukeutuvat muun muassa Florence + The Machine, Zara Larsson, Nick Cave &amp; The Bad Seeds, Turnstile, Sombr, PinkPantheress, Lambrini Girls, Olga, Vesta, J. Karjalainen, Ares ja Jaakko Kulta. Kaikkiaan Flow\u2019ssa esiintyy l\u00e4hes 150 artistia, eli lis\u00e4yksi\u00e4 on luvassa viel\u00e4 runsain mitoin. Katso koko t\u00e4h\u00e4n menness\u00e4 julkistettu ohjelma <a href=\"https:\/\/www.flowfestival.com\/ohjelma\/musiikki\/\" target=\"_blank\" rel=\"noreferrer noopener nofollow\">t\u00e4\u00e4lt\u00e4<\/a>.<\/p>\n<p>Tapahtumaan <a href=\"https:\/\/www.flowfestival.com\/liput\/\" target=\"_blank\" rel=\"noreferrer noopener nofollow\">on nyt myynniss\u00e4<\/a> kolmen p\u00e4iv\u00e4n lippuja sek\u00e4 avoimia yhden p\u00e4iv\u00e4n lippuja.<\/p>\n<p>Lue my\u00f6s: <a href=\"https:\/\/www.soundi.fi\/uutiset\/flow-festival-julkisti-ensi-kesan-ensimmaiset-esiintyjat-nick-cave-ja-florence-the-machine-palaavat-suvilahteen\/\" title=\"Flow Festival julkisti ensi kes\u00e4n ensimm\u00e4iset esiintyj\u00e4t: Nick Cave ja Florence + the Machine palaavat Suvilahteen\" class=\"underline-custom !font-montserrat !font-bold !underline-offset-4 !decoration-4 !decoration-tilt-light\" rel=\"nofollow noopener\" target=\"_blank\">Flow Festival julkisti ensi kes\u00e4n ensimm\u00e4iset esiintyj\u00e4t: Nick Cave ja Florence + the Machine palaavat Suvilahteen<\/a><\/p>\n<p>Lue my\u00f6s: <a href=\"https:\/\/www.soundi.fi\/uutiskirje\/\" title=\"Tilaa Soundin uutiskirje\" class=\"underline-custom !font-montserrat !font-bold !underline-offset-4 !decoration-4 !decoration-red-600 !text-md\" rel=\"nofollow noopener\" target=\"_blank\">Tilaa Soundin uutiskirje ja tied\u00e4t mist\u00e4 kahvitauolla puhutaan! Nappaa ajankohtaiset musiikin uutiset ja puheenaiheet suoraan s\u00e4hk\u00f6postiin t\u00e4st\u00e4.<\/a><\/p>\n","protected":false},"excerpt":{"rendered":"Joulukuun alussa ensimm\u00e4iset esiintyj\u00e4kiinnitykset tulevalle kes\u00e4lle julkistanut Helsingin Flow tiedottaa jo nyt kolmestaa uudesta lis\u00e4yksest\u00e4 kattaukseen. Helsingin Suvilahteen&hellip;\n","protected":false},"author":2,"featured_media":117484,"comment_status":"","ping_status":"","sticky":false,"template":"","format":"standard","meta":{"footnotes":""},"categories":[136],"tags":[407,137,970,33,31,30,2531,408,32,109],"class_list":{"0":"post-117483","1":"post","2":"type-post","3":"status-publish","4":"format-standard","5":"has-post-thumbnail","7":"category-julkkikset","8":"tag-celebrities","9":"tag-entertainment","10":"tag-festivaalit","11":"tag-fi","12":"tag-finland","13":"tag-finnish","14":"tag-flow","15":"tag-julkkikset","16":"tag-suomi","17":"tag-viihde"},"share_on_mastodon":{"url":"https:\/\/pubeurope.com\/@fi\/115726870267458067","error":""},"_links":{"self":[{"href":"https:\/\/www.europesays.com\/fi\/wp-json\/wp\/v2\/posts\/117483","targetHints":{"allow":["GET"]}}],"collection":[{"href":"https:\/\/www.europesays.com\/fi\/wp-json\/wp\/v2\/posts"}],"about":[{"href":"https:\/\/www.europesays.com\/fi\/wp-json\/wp\/v2\/types\/post"}],"author":[{"embeddable":true,"href":"https:\/\/www.europesays.com\/fi\/wp-json\/wp\/v2\/users\/2"}],"replies":[{"embeddable":true,"href":"https:\/\/www.europesays.com\/fi\/wp-json\/wp\/v2\/comments?post=117483"}],"version-history":[{"count":0,"href":"https:\/\/www.europesays.com\/fi\/wp-json\/wp\/v2\/posts\/117483\/revisions"}],"wp:featuredmedia":[{"embeddable":true,"href":"https:\/\/www.europesays.com\/fi\/wp-json\/wp\/v2\/media\/117484"}],"wp:attachment":[{"href":"https:\/\/www.europesays.com\/fi\/wp-json\/wp\/v2\/media?parent=117483"}],"wp:term":[{"taxonomy":"category","embeddable":true,"href":"https:\/\/www.europesays.com\/fi\/wp-json\/wp\/v2\/categories?post=117483"},{"taxonomy":"post_tag","embeddable":true,"href":"https:\/\/www.europesays.com\/fi\/wp-json\/wp\/v2\/tags?post=117483"}],"curies":[{"name":"wp","href":"https:\/\/api.w.org\/{rel}","templated":true}]}}