{"id":117493,"date":"2025-12-16T02:36:25","date_gmt":"2025-12-16T02:36:25","guid":{"rendered":"https:\/\/www.europesays.com\/fi\/117493\/"},"modified":"2025-12-16T02:36:25","modified_gmt":"2025-12-16T02:36:25","slug":"19-vuotiasta-miesta-esitetaan-vangittavaksi-epailtyna-ammuskelusta-helsingin-vesalassa-katujengiyhteydet-selvityksessa-kotimaa","status":"publish","type":"post","link":"https:\/\/www.europesays.com\/fi\/117493\/","title":{"rendered":"19-vuotiasta miest\u00e4 esitet\u00e4\u00e4n vangittavaksi ep\u00e4iltyn\u00e4 ammuskelusta Helsingin Vesalassa \u2013 katujengiyhteydet selvityksess\u00e4 | Kotimaa"},"content":{"rendered":"<p class=\"aw-1gybjub aw-5vja16 kEtdKx kmuxyA yle__article__paragraph\">Poliisi ep\u00e4ilee useita tapon yrityksi\u00e4 y\u00f6llisess\u00e4 ammuskelussa Helsingin Vesalassa. Paikalla oli nuoria ja alaik\u00e4isi\u00e4 henkil\u00f6it\u00e4.<\/p>\n<p><img decoding=\"async\" alt=\"Poliisin hihamerkki olkavarressa.\" src=\"https:\/\/www.europesays.com\/fi\/wp-content\/uploads\/2025\/12\/39-1568418693baef4c3ae2.jpeg\" class=\"aw-1l9m598 hKVVvP\"\/><\/p>\n<p>Avaa kuvien katselu<\/p>\n<p>Poliisi etsii edelleen useita tapon yrityksist\u00e4 ep\u00e4iltyj\u00e4 henkil\u00f6it\u00e4. Kuva: Vesa Moilanen \/ Lehtikuva<\/p>\n<p class=\"aw-1gybjub aw-1p7kakr kEtdKx cEmitX yle__article__paragraph\">Poliisi ep\u00e4ilee useita henkil\u00f6it\u00e4 useista tapon yrityksist\u00e4 Helsingiss\u00e4 Vesalassa itsen\u00e4isyysp\u00e4iv\u00e4n j\u00e4lkeisen\u00e4 y\u00f6n\u00e4 7. joulukuuta.<\/p>\n<p class=\"aw-1gybjub aw-1p7kakr kEtdKx cEmitX yle__article__paragraph\">Poliisin mukaan ainakin kahdessa ajoneuvossa olleet henkil\u00f6t ottivat yhteen. Paikalla ammuttiin useita laukauksia.<\/p>\n<p class=\"aw-1gybjub aw-1p7kakr kEtdKx cEmitX yle__article__paragraph\">Toistaiseksi poliisin tiedossa on yksi henkil\u00f6, joka sai osuman ammuskelussa.<\/p>\n<p class=\"aw-1gybjub aw-1p7kakr kEtdKx cEmitX yle__article__paragraph\">Poliisin ep\u00e4ilyn mukaan paikalla oli lukuisia nuoria henkil\u00f6it\u00e4, joista osa oli alaik\u00e4isi\u00e4. Poliisi otti kiinni osan paikalla olleista.<\/p>\n<p class=\"aw-1gybjub aw-1p7kakr kEtdKx cEmitX yle__article__paragraph\">Poliisi esitt\u00e4\u00e4 vuonna 2006 syntynytt\u00e4 19-vuotiasta miest\u00e4 vangittavaksi tiistaina Helsingin k\u00e4r\u00e4j\u00e4oikeudessa tapon yrityksest\u00e4 ep\u00e4iltyn\u00e4.<\/p>\n<p class=\"aw-1gybjub aw-1p7kakr kEtdKx cEmitX yle__article__paragraph\">Poliisi selvitt\u00e4\u00e4, liittyv\u00e4tk\u00f6 katujengit tapaukseen. Useita ep\u00e4iltyj\u00e4 on yh\u00e4 tavoittamatta. Poliisi pyyt\u00e4\u00e4 asiasta jotain tiet\u00e4vi\u00e4 <a class=\"aw-iao6s4 iHOxEa yle__article__link\" href=\"https:\/\/yle.fi\/a\/katu.helsinki@poliisi.fi\" role=\"link\" rel=\"nofollow noopener\" target=\"_blank\">ottamaan yhteytt\u00e4.<\/a><\/p>\n<p>19-vuotias ep\u00e4ilty l\u00f6i ja potki miest\u00e4 Kaisaniemess\u00e4<\/p>\n<p class=\"aw-1gybjub aw-1p7kakr kEtdKx cEmitX yle__article__paragraph\">Vangittavaksi vaadittavalla ep\u00e4illyll\u00e4 on aiempaa rikostaustaa.<\/p>\n<p class=\"aw-1gybjub aw-1p7kakr kEtdKx cEmitX yle__article__paragraph\">Mies on tuomittu lainvoimaisesti Helsingin hovioikeudessa t\u00f6rke\u00e4n ry\u00f6st\u00f6n yrityksest\u00e4 nuorena henkil\u00f6n\u00e4.<\/p>\n<p class=\"aw-1gybjub aw-1p7kakr kEtdKx cEmitX yle__article__paragraph\">H\u00e4n yritti vied\u00e4 nuorelta miehelt\u00e4 repun yhdess\u00e4 toisen miehen kanssa Kaisaniemen puistossa Helsingiss\u00e4 lokakuussa 2022. He l\u00f6iv\u00e4t ja potkivat maassa maannutta uhria.<\/p>\n<p class=\"aw-1gybjub aw-1p7kakr kEtdKx cEmitX yle__article__paragraph\">2006 syntyneell\u00e4 miehell\u00e4 oli ter\u00e4ase mukanaan, ja h\u00e4n oli naamioitunut hiihtomaskilla. H\u00e4n sai vuoden ja kahdeksan kuukauden ehdollisen vankeusrangaistuksen.<\/p>\n<p class=\"aw-1gybjub aw-1p7kakr kEtdKx cEmitX yle__article__paragraph\">Vesalassa on ammuskelu autosta aiemminkin. Nelj\u00e4 miest\u00e4 tuomittiin huhtikuussa k\u00e4r\u00e4j\u00e4oikeudessa joulukuussa 2024 tapahtuneeseen ammuskeluun liittyen.<\/p>\n<p class=\"aw-1gybjub aw-1p7kakr kEtdKx cEmitX yle__article__paragraph\">Ylen tietojen mukaan tiistaina vangittavaksi esitett\u00e4v\u00e4ll\u00e4 miehell\u00e4 ei ole yhteytt\u00e4 aiempaan Vesalan ammuskeluun. H\u00e4nell\u00e4 ei ole my\u00f6sk\u00e4\u00e4n ainakaan aiemmin oikeudessa k\u00e4siteltyj\u00e4 yhteyksi\u00e4 katujengeihin.<\/p>\n","protected":false},"excerpt":{"rendered":"Poliisi ep\u00e4ilee useita tapon yrityksi\u00e4 y\u00f6llisess\u00e4 ammuskelussa Helsingin Vesalassa. Paikalla oli nuoria ja alaik\u00e4isi\u00e4 henkil\u00f6it\u00e4. Avaa kuvien katselu&hellip;\n","protected":false},"author":2,"featured_media":115329,"comment_status":"","ping_status":"","sticky":false,"template":"","format":"standard","meta":{"footnotes":""},"categories":[12],"tags":[1773,22,23,26,27,33,31,30,17,104,71,24,25,28,29,15,814,18,21,581,1263,32,19,20,1168,16,17656],"class_list":{"0":"post-117493","1":"post","2":"type-post","3":"status-publish","4":"format-standard","5":"has-post-thumbnail","7":"category-suomi","8":"tag-ampumavalikohtaukset","9":"tag-breaking-news","10":"tag-breakingnews","11":"tag-featured-news","12":"tag-featurednews","13":"tag-fi","14":"tag-finland","15":"tag-finnish","16":"tag-headlines","17":"tag-helsinki","18":"tag-kotimaa","19":"tag-latest-news","20":"tag-latestnews","21":"tag-main-news","22":"tag-mainnews","23":"tag-news","24":"tag-nuoret","25":"tag-otsikot","26":"tag-paauutiset","27":"tag-rikokset","28":"tag-rikosepailyt","29":"tag-suomi","30":"tag-top-stories","31":"tag-topstories","32":"tag-uusimaa","33":"tag-uutiset","34":"tag-vesala"},"share_on_mastodon":{"url":"https:\/\/pubeurope.com\/@fi\/115726921843151174","error":""},"_links":{"self":[{"href":"https:\/\/www.europesays.com\/fi\/wp-json\/wp\/v2\/posts\/117493","targetHints":{"allow":["GET"]}}],"collection":[{"href":"https:\/\/www.europesays.com\/fi\/wp-json\/wp\/v2\/posts"}],"about":[{"href":"https:\/\/www.europesays.com\/fi\/wp-json\/wp\/v2\/types\/post"}],"author":[{"embeddable":true,"href":"https:\/\/www.europesays.com\/fi\/wp-json\/wp\/v2\/users\/2"}],"replies":[{"embeddable":true,"href":"https:\/\/www.europesays.com\/fi\/wp-json\/wp\/v2\/comments?post=117493"}],"version-history":[{"count":0,"href":"https:\/\/www.europesays.com\/fi\/wp-json\/wp\/v2\/posts\/117493\/revisions"}],"wp:featuredmedia":[{"embeddable":true,"href":"https:\/\/www.europesays.com\/fi\/wp-json\/wp\/v2\/media\/115329"}],"wp:attachment":[{"href":"https:\/\/www.europesays.com\/fi\/wp-json\/wp\/v2\/media?parent=117493"}],"wp:term":[{"taxonomy":"category","embeddable":true,"href":"https:\/\/www.europesays.com\/fi\/wp-json\/wp\/v2\/categories?post=117493"},{"taxonomy":"post_tag","embeddable":true,"href":"https:\/\/www.europesays.com\/fi\/wp-json\/wp\/v2\/tags?post=117493"}],"curies":[{"name":"wp","href":"https:\/\/api.w.org\/{rel}","templated":true}]}}