{"id":117496,"date":"2025-12-16T02:47:21","date_gmt":"2025-12-16T02:47:21","guid":{"rendered":"https:\/\/www.europesays.com\/fi\/117496\/"},"modified":"2025-12-16T02:47:21","modified_gmt":"2025-12-16T02:47:21","slug":"useat-hyvinvointialueet-varoittavat-diabeetikoille-vaarallisista-sensoreista-laitteita-kaytossa-koko-maassa-keski-suomi","status":"publish","type":"post","link":"https:\/\/www.europesays.com\/fi\/117496\/","title":{"rendered":"Useat hyvinvointi\u00adalueet varoittavat diabeetikoille vaarallisista sensoreista \u2013 laitteita k\u00e4yt\u00f6ss\u00e4 koko maassa | Keski-Suomi"},"content":{"rendered":"<p class=\"aw-1gybjub aw-5vja16 kEtdKx kmuxyA yle__article__paragraph\">Useat hyvinvointi\u00adalueet ovat t\u00e4ll\u00e4 viikolla varoittaneet vaarallisista sensoreista. Keski-Suomessa laitteita on k\u00e4yt\u00f6ss\u00e4 arvion mukaan noin 600:lla ykk\u00f6styypin diabeetikolla, Pohjois-Karjalassa 800:lla.<\/p>\n<p><img decoding=\"async\" alt=\"Verensokerin mittaamiseen tarkoitettu sensori.\" src=\"https:\/\/www.europesays.com\/fi\/wp-content\/uploads\/2025\/12\/39-15596966926d6a1c489b.jpeg\" class=\"aw-1l9m598 hKVVvP\"\/><\/p>\n<p>Avaa kuvien katselu<\/p>\n<p>T\u00e4llainen on diabeetikoille verensokerin tarkkailuun tarkoitetun Freestyle Libre 3 -sensorin pakkaus. Kuva: Niko Mannonen \/ Yle<\/p>\n<p>26.11. 10:09\u2022P\u00e4ivitetty 26.11. 16:55<\/p>\n<p class=\"aw-1gybjub aw-1p7kakr kEtdKx cEmitX yle__article__paragraph\">Useat hyvinvointialueet varoittavat diabeetikoita verensokerin mittauksessa k\u00e4ytett\u00e4vien sensorien viasta. Vika voi aiheuttaa vakavia terveysriskej\u00e4.<\/p>\n<p class=\"aw-1gybjub aw-1p7kakr kEtdKx cEmitX yle__article__paragraph\">Laitteita on k\u00e4yt\u00f6ss\u00e4 koko maassa.<\/p>\n<p class=\"aw-1gybjub aw-1p7kakr kEtdKx cEmitX yle__article__paragraph\">Keski-Suomen hyvinvointialueen varovaisen arvion mukaan laitteita on k\u00e4yt\u00f6ss\u00e4 noin 600:lla ykk\u00f6styypin diabeetikolla. Pohjois-Karjalassa sensoreita on jaettu yli 800 potilaalle.<\/p>\n<p class=\"aw-1gybjub aw-1p7kakr kEtdKx cEmitX yle__article__paragraph\">Pohjanmaan hyvinvointialueella on yhteens\u00e4 2\u00a0000 Libre 2 ja Libre 3 -sensoreiden k\u00e4ytt\u00e4j\u00e4\u00e4. Arviolta 510 k\u00e4ytt\u00e4j\u00e4\u00e4 on lokakuun alun j\u00e4lkeen saanut alueella viallisia sensoreita, kertoo diabetesl\u00e4\u00e4k\u00e4ri <strong class=\"aw-ak79eh KyCXm yle__article__strong\">Annemari K\u00e4r\u00e4j\u00e4m\u00e4ki.<\/strong><\/p>\n<p class=\"aw-1gybjub aw-1p7kakr kEtdKx cEmitX yle__article__paragraph\">Keski-Suomen hyvinvointialueen tiedotteen mukaan laitteiden valmistaja Abbott on todennut, ett\u00e4 jos matalia glukoosiarvoja ei havaita, ne voivat johtaa virheellisiin lukemiin.<\/p>\n<p class=\"aw-1gybjub aw-1p7kakr kEtdKx cEmitX yle__article__paragraph\">Mahdollinen vaarallinen laatuvika koskee osaa Abbotin valmistamia Free Style Libre 3 sensoreiden eri\u00e4. Tietyt Free Style Libre 3- ja Free Style Libre 3 Plus -sensorit saattavat antaa virheellisi\u00e4 matalan glukoosin lukemia.<\/p>\n<p class=\"aw-1gybjub aw-1p7kakr kEtdKx cEmitX yle__article__paragraph\">T\u00e4n\u00e4\u00e4n sensorien viasta varoittivat ainakin <a class=\"aw-iao6s4 iHOxEa yle__article__link\" href=\"https:\/\/www.hel.fi\/fi\/uutiset\/tarkea-tiedote-diabetesta-sairastaville-freestyle-libre-3-ja-freestyle-libre-3-plus-sensoreiden\" role=\"link\" rel=\"nofollow noopener\" target=\"_blank\">Helsingin kaupungin<\/a> sosiaali- ja terveyspalvelut sek\u00e4 P\u00e4ij\u00e4t-H\u00e4meen, Keski-Suomen, Etel\u00e4-Savon ja Pohjois-Savon hyvinvointialueet. Aiemmin t\u00e4ll\u00e4 viikolla potilaitaan ovat tiedottaneet ainakin <a class=\"aw-iao6s4 iHOxEa yle__article__link\" href=\"https:\/\/yle.fi\/a\/74-20196163\" role=\"link\" rel=\"nofollow noopener\" target=\"_blank\">Pohjois-Karjalan, Etel\u00e4-Karjalan<\/a> ja Pirkanmaan hyvinvointialueet.<\/p>\n<p class=\"aw-1gybjub aw-1p7kakr kEtdKx cEmitX yle__article__paragraph\">Keski-Suomen hyvinvointialueen avosairaanhoidon ylihoitaja <strong class=\"aw-ak79eh KyCXm yle__article__strong\">Tiina Minkkinen<\/strong> suosittelee, ett\u00e4 ykk\u00f6styypin diabeetikot tarkistaisivat glukoositasot vanhalla menetelm\u00e4ll\u00e4 eli verin\u00e4ytteell\u00e4 sormen p\u00e4\u00e4st\u00e4.<\/p>\n<p class=\"aw-1gybjub aw-1p7kakr kEtdKx cEmitX yle__article__paragraph\">Keski-Pohjanmaan hyvinvointialue Soite varoitti my\u00f6s t\u00e4ll\u00e4 viikolla viallisista sensoreista. Soiten alueella ei ole tiedossa aiheutuneita vaaratilanteita. Se on yhteydess\u00e4 kirjeitse kaikkiin niihin diabetesta sairastaviin henkil\u00f6ihin, joille on toimitettu n\u00e4it\u00e4 sensoreita, kertoo Kokkolan vastaanottopalvelun ja hoitotarvikejakelun osastonhoitaja <strong class=\"aw-ak79eh KyCXm yle__article__strong\">Tanja Aalto<\/strong>.<\/p>\n<p>\u201dEi todenn\u00e4k\u00f6isesti vakavia ongelmia\u201d<\/p>\n<p class=\"aw-1gybjub aw-1p7kakr kEtdKx cEmitX yle__article__paragraph\">Pohjois-Karjalan hyvinvointialueella eli Siun sotella laite on siis k\u00e4yt\u00f6ss\u00e4 noin 800 potilaalla, mutta vika koskee vain osaa laitteista.<\/p>\n<p class=\"aw-1gybjub aw-1p7kakr kEtdKx cEmitX yle__article__paragraph\">Siun soten potilasturvallisuusp\u00e4\u00e4llikk\u00f6 <strong class=\"aw-ak79eh KyCXm yle__article__strong\">Heli Heikkinen<\/strong> kertoo, ett\u00e4 hyvinvointialue ei n\u00e4e j\u00e4rjestelmist\u00e4\u00e4n suoraan, kenell\u00e4 potilaista on viallinen laite.<\/p>\n<p class=\"aw-1gybjub aw-1p7kakr kEtdKx cEmitX yle__article__paragraph\">\u2013 Toimituseri\u00e4, joissa vikaa on, oli niin paljon. N\u00e4emme kuitenkin kaikki asiakkaat, joille tuotteita on toimitettu, Heikkinen sanoo.<\/p>\n<p class=\"aw-1gybjub aw-1p7kakr kEtdKx cEmitX yle__article__paragraph\">Siun sote pohtii t\u00e4m\u00e4n p\u00e4iv\u00e4n aikana, kuinka asiakkaisiin ollaan yhteydess\u00e4 laitevian vuoksi.<\/p>\n<p class=\"aw-1gybjub aw-1p7kakr kEtdKx cEmitX yle__article__paragraph\">Heikkinen arvioi, ett\u00e4 viallisen laitteen k\u00e4ytt\u00e4misest\u00e4 aiheutuvat akuutit terveysriskit ovat harvinaisempia kuin pitk\u00e4n aikav\u00e4lin riskit.<\/p>\n<p class=\"aw-1gybjub aw-1p7kakr kEtdKx cEmitX yle__article__paragraph\">\u2013 Akuutteja vakavia ongelmia t\u00e4m\u00e4 tilanne ei suurella todenn\u00e4k\u00f6isyydell\u00e4 aiheuta, koska verensokeri ei p\u00e4\u00e4se laskemaan liian alhaiseksi.<\/p>\n<p>Kuukausittain vaarailmoituksia<\/p>\n<p class=\"aw-1gybjub aw-1p7kakr kEtdKx cEmitX yle__article__paragraph\">Suomessa l\u00e4\u00e4kinn\u00e4llisten laitteiden turvallisuutta valvoo Fimea. Ylitarkastaja <strong class=\"aw-ak79eh KyCXm yle__article__strong\">Markku M\u00e5rdin<\/strong> mukaan glukoosisensoreista tehd\u00e4\u00e4n Fimeaan joka kuukausi kymmeni\u00e4 vaarailmoituksia.<\/p>\n<p class=\"aw-1gybjub aw-1p7kakr kEtdKx cEmitX yle__article__paragraph\">H\u00e4n ei pysty sanomaan, kuinka monta ilmoitusta on tehty sensorier\u00e4st\u00e4, josta hyvinvointialueet nyt varoittavat.<br \/>\u2013 Kun k\u00e4ytt\u00e4j\u00e4t raportoivat valmistajalle laiteongelmista, valmistajan pit\u00e4\u00e4 ilmoittaa niist\u00e4 mahdollisena vakavana vaaratilanteena viranomaiselle.<\/p>\n<p class=\"aw-1gybjub aw-1p7kakr kEtdKx cEmitX yle__article__paragraph\">M\u00e5rdin mukaan se kuuluu osaksi laitteiden valmistajien vastuulla olevaa menettely\u00e4 koko laitteen elinkaaren ajan.<\/p>\n<p class=\"aw-1gybjub aw-1p7kakr kEtdKx cEmitX yle__article__paragraph\">M\u00e5rdin mukaan glukoosisensoreita on Suomessa vuositasolla k\u00e4yt\u00f6ss\u00e4 kuusinumeroinen luku.<\/p>\n<p class=\"aw-1gybjub aw-1p7kakr kEtdKx cEmitX yle__article__paragraph\">\u2013 Diabeteksen liittyy aina riski arvojen vaihtelusta. Kun k\u00e4yt\u00f6ss\u00e4 olevien laitteiden m\u00e4\u00e4r\u00e4 on niin suuri, laitteita rikkoontuu tai vikaantuu v\u00e4ist\u00e4m\u00e4tt\u00e4.<\/p>\n<p class=\"aw-1gybjub aw-1p7kakr kEtdKx cEmitX yle__article__paragraph\">M\u00e5rd sanoo, ett\u00e4 laitteen valmistaja on toiminut t\u00e4ss\u00e4 tilanteessa l\u00e4\u00e4kinn\u00e4llisten laitteiden s\u00e4\u00e4ntelyn edellytt\u00e4m\u00e4ll\u00e4 tavalla.<\/p>\n","protected":false},"excerpt":{"rendered":"Useat hyvinvointi\u00adalueet ovat t\u00e4ll\u00e4 viikolla varoittaneet vaarallisista sensoreista. Keski-Suomessa laitteita on k\u00e4yt\u00f6ss\u00e4 arvion mukaan noin 600:lla ykk\u00f6styypin diabeetikolla,&hellip;\n","protected":false},"author":2,"featured_media":117497,"comment_status":"","ping_status":"","sticky":false,"template":"","format":"standard","meta":{"footnotes":""},"categories":[86],"tags":[13598,420,1302,12733,184,33,31,30,104,425,1380,474,71,421,1268,553,14844,449,4305,1137,15475,1136,2219,32,91,92,167,1168],"class_list":{"0":"post-117496","1":"post","2":"type-post","3":"status-publish","4":"format-standard","5":"has-post-thumbnail","7":"category-laitteet","8":"tag-diabetes","9":"tag-equipment","10":"tag-etela-karjala","11":"tag-etela-karjalan-hyvinvointialue","12":"tag-etela-savo","13":"tag-fi","14":"tag-finland","15":"tag-finnish","16":"tag-helsinki","17":"tag-jyvaskyla","18":"tag-keski-suomen-hyvinvointialue","19":"tag-keski-suomi","20":"tag-kotimaa","21":"tag-laitteet","22":"tag-paijat-hame","23":"tag-pirkanmaa","24":"tag-pirkanmaan-hyvinvointialue","25":"tag-pohjanmaa","26":"tag-pohjanmaan-hyvinvointialue","27":"tag-pohjois-karjala","28":"tag-pohjois-karjalan-hyvinvointialue","29":"tag-pohjois-savo","30":"tag-pohjois-savon-hyvinvointialue","31":"tag-suomi","32":"tag-technology","33":"tag-teknologia","34":"tag-terveys","35":"tag-uusimaa"},"share_on_mastodon":{"url":"","error":"Validation failed: Text character limit of 500 exceeded"},"_links":{"self":[{"href":"https:\/\/www.europesays.com\/fi\/wp-json\/wp\/v2\/posts\/117496","targetHints":{"allow":["GET"]}}],"collection":[{"href":"https:\/\/www.europesays.com\/fi\/wp-json\/wp\/v2\/posts"}],"about":[{"href":"https:\/\/www.europesays.com\/fi\/wp-json\/wp\/v2\/types\/post"}],"author":[{"embeddable":true,"href":"https:\/\/www.europesays.com\/fi\/wp-json\/wp\/v2\/users\/2"}],"replies":[{"embeddable":true,"href":"https:\/\/www.europesays.com\/fi\/wp-json\/wp\/v2\/comments?post=117496"}],"version-history":[{"count":0,"href":"https:\/\/www.europesays.com\/fi\/wp-json\/wp\/v2\/posts\/117496\/revisions"}],"wp:featuredmedia":[{"embeddable":true,"href":"https:\/\/www.europesays.com\/fi\/wp-json\/wp\/v2\/media\/117497"}],"wp:attachment":[{"href":"https:\/\/www.europesays.com\/fi\/wp-json\/wp\/v2\/media?parent=117496"}],"wp:term":[{"taxonomy":"category","embeddable":true,"href":"https:\/\/www.europesays.com\/fi\/wp-json\/wp\/v2\/categories?post=117496"},{"taxonomy":"post_tag","embeddable":true,"href":"https:\/\/www.europesays.com\/fi\/wp-json\/wp\/v2\/tags?post=117496"}],"curies":[{"name":"wp","href":"https:\/\/api.w.org\/{rel}","templated":true}]}}