{"id":117500,"date":"2025-12-16T02:56:12","date_gmt":"2025-12-16T02:56:12","guid":{"rendered":"https:\/\/www.europesays.com\/fi\/117500\/"},"modified":"2025-12-16T02:56:12","modified_gmt":"2025-12-16T02:56:12","slug":"lenni-elias-aallon-optio-aktivoitu-mukana-kaudella-2026-vjs","status":"publish","type":"post","link":"https:\/\/www.europesays.com\/fi\/117500\/","title":{"rendered":"Lenni-Elias Aallon optio aktivoitu \u2013 mukana kaudella 2026 &#8211; VJS"},"content":{"rendered":"<p><strong>Lenni-Elias Aallon<\/strong>\u00a0(s. 2008) optio on aktivoitu kaudelle 2026 ja h\u00e4n jatkaa ensi kaudella miesten edustusjoukkueen mukana.<\/p>\n<p>\u2013 Hyv\u00e4t fiilikset jatkosta ja odotan innolla kauden alkua. Odotan Ykk\u00f6sess\u00e4 kovempia pelej\u00e4. Tavoitteenani on pelata mahdollisimman paljon ja auttaa kent\u00e4ll\u00e4 joukkuetta.<\/p>\n<p>Viime kaudella Aalto kuului edustusjoukkueen rinkiin ja teki debyyttins\u00e4 miesten Kakkosessa, jossa h\u00e4n pelasi kahdessa ottelussa t\u00e4ydet minuutit. Lis\u00e4ksi h\u00e4n esiintyi P17 SM-karsintasarjassa ja P17 SM-sarjassa sek\u00e4 edusti alkukaudesta SPL Unitedia PU17 Huuhkajaliigassa. Kauden aikana Aalto vahvisti my\u00f6s VJS\/2-joukkuetta muutamissa miesten Kolmosen otteluissa.<\/p>\n<p style=\"margin-top:0;margin-right:0;margin-bottom:0;margin-left:0\"><strong>Aiemmin julkaistut voimassa olevat sopimukset<\/strong><\/p>\n<p style=\"margin-top:0;margin-right:0;margin-bottom:0;margin-left:0\">Juuso Heinonen (2030)<br \/>Valtteri Salo (2026+1)<br \/>Niklas Kangasmaa (2026+1)<\/p>\n<p style=\"margin-top:0;margin-right:0;margin-bottom:0;margin-left:0\">Aku Ahla (2026+1)<\/p>\n<p style=\"margin-top:0;margin-right:0;margin-bottom:0;margin-left:0\">Niilo Siren (2026)<\/p>\n<p style=\"margin-top:0;margin-right:0;margin-bottom:0;margin-left:0\">Jesper Johansson (2026)<\/p>\n<p style=\"margin-top:0;margin-right:0;margin-bottom:0;margin-left:0\">Oskari Blommendahl (2026)<\/p>\n<p style=\"margin-top:0;margin-right:0;margin-bottom:0;margin-left:0\">Aaro Nyholm (2026)<\/p>\n<p style=\"margin-top:0;margin-right:0;margin-bottom:0;margin-left:0\">Rasmus Koirikivi (2026)<\/p>\n<p style=\"margin-top:0;margin-right:0;margin-bottom:0;margin-left:0\">Noah Kaijasilta (2026)<\/p>\n<p style=\"margin-top:0;margin-right:0;margin-bottom:0;margin-left:0\">Edim Uzun (2026)<\/p>\n","protected":false},"excerpt":{"rendered":"Lenni-Elias Aallon\u00a0(s. 2008) optio on aktivoitu kaudelle 2026 ja h\u00e4n jatkaa ensi kaudella miesten edustusjoukkueen mukana. \u2013 Hyv\u00e4t&hellip;\n","protected":false},"author":2,"featured_media":117501,"comment_status":"","ping_status":"","sticky":false,"template":"","format":"standard","meta":{"footnotes":""},"categories":[158],"tags":[33,31,30,21381,21382,21383,159,32,160,2359,21384],"class_list":{"0":"post-117500","1":"post","2":"type-post","3":"status-publish","4":"format-standard","5":"has-post-thumbnail","7":"category-urheilu","8":"tag-fi","9":"tag-finland","10":"tag-finnish","11":"tag-miesten-edustusjoukkue","12":"tag-miesten-ykkonen","13":"tag-pelaajasopimus","14":"tag-sports","15":"tag-suomi","16":"tag-urheilu","17":"tag-vantaa","18":"tag-vjs"},"share_on_mastodon":{"url":"https:\/\/pubeurope.com\/@fi\/115727000138830712","error":""},"_links":{"self":[{"href":"https:\/\/www.europesays.com\/fi\/wp-json\/wp\/v2\/posts\/117500","targetHints":{"allow":["GET"]}}],"collection":[{"href":"https:\/\/www.europesays.com\/fi\/wp-json\/wp\/v2\/posts"}],"about":[{"href":"https:\/\/www.europesays.com\/fi\/wp-json\/wp\/v2\/types\/post"}],"author":[{"embeddable":true,"href":"https:\/\/www.europesays.com\/fi\/wp-json\/wp\/v2\/users\/2"}],"replies":[{"embeddable":true,"href":"https:\/\/www.europesays.com\/fi\/wp-json\/wp\/v2\/comments?post=117500"}],"version-history":[{"count":0,"href":"https:\/\/www.europesays.com\/fi\/wp-json\/wp\/v2\/posts\/117500\/revisions"}],"wp:featuredmedia":[{"embeddable":true,"href":"https:\/\/www.europesays.com\/fi\/wp-json\/wp\/v2\/media\/117501"}],"wp:attachment":[{"href":"https:\/\/www.europesays.com\/fi\/wp-json\/wp\/v2\/media?parent=117500"}],"wp:term":[{"taxonomy":"category","embeddable":true,"href":"https:\/\/www.europesays.com\/fi\/wp-json\/wp\/v2\/categories?post=117500"},{"taxonomy":"post_tag","embeddable":true,"href":"https:\/\/www.europesays.com\/fi\/wp-json\/wp\/v2\/tags?post=117500"}],"curies":[{"name":"wp","href":"https:\/\/api.w.org\/{rel}","templated":true}]}}