{"id":117508,"date":"2025-12-16T03:01:13","date_gmt":"2025-12-16T03:01:13","guid":{"rendered":"https:\/\/www.europesays.com\/fi\/117508\/"},"modified":"2025-12-16T03:01:13","modified_gmt":"2025-12-16T03:01:13","slug":"brownin-yliopiston-joukkoampumisesta-pidatetty-vapaalle-jalalle-usassa-uutissuomalainen","status":"publish","type":"post","link":"https:\/\/www.europesays.com\/fi\/117508\/","title":{"rendered":"Brownin yliopiston joukkoampumisesta pid\u00e4tetty vapaalle jalalle USA:ssa | Uutissuomalainen"},"content":{"rendered":"<p>Yhdysvalloissa Brownin yliopistolla tapahtuneesta joukkoampumisesta pid\u00e4tetty p\u00e4\u00e4see vapaalle jalalle. Paikallisten viranomaisten mukaan pid\u00e4tykseen ei ole perusteita. <\/p>\n<p>Ainakin kaksi ihmist\u00e4 kuoli lauantaina paikallista aikaa ampumisessa Brownin yliopiston alueella Rhode Islandin osavaltiossa. Lis\u00e4ksi kymmenkunta ihmist\u00e4 haavoittui.<\/p>\n<p>Viranomaisten mukaan karkuteill\u00e4 olevan ampujan etsint\u00e4 jatkuu. <\/p>\n<p>Yliopiston <a href=\"https:\/\/www.brown.edu\/\" rel=\"nofollow noopener\" target=\"_blank\">mukaan<\/a> kaikki ampumisen uhrit ovat opiskelijoita. Rakennuksessa oli m\u00e4\u00e4r\u00e4 j\u00e4rjest\u00e4\u00e4 useita tenttej\u00e4 ajankohtana, jolloin ampuminen tapahtui.<\/p>\n<p>\t\t\t\tL\u00e4hes 400 joukkoampumista t\u00e4n\u00e4 vuonna<\/p>\n<p>Lauantain kouluampuminen <a href=\"https:\/\/edition.cnn.com\/us\/live-news\/brown-university-shooting-12-13-25?post-id=cmj4wqvln00003b6p3xgyanwx\" rel=\"nofollow noopener\" target=\"_blank\">on ensimm\u00e4inen<\/a> Rhode Islandin osavaltiossa sen j\u00e4lkeen, kun CNN alkoi yll\u00e4pit\u00e4\u00e4 tietokantaa kouluampumisista vuonna 2008. Uutiskanavan mukaan Yhdysvalloissa on ollut t\u00e4n\u00e4 vuonna kaikkiaan jo yli 70 kouluampumista.<\/p>\n<p>Joukkoampumisia Yhdysvalloissa on kuluvan vuoden aikana ollut l\u00e4hes 400, <a href=\"https:\/\/www.gunviolencearchive.org\/\" rel=\"nofollow noopener\" target=\"_blank\">kertoo<\/a> asev\u00e4kivaltaa tilastoiva Gun Violence Archive -sivusto. Se luokittelee joukkoampumisiksi sellaiset veriteot, joissa kuolee tai haavoittuu ampuja pois lukien v\u00e4hint\u00e4\u00e4n nelj\u00e4 ihmist\u00e4.<\/p>\n<p>Brown lukeutuu Yhdysvaltain koillisosan vanhoihin Ivy League -eliittiyliopistoihin. Samaan ryhm\u00e4\u00e4n kuuluvat muun muassa Yale, Princeton ja Harvard.<\/p>\n<p>Brownin yliopistossa opiskelee noin 11\u2009000 ihmist\u00e4.<\/p>\n","protected":false},"excerpt":{"rendered":"Yhdysvalloissa Brownin yliopistolla tapahtuneesta joukkoampumisesta pid\u00e4tetty p\u00e4\u00e4see vapaalle jalalle. Paikallisten viranomaisten mukaan pid\u00e4tykseen ei ole perusteita. Ainakin kaksi&hellip;\n","protected":false},"author":2,"featured_media":117509,"comment_status":"","ping_status":"","sticky":false,"template":"","format":"standard","meta":{"footnotes":""},"categories":[14],"tags":[22,23,26,27,33,31,30,17,615,96,53,24,25,803,28,29,15,18,21,52,103,32,19,20,546,56,16,59,60,61],"class_list":{"0":"post-117508","1":"post","2":"type-post","3":"status-publish","4":"format-standard","5":"has-post-thumbnail","7":"category-ulkomaat","8":"tag-breaking-news","9":"tag-breakingnews","10":"tag-featured-news","11":"tag-featurednews","12":"tag-fi","13":"tag-finland","14":"tag-finnish","15":"tag-headlines","16":"tag-koulut","17":"tag-koulutus","18":"tag-laki-oikeus-ja-rikos","19":"tag-latest-news","20":"tag-latestnews","21":"tag-levottomuudet-ja-sodat","22":"tag-main-news","23":"tag-mainnews","24":"tag-news","25":"tag-otsikot","26":"tag-paauutiset","27":"tag-poliisi","28":"tag-sosiaalikysymykset","29":"tag-suomi","30":"tag-top-stories","31":"tag-topstories","32":"tag-turvallisuus","33":"tag-ulkomaat","34":"tag-uutiset","35":"tag-world","36":"tag-world-news","37":"tag-worldnews"},"share_on_mastodon":{"url":"https:\/\/pubeurope.com\/@fi\/115727019818093931","error":""},"_links":{"self":[{"href":"https:\/\/www.europesays.com\/fi\/wp-json\/wp\/v2\/posts\/117508","targetHints":{"allow":["GET"]}}],"collection":[{"href":"https:\/\/www.europesays.com\/fi\/wp-json\/wp\/v2\/posts"}],"about":[{"href":"https:\/\/www.europesays.com\/fi\/wp-json\/wp\/v2\/types\/post"}],"author":[{"embeddable":true,"href":"https:\/\/www.europesays.com\/fi\/wp-json\/wp\/v2\/users\/2"}],"replies":[{"embeddable":true,"href":"https:\/\/www.europesays.com\/fi\/wp-json\/wp\/v2\/comments?post=117508"}],"version-history":[{"count":0,"href":"https:\/\/www.europesays.com\/fi\/wp-json\/wp\/v2\/posts\/117508\/revisions"}],"wp:featuredmedia":[{"embeddable":true,"href":"https:\/\/www.europesays.com\/fi\/wp-json\/wp\/v2\/media\/117509"}],"wp:attachment":[{"href":"https:\/\/www.europesays.com\/fi\/wp-json\/wp\/v2\/media?parent=117508"}],"wp:term":[{"taxonomy":"category","embeddable":true,"href":"https:\/\/www.europesays.com\/fi\/wp-json\/wp\/v2\/categories?post=117508"},{"taxonomy":"post_tag","embeddable":true,"href":"https:\/\/www.europesays.com\/fi\/wp-json\/wp\/v2\/tags?post=117508"}],"curies":[{"name":"wp","href":"https:\/\/api.w.org\/{rel}","templated":true}]}}