{"id":117512,"date":"2025-12-16T03:03:10","date_gmt":"2025-12-16T03:03:10","guid":{"rendered":"https:\/\/www.europesays.com\/fi\/117512\/"},"modified":"2025-12-16T03:03:10","modified_gmt":"2025-12-16T03:03:10","slug":"legenda-jai-keskelle-bondi-beachin-kauhua-aarimmaisen-pelottavaa","status":"publish","type":"post","link":"https:\/\/www.europesays.com\/fi\/117512\/","title":{"rendered":"Legenda j\u00e4i keskelle Bondi Beachin kauhua: \u201d\u00c4\u00e4rimm\u00e4isen pelottavaa\u201d"},"content":{"rendered":"<p>Krikettilegenda kertoo j\u00e4rkytt\u00e4v\u00e4st\u00e4 kokemuksestaan Sydneyss\u00e4.<\/p>\n<p><img decoding=\"async\" class=\"image image-show image-preview\" src=\"https:\/\/www.europesays.com\/fi\/wp-content\/uploads\/2025\/12\/fc78b80db468b66135eb2b640835d87d0e0fcb5412c1e2d803d18b46ea328502.jpg\" alt=\"\"\/><img decoding=\"async\" class=\"image image-show\" src=\"https:\/\/www.europesays.com\/fi\/wp-content\/uploads\/2025\/12\/1765854190_267_fc78b80db468b66135eb2b640835d87d0e0fcb5412c1e2d803d18b46ea328502.jpg\" alt=\"\"\/><\/p>\n<p>Michael Vaughan toimi Englannin kapteenina vuosien 2003\u20132008 aikana. AOP<\/p>\n<p class=\"paragraph\">Viikonloppuna maailmaa j\u00e4rkytt\u00e4nyt ampumav\u00e4likohtaus Australian Sydneyss\u00e4 sijaitsevalla Bondi Beachilla vaati ainakin 15 ihmisen hengen ja johti laajaan paniikkiin vilkkaalla ranta-alueella.<\/p>\n<p class=\"paragraph\">Iskun v\u00e4litt\u00f6m\u00e4ss\u00e4 l\u00e4heisyydess\u00e4 oli my\u00f6s Englannin krikettimaajoukkueen entinen kapteeni ja lajilegenda <strong>Michael Vaughan<\/strong>, 51.<\/p>\n<p class=\"paragraph\">Vaughan kertoi olleensa perheens\u00e4 kanssa pubissa vain muutaman sadan metrin p\u00e4\u00e4ss\u00e4 ampumispaikalta, kun tilanne \u00e4killisesti eskaloitui.<\/p>\n<p class=\"paragraph\">\u2013 Olin ulkona puhelimessa, kun poliisiautoja alkoi ajaa ohi h\u00e4lytysvalot p\u00e4\u00e4ll\u00e4. Luulin ensin, ett\u00e4 kyseess\u00e4 oli haihy\u00f6kk\u00e4ys tai jokin tappelu rannalla, Vaughan kuvaili <a href=\"https:\/\/x.com\/PiersUncensored\/status\/2000323920856076717?s=20\" target=\"_blank\" rel=\"noopener nofollow\">Piers Morgan Uncensoredissa<\/a>.<\/p>\n<p class=\"paragraph\">Hetke\u00e4 my\u00f6hemmin ravintolan j\u00e4rjestyksenvalvoja kehotti kaikki asiakkaat sis\u00e4lle, mink\u00e4 j\u00e4lkeen ovet suljettiin ja paikka lukittiin. Paikalla olleet joutuivat odottamaan tietoa tapahtumista pitk\u00e4\u00e4n ep\u00e4tietoisuudessa.<\/p>\n<p class=\"paragraph\">\u2013 Meille kerrottiin, ett\u00e4 rannalla oli aseistautunut henkil\u00f6 ja mahdollisesti panttivankeja. Emme tienneet, oliko iskuja k\u00e4ynniss\u00e4 muuallakin kaupungissa. Se oli \u00e4\u00e4rimm\u00e4isen pelottavaa, Vaughan kertoi <strong>Piers Morganille<\/strong>.<\/p>\n<p class=\"paragraph\">Vaughan oli ravintolassa vaimonsa, kahden tytt\u00e4rens\u00e4, k\u00e4lyns\u00e4 ja perheyst\u00e4v\u00e4n kanssa. H\u00e4n kertoi yritt\u00e4neens\u00e4 pysy\u00e4 rauhallisena erityisesti lastensa vuoksi.<\/p>\n<p class=\"paragraph\">\u2013 Tied\u00e4t, ett\u00e4 jotain kauheaa tapahtuu aivan l\u00e4hell\u00e4, mutta et halua uskoa sit\u00e4 todeksi. Olen seurannut terrori-iskuja uutisista Britanniassa, mutta se, ett\u00e4 kuulet laukaukset l\u00e4helt\u00e4, on t\u00e4ysin eri asia. Se on kauhistuttavaa, Vaughan kirjoitti <a href=\"https:\/\/www.telegraph.co.uk\/cricket\/2025\/12\/14\/michael-vaughan-was-at-bondi-beach-during-shooting\/\" target=\"_blank\" rel=\"noopener nofollow\">Telegraphissa<\/a>.<\/p>\n<p class=\"paragraph\">Kuolonuhrien m\u00e4\u00e4r\u00e4 olisi voinut olla korkeampikin, ellei sankariksi ylistetty <strong>Ahmed al-Ahmed<\/strong>, 43, olisi k\u00e4ynyt toisen asemiehen kimppuun ja saanut riisutuksi t\u00e4lt\u00e4 aseen.<\/p>\n<p class=\"paragraph\">Britannian yleisradioyhti\u00f6 BBC on vahvistanut sosiaalisessa mediassa ahkerasti jaetun videon aitouden. Videolla on n\u00e4ht\u00e4viss\u00e4, kuinka hedelm\u00e4kaupan omistaja Ahmed juoksee takaap\u00e4in asemiehen kimppuun, v\u00e4\u00e4nt\u00e4\u00e4 aseen t\u00e4m\u00e4n k\u00e4sist\u00e4 ja t\u00e4m\u00e4n j\u00e4lkeen k\u00e4\u00e4nt\u00e4\u00e4 aseen kohti ep\u00e4ilty\u00e4 tekij\u00e4\u00e4.<\/p>\n<p class=\"paragraph\">Vaughan kiitti Ahmedia rohkeudesta.<\/p>\n<p class=\"paragraph\">\u2013 Ilman h\u00e4nt\u00e4 uhreja olisi voinut olla viel\u00e4 enemm\u00e4n. H\u00e4n on todellinen sankari, Vaughan totesi.<\/p>\n<p class=\"paragraph\">Poliisin mukaan kaksi ampujaa avasi tulen sunnuntaina rannalla j\u00e4rjestetyss\u00e4 tilaisuudessa. Ep\u00e4illyt tekij\u00e4t on tunnistettu is\u00e4ksi ja pojaksi. Toinen heist\u00e4 sai surmansa tapahtumien yhteydess\u00e4, ja useita ihmisi\u00e4 loukkaantui.<\/p>\n","protected":false},"excerpt":{"rendered":"Krikettilegenda kertoo j\u00e4rkytt\u00e4v\u00e4st\u00e4 kokemuksestaan Sydneyss\u00e4. Michael Vaughan toimi Englannin kapteenina vuosien 2003\u20132008 aikana. AOP Viikonloppuna maailmaa j\u00e4rkytt\u00e4nyt ampumav\u00e4likohtaus&hellip;\n","protected":false},"author":2,"featured_media":117513,"comment_status":"","ping_status":"","sticky":false,"template":"","format":"standard","meta":{"footnotes":""},"categories":[5],"tags":[35,22,23,26,27,33,31,30,17,55,24,25,28,29,15,18,21,122,54,52,32,19,20,16,37],"class_list":{"0":"post-117512","1":"post","2":"type-post","3":"status-publish","4":"format-standard","5":"has-post-thumbnail","7":"category-otsikot","8":"tag-24h","9":"tag-breaking-news","10":"tag-breakingnews","11":"tag-featured-news","12":"tag-featurednews","13":"tag-fi","14":"tag-finland","15":"tag-finnish","16":"tag-headlines","17":"tag-lainvalvonta","18":"tag-latest-news","19":"tag-latestnews","20":"tag-main-news","21":"tag-mainnews","22":"tag-news","23":"tag-otsikot","24":"tag-paauutiset","25":"tag-pelastaminen","26":"tag-pelastuspalvelut","27":"tag-poliisi","28":"tag-suomi","29":"tag-top-stories","30":"tag-topstories","31":"tag-uutiset","32":"tag-vakivaltarikokset"},"share_on_mastodon":{"url":"https:\/\/pubeurope.com\/@fi\/115727027933846681","error":""},"_links":{"self":[{"href":"https:\/\/www.europesays.com\/fi\/wp-json\/wp\/v2\/posts\/117512","targetHints":{"allow":["GET"]}}],"collection":[{"href":"https:\/\/www.europesays.com\/fi\/wp-json\/wp\/v2\/posts"}],"about":[{"href":"https:\/\/www.europesays.com\/fi\/wp-json\/wp\/v2\/types\/post"}],"author":[{"embeddable":true,"href":"https:\/\/www.europesays.com\/fi\/wp-json\/wp\/v2\/users\/2"}],"replies":[{"embeddable":true,"href":"https:\/\/www.europesays.com\/fi\/wp-json\/wp\/v2\/comments?post=117512"}],"version-history":[{"count":0,"href":"https:\/\/www.europesays.com\/fi\/wp-json\/wp\/v2\/posts\/117512\/revisions"}],"wp:featuredmedia":[{"embeddable":true,"href":"https:\/\/www.europesays.com\/fi\/wp-json\/wp\/v2\/media\/117513"}],"wp:attachment":[{"href":"https:\/\/www.europesays.com\/fi\/wp-json\/wp\/v2\/media?parent=117512"}],"wp:term":[{"taxonomy":"category","embeddable":true,"href":"https:\/\/www.europesays.com\/fi\/wp-json\/wp\/v2\/categories?post=117512"},{"taxonomy":"post_tag","embeddable":true,"href":"https:\/\/www.europesays.com\/fi\/wp-json\/wp\/v2\/tags?post=117512"}],"curies":[{"name":"wp","href":"https:\/\/api.w.org\/{rel}","templated":true}]}}