{"id":117518,"date":"2025-12-16T03:23:13","date_gmt":"2025-12-16T03:23:13","guid":{"rendered":"https:\/\/www.europesays.com\/fi\/117518\/"},"modified":"2025-12-16T03:23:13","modified_gmt":"2025-12-16T03:23:13","slug":"jack-blackin-kaarmekokemus-uhkasi-menna-pipariksi-mutta-sitten-tuli-tarkea-peukku-kuin-paavi-olisi-siunannut-minut","status":"publish","type":"post","link":"https:\/\/www.europesays.com\/fi\/117518\/","title":{"rendered":"Jack Blackin k\u00e4\u00e4rmekokemus uhkasi menn\u00e4 pipariksi, mutta sitten tuli t\u00e4rke\u00e4 peukku \u2013 \u201dKuin Paavi olisi siunannut minut\u201d"},"content":{"rendered":"<p><strong>Paul Ruddin<\/strong> ja <strong>Jack Blackin<\/strong> t\u00e4hditt\u00e4m\u00e4 Anaconda on jonkinlainen uudelleenk\u00e4ynnistys, henkinen jatko-osa tai meta-elokuva vuoden 1997 samannimiselle camp-klassikolle.<\/p>\n<p>Rudd kertoi, ett\u00e4 h\u00e4nelle oli erityisen t\u00e4rke\u00e4\u00e4, ett\u00e4 alkuper\u00e4isess\u00e4 elokuvassa esiintynyt<strong> Ice Cube<\/strong> antaisi hyv\u00e4ksynt\u00e4ns\u00e4 uudelle elokuvalle.<\/p>\n<p>Lue my\u00f6s: <a href=\"https:\/\/www.episodi.fi\/uutiset\/kohta-saapuvat-anaconda-ja-jack-black-katso-uusi-video-kulissien-takaa\/\" title=\"Kohta saapuvat Anaconda ja Jack Black \u2013 Katso uusi video kulissien takaa\" class=\"underline-custom !font-montserrat !font-bold !underline-offset-4 !decoration-4 !decoration-episodi-blue !text-md\" rel=\"nofollow noopener\" target=\"_blank\">Kohta saapuvat Anaconda ja Jack Black \u2013 Katso uusi video kulissien takaa<\/a><\/p>\n<p>Lue my\u00f6s: <a href=\"https:\/\/www.episodi.fi\/uutiset\/jack-black-ja-paul-rudd-joutuvat-jattikaarmeen-armoille-katso-uuden-anacondan-traileri\/\" title=\"Jack Black ja Paul Rudd joutuvat j\u00e4ttik\u00e4\u00e4rmeen armoille \u2013 katso uuden Anacondan traileri\" class=\"underline-custom !font-montserrat !font-bold !underline-offset-4 !decoration-4 !decoration-episodi-blue !text-md\" rel=\"nofollow noopener\" target=\"_blank\">Jack Black ja Paul Rudd joutuvat j\u00e4ttik\u00e4\u00e4rmeen armoille \u2013 katso uuden Anacondan traileri<\/a><\/p>\n<p>Luultavasti siksi, ett\u00e4 h\u00e4net saatiin cameo-rooliin.<\/p>\n<p>\u201dSe oli todella iso juttu. Kuin tulisi paavin siunaamaksi. Menin h\u00e4nen luokseen, suutelin sormusta, h\u00e4n taputti minua p\u00e4\u00e4h\u00e4n ja sanoi: \u201dhyvin tehty, poika\u201d\u201d, Rudd vitsaili.<\/p>\n<p>Black korosti, ett\u00e4 Ice Cube oli alkuper\u00e4isen Anacondan keskeinen kasvo ja \u201dsiunauksen\u201d olleen merkki siit\u00e4, ett\u00e4 he ovat Ruddin kanssa tehneet jotain oikein.<\/p>\n<p>Anaconda saa ensi-iltansa joulup\u00e4iv\u00e4n\u00e4.<\/p>\n<p><img loading=\"lazy\" decoding=\"async\" alt=\"YouTube video\" width=\"480\" height=\"360\" data-pin-nopin=\"true\" nopin=\"nopin\" class=\"perfmatters-lazy\" src=\"https:\/\/www.europesays.com\/fi\/wp-content\/uploads\/2025\/12\/1765855389_658_hqdefault.jpg\"\/><\/p>\n<p>L\u00e4hde: <a href=\"https:\/\/www.hollywoodreporter.com\/movies\/movie-news\/paul-rudd-ice-cube-approval-new-anaconda-jack-black-1236450216\/\" rel=\"nofollow noopener\" target=\"_blank\">THR<\/a><\/p>\n<p>Lue my\u00f6s: <a href=\"https:\/\/www.episodi.fi\/uutiskirje\/?uutiskirjemainos=tekstilinkkimainos\" title=\"Tilaa Episodin uutiskirje ja voit voittaa leffalippuja! Nappaa tv-vinkit suoraan s\u00e4hk\u00f6postiin t\u00e4st\u00e4.\" class=\"underline-custom !font-montserrat !font-bold !underline-offset-4 !decoration-4 !decoration-episodi-blue !text-md\" rel=\"nofollow noopener\" target=\"_blank\">Tilaa Episodin uutiskirje ja voit voittaa leffalippuja! Nappaa katseluvinkit suoraan s\u00e4hk\u00f6postiin t\u00e4st\u00e4.<\/a><\/p>\n","protected":false},"excerpt":{"rendered":"Paul Ruddin ja Jack Blackin t\u00e4hditt\u00e4m\u00e4 Anaconda on jonkinlainen uudelleenk\u00e4ynnistys, henkinen jatko-osa tai meta-elokuva vuoden 1997 samannimiselle camp-klassikolle.&hellip;\n","protected":false},"author":2,"featured_media":117519,"comment_status":"","ping_status":"","sticky":false,"template":"","format":"standard","meta":{"footnotes":""},"categories":[130],"tags":[12413,137,33,31,30,32,109],"class_list":{"0":"post-117518","1":"post","2":"type-post","3":"status-publish","4":"format-standard","5":"has-post-thumbnail","7":"category-viihde","8":"tag-anaconda","9":"tag-entertainment","10":"tag-fi","11":"tag-finland","12":"tag-finnish","13":"tag-suomi","14":"tag-viihde"},"share_on_mastodon":{"url":"https:\/\/pubeurope.com\/@fi\/115727106484525996","error":""},"_links":{"self":[{"href":"https:\/\/www.europesays.com\/fi\/wp-json\/wp\/v2\/posts\/117518","targetHints":{"allow":["GET"]}}],"collection":[{"href":"https:\/\/www.europesays.com\/fi\/wp-json\/wp\/v2\/posts"}],"about":[{"href":"https:\/\/www.europesays.com\/fi\/wp-json\/wp\/v2\/types\/post"}],"author":[{"embeddable":true,"href":"https:\/\/www.europesays.com\/fi\/wp-json\/wp\/v2\/users\/2"}],"replies":[{"embeddable":true,"href":"https:\/\/www.europesays.com\/fi\/wp-json\/wp\/v2\/comments?post=117518"}],"version-history":[{"count":0,"href":"https:\/\/www.europesays.com\/fi\/wp-json\/wp\/v2\/posts\/117518\/revisions"}],"wp:featuredmedia":[{"embeddable":true,"href":"https:\/\/www.europesays.com\/fi\/wp-json\/wp\/v2\/media\/117519"}],"wp:attachment":[{"href":"https:\/\/www.europesays.com\/fi\/wp-json\/wp\/v2\/media?parent=117518"}],"wp:term":[{"taxonomy":"category","embeddable":true,"href":"https:\/\/www.europesays.com\/fi\/wp-json\/wp\/v2\/categories?post=117518"},{"taxonomy":"post_tag","embeddable":true,"href":"https:\/\/www.europesays.com\/fi\/wp-json\/wp\/v2\/tags?post=117518"}],"curies":[{"name":"wp","href":"https:\/\/api.w.org\/{rel}","templated":true}]}}