{"id":117522,"date":"2025-12-16T03:27:10","date_gmt":"2025-12-16T03:27:10","guid":{"rendered":"https:\/\/www.europesays.com\/fi\/117522\/"},"modified":"2025-12-16T03:27:10","modified_gmt":"2025-12-16T03:27:10","slug":"ranskassa-tikittaa-maga-euroopan-aikapommi-verkkouutiset","status":"publish","type":"post","link":"https:\/\/www.europesays.com\/fi\/117522\/","title":{"rendered":"Ranskassa tikitt\u00e4\u00e4 MAGA-Euroopan aikapommi | Verkkouutiset"},"content":{"rendered":"<p class=\"ai-optimize-8 ai-optimize-introduction\">Ranskan presidentinvaaligallupien k\u00e4rjess\u00e4 on ollut jo kuukausia Kansallisen liittouman johtaja <strong>Jordan Bardella<\/strong>. <strong>Marine Le Penin<\/strong> seuraajaksi noussut nuori ja karismaattinen poliitikko on monessa mieless\u00e4 poikkeuksellinen ranskalainen huippupoliitikko.<\/p>\n<p class=\"ai-optimize-9\">Toisin kuin suurin osa h\u00e4nen kollegoistaan Bardella ei ole k\u00e4ynyt edes yliopistoa vaan on aikoinaan maantieteen Sorbonnen yliopisto\u2013opinnot keskeytt\u00e4nyt. H\u00e4n on syntynyt Pariisin kupeessa olevassa Drancyn k\u00f6yh\u00e4ss\u00e4 kaupungissa. Urakehitys on jo pelk\u00e4st\u00e4\u00e4n t\u00e4ss\u00e4 kontekstissa ollut kiinnostava ja nopea.<\/p>\n<p class=\"ai-optimize-10\">Potentiaalisissa \u00e4\u00e4nest\u00e4jiss\u00e4 Bardella her\u00e4tt\u00e4\u00e4 luottamusta, koska h\u00e4n puhuu rauhallisesti, selke\u00e4sti ja taustastaan huolimatta huolitelluin sanak\u00e4\u00e4ntein. Akateemisen taustan puute ei iske vastaan. Selkeys ja ymm\u00e4rrett\u00e4vyys toimivat. Ranskan poliittisessa historiassa ei ole aiemmin n\u00e4hty vastaavaa nousutarinaa. Perinteisesti k\u00e4rkipoliitikot ovat olleet eliittikorkeakoulu ENA:n kasvattej,a ja usein lakimies- tai valtionhallinnon taustan omaavia pitk\u00e4n linjan toimijoita.<\/p>\n<p class=\"ai-optimize-11\">Jordan Bardellan tausta ja persoona kiinnostavatkin t\u00e4ll\u00e4 hetkell\u00e4 \u00e4\u00e4nest\u00e4ji\u00e4 my\u00f6s Kansallisen liittouman ulkopuolella. Vaalin toisen kierroksen lopputuloksen kannalta Bardellan kannatuspotentiaali on keskeisin huomio.<\/p>\n<p class=\"ai-optimize-12\">Mielipidemittaukset osoittavat, ett\u00e4 Bardella voittaisi selvin numeroin kaikki mahdolliset haastajansa. Yht\u00e4 lailla Bardellan kokemattomuus ja imago peitt\u00e4v\u00e4t alleen lukemattomia kysymysmerkkej\u00e4.<\/p>\n<p>Untuvikko<\/p>\n<p class=\"ai-optimize-14\">Jordan Bardellan \u00e4skett\u00e4in julkaistu vaalikirja Ce que veulent les Fran\u00e7ais (suom. Se mit\u00e4 ranskalaiset haluavat) sai ristiriitaisen vastaanoton. Myyntimenestyksest\u00e4\u00e4n huolimatta Bardellan teos toistaa kritiikin mukaan samoja teemoja, joita Kansalliselta liittoumalta on kuultu ennenkin.<\/p>\n<p class=\"ai-optimize-15\">Bardella on koonnut kirjaansa parikymment\u00e4 ranskalaisten itsens\u00e4 kirjoittamaa tarinaa, jotka on valittu tarkoituksellisesti tukemaan Kansallisen liittouman ja Bardellan poliittista ydinsanomaa. Ranskan politiikassa on aina ollut tilausta populismille ja kansan kritiikitt\u00f6m\u00e4lle rakastamiselle. T\u00e4t\u00e4 asetelmaa Kansallinen liittouma on aina osannut hy\u00f6dynt\u00e4\u00e4 ja t\u00e4m\u00e4 on my\u00f6s Bardellan vaalikirjan ydint\u00e4.<\/p>\n<p class=\"ai-optimize-16\">Jo teoksen nimi nostaa populistisella otteella kansan puhtoiselle jalustalle. Ranska esitet\u00e4\u00e4n fiktiivisess\u00e4 koherentissa narratiivissa, jossa kansan syv\u00e4t ja yhten\u00e4iset rivit tiet\u00e4v\u00e4t, mit\u00e4 pit\u00e4isi tehd\u00e4 ja miten. Totuus on toisenlainen. Ranska on t\u00e4ll\u00e4 hetkell\u00e4 hyvin polarisoitunut ja riitainen. Mit\u00e4\u00e4n yhten\u00e4ist\u00e4 Ranskaa ei ole ollut vuosikymmeniin.<\/p>\n<p class=\"ai-optimize-17\">Bardellan politiikan pohjaviritys on edelleen nationalistinen ja eliitin vastainen. Siin\u00e4 korostuvat niin maahanmuuton ratkaisemattomat ongelmat kuin identiteettiin liittyv\u00e4t kysymykset. \u00a0Vastakkainasettelu presidentti <strong>Emmanuel Macronin<\/strong> ja Ranskaa aikaisemmin hallinneen eliitin kanssa on selv\u00e4 ja t\u00e4lt\u00e4 osin perusteltu. Teos on siten tyypillist\u00e4 populismia puhtaimmillaan.<\/p>\n<p class=\"ai-optimize-18\">Suuri yleis\u00f6 on joka tapauksessa ottanut kirjan omakseen huolimatta pinnallisuudesta ja toistosta. Bardella vakuuttaa tuntevansa tavallisten ranskalaisten arjen ongelmat, jossa toki h\u00e4nen vaatimaton taustansa tuo uskottavuutta.<\/p>\n<p>Todellinen valta j\u00e4isi kulisseihin<\/p>\n<p class=\"ai-optimize-20\">Ranskan ja Euroopan kannalta Kansallisen liittouman valtaannousu 2027 kev\u00e4\u00e4ll\u00e4 olisi t\u00e4ysin uusi kortti. Kansallinen liittouma ei ole ollut historiansa aikana yhdess\u00e4k\u00e4\u00e4n hallituksessa.<\/p>\n<p class=\"ai-optimize-21\">Puolue, tai sen riveist\u00e4 ponnistava henkil\u00f6, ei ole koskaan johtanut ainuttakaan Ranskalle tai Euroopalle strategisesti merkitt\u00e4v\u00e4\u00e4 instituutiota. T\u00e4m\u00e4 tarkoittaa, ett\u00e4 Kansallinen liittouma ei ole koskaan joutunut m\u00e4\u00e4ritt\u00e4m\u00e4\u00e4n Ranskan pitk\u00e4n aikav\u00e4lin tavoitteita ulko-, turvallisuus-, puolustus- tai Eurooppa-politiikassa.<\/p>\n<p class=\"ai-optimize-22\">N\u00e4m\u00e4 kaikki ovat politiikan alueita, joiden jatkuvuus on perinteisesti ollut Ranskan vahvan eurooppalaisen aseman perusta. Nollakokemus Euroopan nykyisin\u00e4 vaaran vuosina olisi hyvin arvelluttava yht\u00e4l\u00f6. Maanosan tulevaisuuden kannalta asetelma voi osoittautua gallialaiseksi aikapommiksi.<\/p>\n<p class=\"ai-optimize-23\">Politiikassa kokemattomuus luo usein haavoittuneisuutta. T\u00e4m\u00e4 johtaa usein v\u00e4\u00e4riin p\u00e4\u00e4t\u00f6ksiin ja tempoilevaan politiikkaan.<\/p>\n<p class=\"ai-optimize-24\">Kokematon presidentti voisi j\u00e4\u00e4d\u00e4 Marine Le Penin instrumentiksi. Todellinen valta olisi h\u00e4nell\u00e4 ja entisen puoluejohtajan johtamilla verkostoilla. T\u00e4ss\u00e4 kontekstissa Bardella olisi lopulta vain puolue\u2013eliitin et\u00e4ohjauksessa oleva nukke ja keulakuva ilman omaa poliittista visiota tai tahtoa.<\/p>\n<p>Presidentinvaali heijastuu tuleviin parlamenttivaaleihin<\/p>\n<p class=\"ai-optimize-26\">Euroopan kehityksen kannalta Kansallisen liittouman menestys olisi jopa fataalia. Ranskan historiassa vaalit voittanut presidentti ja h\u00e4nen edustamansa puolue menestyy poikkeuksetta hyvin my\u00f6s parlamenttivaaleissa. N\u00e4m\u00e4 Ranskassa pidet\u00e4\u00e4n kes\u00e4kuussa 2027 ja v\u00e4risuora absoluuttisen enemmist\u00f6n muodossa ei ole mahdottomuus,<\/p>\n<p class=\"ai-optimize-27\">Euroopalle v\u00e4ltt\u00e4m\u00e4t\u00f6n Saksan ja Ranskan tandemi murtuisi Kansallisen liittouman ideologisiin valintoihin. T\u00e4ss\u00e4 asetelmassa kansallinen suvereniteetti, ylikansallinen p\u00e4\u00e4t\u00f6ksenteko ja pyrkimykset Euroopan strategisen autonomian lis\u00e4\u00e4miseen olisivat mahdoton yht\u00e4l\u00f6. My\u00f6s keskustelut Ranskan ydinasesateenvarjon ulottamisesta Euroopan p\u00e4\u00e4lle voitaisiin unohtaa.<\/p>\n<p class=\"ai-optimize-28\">Sis\u00e4isesti ja ulkopolitiikassa hapuileva eurooppalainen suurvalta olisi entist\u00e4 helpompi hybridivaikuttamisen kohde niin Kiinalle kuin Ven\u00e4j\u00e4llekin. Kansallinen liittouma on vuosikymmeni\u00e4 ajanut my\u00f6s Natosta irtaantumista, johon Bardella itse on suhtautunut nykyisen Ukrainan sodan aikana kielteisesti. Mit\u00e4 sodan j\u00e4lkeen seuraisi, on sitten kokonaan toinen asia.<\/p>\n<p>MAGA-Eurooppa on todellinen mahdollisuus<\/p>\n<p class=\"ai-optimize-30\">Yhdysvaltojen hallinnon hiljattain julkaistu ulkopoliittinen strategia resonoi kiinnostavasti Euroopan suhteen Kansallisen liittouman politiikan pohjavirett\u00e4. Trumpin hallinto korostaa kansallisvaltioiden suvereniteettia, eurooppalaisen identiteetin ja maahanmuuttokysymysten ongelmien yhteytt\u00e4 toisiinsa ja Ven\u00e4j\u00e4n intressien ymm\u00e4rt\u00e4mist\u00e4. N\u00e4m\u00e4 kaikki ovat Kansallisen liittouman pelikirjan mukaisia pitk\u00e4n t\u00e4ht\u00e4imen tavoitteita.<\/p>\n<p class=\"ai-optimize-31\">Ven\u00e4j\u00e4 jo itsess\u00e4\u00e4n muodostaa l\u00e4hiaikoina kiinnostavan haasteen niin Bardellalle itselleen kuin my\u00f6s laajemmin puolueelle. Kansallisen liittouman Ven\u00e4j\u00e4-kytk\u00f6kset ovat virallisesti menneet poikki ja vuosia sitten, mutta niiden uudelleen k\u00e4ynnist\u00e4minen sodan j\u00e4lkeen on vain ajan kysymys.<\/p>\n<p class=\"ai-optimize-32\">Kritiikki muutenkin Ven\u00e4j\u00e4\u00e4 ja <strong>Vladimir Putinia<\/strong> kohtaan on vaikuttanut enemm\u00e4n p\u00e4\u00e4lle liimatulta, kuin aidolta. Mit\u00e4\u00e4n aloitteita sodan j\u00e4lkeisen Ukrainan aseman takaamiseksi ei ole kuulunut, koska niit\u00e4 ei voi puolueen historia tuntien edes olla.<\/p>\n<p class=\"ai-optimize-33\">EU:n ja Naton laajeneminen eiv\u00e4t sovi Kansallisen liittouman palapeliin, kuten ne eiv\u00e4t sovi my\u00f6sk\u00e4\u00e4n presidentti <strong>Donald Trumpille<\/strong>. MAGA\u2013Eurooppa on siten todellinen ja potentiaalinen maanosan laajuinen skenaario.<\/p>\n<p>Tyypillinen ajankuva<\/p>\n<p>Poimintoja videosis\u00e4ll\u00f6ist\u00e4mme<\/p>\n<p class=\"ai-optimize-35\">Jordan Bardellan teht\u00e4v\u00e4 vaikuttaa selv\u00e4lt\u00e4. H\u00e4n toimii Kansallisen liittouman siistin\u00e4 ja siloiteltuna ja jopa kirurgisen tarkkana populistisena myyntimiehen\u00e4, jota Ranskan ei\u2013vasemmistolainen laaja kentt\u00e4 voi harkita \u00e4\u00e4nest\u00e4v\u00e4ns\u00e4. Huoliteltu imago on kuin r\u00e4\u00e4t\u00e4linty\u00f6n\u00e4 tehty palvelemaan sosiaalisen median aikakautta ja sen edustamaa pinnallisuutta.<\/p>\n<p class=\"ai-optimize-36\">Poliittisessa mieless\u00e4 Bardella ja Kansallinen liittouma tukeutuvat sek\u00e4 ty\u00f6v\u00e4enluokkaisiin tukijoihin ett\u00e4 Ranskan laajaan ja puolueisiin pettyneisiin keskiluokan \u00e4\u00e4nest\u00e4jiin. Paradoksaalisesti vajaassa vuosikymmeness\u00e4 ei t\u00e4lt\u00e4 osin mik\u00e4\u00e4n ole muuttunut. Emmanuel Macron p\u00e4\u00e4si valtaan samalla pohjalla: pettynyt keskiluokka ja vanhoihin puolueisiin\u00a0 laajemmin pettyneet \u00e4\u00e4nest\u00e4j\u00e4t loivat Macron\u2013ilmi\u00f6n.<\/p>\n<p class=\"ai-optimize-37\">Ranskan keskustaoikeistolle tilanne on vaikea. Keskusteluissa on ollut esill\u00e4 jopa yhteinen presidenttiehdokas, joka voisi teoriassa luoda vastavoiman Bardellalle. Ongelmaksi muodostuu t\u00e4ll\u00e4 hetkell\u00e4 se, ett\u00e4 t\u00e4llaista ehdokasta ei ole n\u00e4k\u00f6piiriss\u00e4.<\/p>\n<p class=\"ai-optimize-38\">Toinen viel\u00e4 vakavampi ongelma liittyy politiikan sis\u00e4lt\u00f6ihin. Ranskan keskustaoikeisto on menett\u00e4nyt poliittisen identiteettins\u00e4 globalisaation, Macronismin ja populismin puristuksessa.<\/p>\n<p class=\"ai-optimize-39\">Emmanuel Macroniin kohdistuivat aikoinaan valtavat odotukset. H\u00e4nen uskottiin tuovan Ranskaan uuden aikakauden ja jopa yhdist\u00e4v\u00e4n koko maan. T\u00e4m\u00e4 tavoite ei koskaan toteutunut.<\/p>\n<p class=\"ai-optimize-40\">Ranskan poliittinen suunta hakee j\u00e4lleen itse\u00e4\u00e4n. Vuosi 2027 m\u00e4\u00e4rittelee sen, kenelle ja mille arvopohjalle suunta seuraavaksi rakentuu.<\/p>\n","protected":false},"excerpt":{"rendered":"Ranskan presidentinvaaligallupien k\u00e4rjess\u00e4 on ollut jo kuukausia Kansallisen liittouman johtaja Jordan Bardella. Marine Le Penin seuraajaksi noussut nuori&hellip;\n","protected":false},"author":2,"featured_media":117523,"comment_status":"","ping_status":"","sticky":false,"template":"","format":"standard","meta":{"footnotes":""},"categories":[14],"tags":[22,23,26,27,33,31,30,17,24,25,28,29,15,18,21,637,1422,32,19,20,56,16,59,60,61],"class_list":{"0":"post-117522","1":"post","2":"type-post","3":"status-publish","4":"format-standard","5":"has-post-thumbnail","7":"category-ulkomaat","8":"tag-breaking-news","9":"tag-breakingnews","10":"tag-featured-news","11":"tag-featurednews","12":"tag-fi","13":"tag-finland","14":"tag-finnish","15":"tag-headlines","16":"tag-latest-news","17":"tag-latestnews","18":"tag-main-news","19":"tag-mainnews","20":"tag-news","21":"tag-otsikot","22":"tag-paauutiset","23":"tag-politiikka","24":"tag-ranska","25":"tag-suomi","26":"tag-top-stories","27":"tag-topstories","28":"tag-ulkomaat","29":"tag-uutiset","30":"tag-world","31":"tag-world-news","32":"tag-worldnews"},"share_on_mastodon":{"url":"https:\/\/pubeurope.com\/@fi\/115727122025305647","error":""},"_links":{"self":[{"href":"https:\/\/www.europesays.com\/fi\/wp-json\/wp\/v2\/posts\/117522","targetHints":{"allow":["GET"]}}],"collection":[{"href":"https:\/\/www.europesays.com\/fi\/wp-json\/wp\/v2\/posts"}],"about":[{"href":"https:\/\/www.europesays.com\/fi\/wp-json\/wp\/v2\/types\/post"}],"author":[{"embeddable":true,"href":"https:\/\/www.europesays.com\/fi\/wp-json\/wp\/v2\/users\/2"}],"replies":[{"embeddable":true,"href":"https:\/\/www.europesays.com\/fi\/wp-json\/wp\/v2\/comments?post=117522"}],"version-history":[{"count":0,"href":"https:\/\/www.europesays.com\/fi\/wp-json\/wp\/v2\/posts\/117522\/revisions"}],"wp:featuredmedia":[{"embeddable":true,"href":"https:\/\/www.europesays.com\/fi\/wp-json\/wp\/v2\/media\/117523"}],"wp:attachment":[{"href":"https:\/\/www.europesays.com\/fi\/wp-json\/wp\/v2\/media?parent=117522"}],"wp:term":[{"taxonomy":"category","embeddable":true,"href":"https:\/\/www.europesays.com\/fi\/wp-json\/wp\/v2\/categories?post=117522"},{"taxonomy":"post_tag","embeddable":true,"href":"https:\/\/www.europesays.com\/fi\/wp-json\/wp\/v2\/tags?post=117522"}],"curies":[{"name":"wp","href":"https:\/\/api.w.org\/{rel}","templated":true}]}}