{"id":117524,"date":"2025-12-16T03:28:14","date_gmt":"2025-12-16T03:28:14","guid":{"rendered":"https:\/\/www.europesays.com\/fi\/117524\/"},"modified":"2025-12-16T03:28:14","modified_gmt":"2025-12-16T03:28:14","slug":"huippukokous-voi-aiheuttaa-liikennekatkoksia-paikalliset","status":"publish","type":"post","link":"https:\/\/www.europesays.com\/fi\/117524\/","title":{"rendered":"Huippukokous voi aiheuttaa liikennekatkoksia | Paikalliset"},"content":{"rendered":"<p>Seitsem\u00e4n Euroopan unionin valtionjohtajaa kokoontuu tiistaina 16. joulukuuta Helsinkiin.<\/p>\n<p>Vieraiden siirtym\u00e4t voivat aiheuttaa my\u00f6s poikkeusj\u00e4rjestelyit\u00e4 ja hetkellisi\u00e4 katkoksia liikenteess\u00e4 p\u00e4\u00e4asiassa keskustan alueella, poliisi kertoo tiedotteessa.<\/p>\n<p>Poliisi<strong class=\"diks-storyline__impact\"> <\/strong>vastaa huippukokoukseen liittyvist\u00e4 turvallisuus- ja liikennej\u00e4rjestelyist\u00e4, ja ohjaa tarvittaessa liikennett\u00e4.<\/p>\n<p><strong class=\"diks-storyline__impact\">Eastern Flank<\/strong> -huippukokouksen on kutsunut koolle p\u00e4\u00e4ministeri <strong>Petteri Orpo <\/strong>(kok.).<\/p>\n<p><strong class=\"diks-storyline__impact\">Yksip\u00e4iv\u00e4iseen<\/strong> kokoukseen ovat tulossa p\u00e4\u00e4ministerit <strong>Ulf Kristersson<\/strong> (Ruotsi), <strong>Kristen Michal <\/strong>(Viro), <strong>Evika Sili\u0146a <\/strong>(Latvia), <strong>Donald Tusk<\/strong> (Puola) ja <strong>Rosen \u017deljazkov<\/strong> (Bulgaria) sek\u00e4 presidentit <strong>Nicu\u0219or Dan<\/strong> (Romania) ja<strong> Gitanas Naus\u0117da<\/strong> (Liettua).<\/p>\n<p><strong class=\"diks-storyline__impact\">P\u00e4\u00e4ministeri<\/strong> Petteri Orpon mukaan kohtaaminen on erinomainen tilaisuus k\u00e4yd\u00e4 perusteellisia keskusteluja turvallisuusuhista, Valtioneuvosto kertoo tiedotteessaan.<\/p>\n<p>Samalla Euroopan it\u00e4iset reunavaltiot voivat lujittaa edelleen puolustus- ja rajayhteisty\u00f6t\u00e4\u00e4n.<\/p>\n","protected":false},"excerpt":{"rendered":"Seitsem\u00e4n Euroopan unionin valtionjohtajaa kokoontuu tiistaina 16. joulukuuta Helsinkiin. Vieraiden siirtym\u00e4t voivat aiheuttaa my\u00f6s poikkeusj\u00e4rjestelyit\u00e4 ja hetkellisi\u00e4 katkoksia&hellip;\n","protected":false},"author":2,"featured_media":117525,"comment_status":"","ping_status":"","sticky":false,"template":"","format":"standard","meta":{"footnotes":""},"categories":[12],"tags":[22,23,1617,26,27,33,31,30,17,104,24,25,28,29,15,18,21,637,32,19,20,4385,16],"class_list":{"0":"post-117524","1":"post","2":"type-post","3":"status-publish","4":"format-standard","5":"has-post-thumbnail","7":"category-suomi","8":"tag-breaking-news","9":"tag-breakingnews","10":"tag-euroopan-unioni","11":"tag-featured-news","12":"tag-featurednews","13":"tag-fi","14":"tag-finland","15":"tag-finnish","16":"tag-headlines","17":"tag-helsinki","18":"tag-latest-news","19":"tag-latestnews","20":"tag-main-news","21":"tag-mainnews","22":"tag-news","23":"tag-otsikot","24":"tag-paauutiset","25":"tag-politiikka","26":"tag-suomi","27":"tag-top-stories","28":"tag-topstories","29":"tag-ulkopolitiikka-ja-kansainvalinen-politiikka","30":"tag-uutiset"},"share_on_mastodon":{"url":"https:\/\/pubeurope.com\/@fi\/115727126020089981","error":""},"_links":{"self":[{"href":"https:\/\/www.europesays.com\/fi\/wp-json\/wp\/v2\/posts\/117524","targetHints":{"allow":["GET"]}}],"collection":[{"href":"https:\/\/www.europesays.com\/fi\/wp-json\/wp\/v2\/posts"}],"about":[{"href":"https:\/\/www.europesays.com\/fi\/wp-json\/wp\/v2\/types\/post"}],"author":[{"embeddable":true,"href":"https:\/\/www.europesays.com\/fi\/wp-json\/wp\/v2\/users\/2"}],"replies":[{"embeddable":true,"href":"https:\/\/www.europesays.com\/fi\/wp-json\/wp\/v2\/comments?post=117524"}],"version-history":[{"count":0,"href":"https:\/\/www.europesays.com\/fi\/wp-json\/wp\/v2\/posts\/117524\/revisions"}],"wp:featuredmedia":[{"embeddable":true,"href":"https:\/\/www.europesays.com\/fi\/wp-json\/wp\/v2\/media\/117525"}],"wp:attachment":[{"href":"https:\/\/www.europesays.com\/fi\/wp-json\/wp\/v2\/media?parent=117524"}],"wp:term":[{"taxonomy":"category","embeddable":true,"href":"https:\/\/www.europesays.com\/fi\/wp-json\/wp\/v2\/categories?post=117524"},{"taxonomy":"post_tag","embeddable":true,"href":"https:\/\/www.europesays.com\/fi\/wp-json\/wp\/v2\/tags?post=117524"}],"curies":[{"name":"wp","href":"https:\/\/api.w.org\/{rel}","templated":true}]}}