{"id":117530,"date":"2025-12-16T03:41:13","date_gmt":"2025-12-16T03:41:13","guid":{"rendered":"https:\/\/www.europesays.com\/fi\/117530\/"},"modified":"2025-12-16T03:41:13","modified_gmt":"2025-12-16T03:41:13","slug":"lindsay-lohanista-tuli-maggien-aaninayttelija-simpsoneissa-unelmien-tayttymys","status":"publish","type":"post","link":"https:\/\/www.europesays.com\/fi\/117530\/","title":{"rendered":"Lindsay Lohanista tuli Maggien \u00e4\u00e4nin\u00e4yttelij\u00e4 Simpsoneissa: \u201cUnelmien t\u00e4yttymys\u201d"},"content":{"rendered":"<p>Simpsonien 37. kauden jaksoja esitt\u00e4\u00e4 Suomessa tuoreeltaan Disney+.<\/p>\n<p><a href=\"https:\/\/muropaketti.com\/avainsana\/lindsay-lohan\/\" rel=\"nofollow noopener\" target=\"_blank\">Lindsay Lohan<\/a> hehkuttaa Instagram-p\u00e4ivityksiss\u00e4\u00e4n rooliaan viime y\u00f6n\u00e4 Suomen aikaa Yhdysvalloissa esitetyss\u00e4 Simpsonien 37. kauden 11. jaksossa nimelt\u00e4\u00e4n Parahormonal Activity.<\/p>\n<p>Lohan toimii muutaman vuoden tulevaisuuteen sijoittuvassa jaksossa Maggien \u00e4\u00e4nin\u00e4yttelij\u00e4n\u00e4, jonka h\u00e4n hehkuttaa p\u00e4ivityksess\u00e4\u00e4n olevan unelmien t\u00e4yttymys. N\u00e4yttelij\u00e4 julkaisi sometilill\u00e4\u00e4n my\u00f6s n\u00e4ytep\u00e4tk\u00e4n uunituoreesta episodista.<\/p>\n<p>Lohan on n\u00e4hty t\u00e4n\u00e4 vuonna muun muassa elokuun alussa elokuvateatteriensi-iltansa saaneen Perjantai on pahin 2 -leffan toisessa p\u00e4\u00e4osassa. Elokuva tuli tarjolle Disney+:aan jo 12. marraskuuta.<\/p>\n<p>Suomessa Disney+ esitt\u00e4\u00e4 my\u00f6s Simpsonien uuden kauden jaksoja esitt\u00e4\u00e4 suht tuoreeltaan. Palvelusssa on julkaistu 37. kauden jaksoja t\u00e4h\u00e4n menness\u00e4 seitsem\u00e4n.<\/p>\n<p>Simpsonien 800. jakso n\u00e4hd\u00e4\u00e4n helmikuussa, jolloin Disney+ juhlistaa tasalukua antamalla keltaisille mulkosilmille oman, episodeja tauotta py\u00f6ritt\u00e4v\u00e4n osion.<\/p>\n<p>Uusi Simpsons-elokuva saa puolestaan ensi-iltansa 23.7.2027. <\/p>\n<blockquote class=\"instagram-media\" data-instgrm-captioned=\"\" data-instgrm-permalink=\"https:\/\/www.instagram.com\/p\/DSKzfOWlNKI\/?utm_source=ig_embed&amp;utm_campaign=loading\" data-instgrm-version=\"14\" style=\" background:#FFF; border:0; border-radius:3px; box-shadow:0 0 1px 0 rgba(0,0,0,0.5),0 1px 10px 0 rgba(0,0,0,0.15); margin: 1px; max-width:540px; min-width:326px; padding:0; width:99.375%; width:-webkit-calc(100% - 2px); width:calc(100% - 2px);\"\/>\n<blockquote class=\"instagram-media\" data-instgrm-captioned=\"\" data-instgrm-permalink=\"https:\/\/www.instagram.com\/reel\/DSLZ5m_gU02\/?utm_source=ig_embed&amp;utm_campaign=loading\" data-instgrm-version=\"14\" style=\" background:#FFF; border:0; border-radius:3px; box-shadow:0 0 1px 0 rgba(0,0,0,0.5),0 1px 10px 0 rgba(0,0,0,0.15); margin: 1px; max-width:540px; min-width:326px; padding:0; width:99.375%; width:-webkit-calc(100% - 2px); width:calc(100% - 2px);\"\/>\n<p><script async src=\"\/\/www.instagram.com\/embed.js\"><\/script><\/p>\n","protected":false},"excerpt":{"rendered":"Simpsonien 37. kauden jaksoja esitt\u00e4\u00e4 Suomessa tuoreeltaan Disney+. Lindsay Lohan hehkuttaa Instagram-p\u00e4ivityksiss\u00e4\u00e4n rooliaan viime y\u00f6n\u00e4 Suomen aikaa Yhdysvalloissa&hellip;\n","protected":false},"author":2,"featured_media":49270,"comment_status":"","ping_status":"","sticky":false,"template":"","format":"standard","meta":{"footnotes":""},"categories":[136],"tags":[407,298,137,33,31,30,408,1040,1369,12291,32,109],"class_list":{"0":"post-117530","1":"post","2":"type-post","3":"status-publish","4":"format-standard","5":"has-post-thumbnail","7":"category-julkkikset","8":"tag-celebrities","9":"tag-disney","10":"tag-entertainment","11":"tag-fi","12":"tag-finland","13":"tag-finnish","14":"tag-julkkikset","15":"tag-lindsay-lohan","16":"tag-sarjat","17":"tag-simpsons","18":"tag-suomi","19":"tag-viihde"},"share_on_mastodon":{"url":"https:\/\/pubeurope.com\/@fi\/115727177063576503","error":""},"_links":{"self":[{"href":"https:\/\/www.europesays.com\/fi\/wp-json\/wp\/v2\/posts\/117530","targetHints":{"allow":["GET"]}}],"collection":[{"href":"https:\/\/www.europesays.com\/fi\/wp-json\/wp\/v2\/posts"}],"about":[{"href":"https:\/\/www.europesays.com\/fi\/wp-json\/wp\/v2\/types\/post"}],"author":[{"embeddable":true,"href":"https:\/\/www.europesays.com\/fi\/wp-json\/wp\/v2\/users\/2"}],"replies":[{"embeddable":true,"href":"https:\/\/www.europesays.com\/fi\/wp-json\/wp\/v2\/comments?post=117530"}],"version-history":[{"count":0,"href":"https:\/\/www.europesays.com\/fi\/wp-json\/wp\/v2\/posts\/117530\/revisions"}],"wp:featuredmedia":[{"embeddable":true,"href":"https:\/\/www.europesays.com\/fi\/wp-json\/wp\/v2\/media\/49270"}],"wp:attachment":[{"href":"https:\/\/www.europesays.com\/fi\/wp-json\/wp\/v2\/media?parent=117530"}],"wp:term":[{"taxonomy":"category","embeddable":true,"href":"https:\/\/www.europesays.com\/fi\/wp-json\/wp\/v2\/categories?post=117530"},{"taxonomy":"post_tag","embeddable":true,"href":"https:\/\/www.europesays.com\/fi\/wp-json\/wp\/v2\/tags?post=117530"}],"curies":[{"name":"wp","href":"https:\/\/api.w.org\/{rel}","templated":true}]}}