{"id":117537,"date":"2025-12-16T03:52:12","date_gmt":"2025-12-16T03:52:12","guid":{"rendered":"https:\/\/www.europesays.com\/fi\/117537\/"},"modified":"2025-12-16T03:52:12","modified_gmt":"2025-12-16T03:52:12","slug":"joukkovoimaa-ei-voi-verottaa-pam","status":"publish","type":"post","link":"https:\/\/www.europesays.com\/fi\/117537\/","title":{"rendered":"Joukkovoimaa ei voi verottaa &#8211; PAM"},"content":{"rendered":"<p class=\"wp-block-post-excerpt__excerpt\">Mik\u00e4 olisi ik\u00e4vin seuraus, jos verov\u00e4hennysoikeuden poistaminen johtaisi merkitt\u00e4viss\u00e4 m\u00e4\u00e4rin liiton j\u00e4senm\u00e4\u00e4r\u00e4n laskuun?\u00a0 Se olisi ty\u00f6ehtojen v\u00e4hitt\u00e4inen heikkeneminen, pohtii PAMin j\u00e4rjest\u00f6johtaja Risto Kalliorinne blogikirjoituksessaan. <\/p>\n<p><img loading=\"lazy\" decoding=\"async\" width=\"2048\" height=\"1361\" src=\"https:\/\/www.europesays.com\/fi\/wp-content\/uploads\/2025\/12\/Risto_Kalliorinne_blogi.jpg\" class=\"attachment-post-thumbnail size-post-thumbnail wp-post-image\" alt=\"\" style=\"object-fit:cover;\"  \/><\/p>\n<p>Orpo-Purran hallitus jatkaa ty\u00f6ntekij\u00f6iden kiusaamista. Tuorein laki koskee ammattiliiton j\u00e4senmaksujen verov\u00e4hennysoikeuden poistamista, joka tulee voimaan ensi vuonna. Poiston vaikutus maksettaviin veroihin on pieni, mutta laki itsess\u00e4\u00e4n on j\u00e4lleen osoitus nykyisten vallanpit\u00e4jien halusta murtaa ammattiliitot.\u00a0<\/p>\n<p>On hyv\u00e4 muistuttaa, ett\u00e4 ay-liike ei ole syntynyt verov\u00e4hennysoikeuksien avulla eik\u00e4 yhdenk\u00e4\u00e4n j\u00e4senen perimm\u00e4inen syy j\u00e4senyyteen ole j\u00e4senmaksujen verov\u00e4hennysoikeus.<\/p>\n<blockquote><p>Ammattiliittojen olemassaolon merkitys on joukkovoimassa.<\/p><\/blockquote>\n<p>Ammattiliittojen olemassaolon merkitys on joukkovoimassa. Jo yli sata vuotta sitten ty\u00f6ntekij\u00e4t huomasivat, ett\u00e4 he eiv\u00e4t pysty ajamaan itselleen asiallista kohtelua, riitt\u00e4v\u00e4\u00e4 toimeentuloa ja turvallisia ty\u00f6olosuhteita ilman keskin\u00e4ist\u00e4 yhteisty\u00f6t\u00e4.<\/p>\n<p>Yhdess\u00e4 toimimalla on saatu merkitt\u00e4vi\u00e4 parannuksia tavallisen ty\u00f6ntekij\u00e4n arkeen. N\u00e4m\u00e4 parannukset eiv\u00e4t olisi toteutuneet kenenk\u00e4\u00e4n yksil\u00f6suorituksena. Ammattiliiton j\u00e4senyyden kautta on parannettu oman ammattialan ja oman ty\u00f6paikan ty\u00f6ntekij\u00f6iden asemaa.<\/p>\n<blockquote><p>Aktiivisen ty\u00f6paikkatoiminnan tarve ei ole vuosien saatossa kadonnut mihink\u00e4\u00e4n. <\/p><\/blockquote>\n<p>Aktiivisen ty\u00f6paikkatoiminnan tarve ei ole vuosien saatossa kadonnut mihink\u00e4\u00e4n. Olen n\u00e4hnyt lukuisia ty\u00f6paikkoja, joissa ty\u00f6el\u00e4m\u00e4n pelis\u00e4\u00e4nt\u00f6j\u00e4 ei ole noudatettu ja ty\u00f6ntekij\u00e4t ovat tilanteeseen kyll\u00e4stynein\u00e4 liittyneet ammattiliittoon ja valinneet keskuudestaan luottamusmiehen. N\u00e4in ty\u00f6paikan asiat on saatu kuntoon.<\/p>\n<p>Ammattiliiton j\u00e4senyydest\u00e4 ty\u00f6ntekij\u00e4 saa turvaa my\u00f6s yksil\u00f6n\u00e4. Liiton neuvottelemat ty\u00f6ehdot, ty\u00f6suhdeneuvonta ja lakiapu tuovat turvaa ty\u00f6el\u00e4m\u00e4n ongelmatilanteisiin, samoin kuin ansiosidonnainen ty\u00f6tt\u00f6myysturva ty\u00f6tt\u00f6myyden varalle. Liiton koulutustarjonta ja henkil\u00f6kohtaiset urapalvelut auttavat kehittym\u00e4\u00e4n ammatillisesti ja j\u00e4senedut tuovat iloa arkeen.<\/p>\n<blockquote><p>J\u00e4senist\u00f6n kautta meill\u00e4 on my\u00f6s mandaatti solmia alojemme ty\u00f6ehtosopimukset.<\/p><\/blockquote>\n<p>Mik\u00e4 sitten olisi pelottavin seuraus, jos verov\u00e4hennysoikeuden poistaminen johtaisi merkitt\u00e4viss\u00e4 m\u00e4\u00e4rin liiton j\u00e4senm\u00e4\u00e4r\u00e4n laskuun?\u00a0 Se olisi ty\u00f6ehtojen v\u00e4hitt\u00e4inen heikkeneminen. Ilman j\u00e4seni\u00e4 PAMilla ei ole voimaa neuvotella ty\u00f6ntekij\u00f6ille parempia palkkoja ja muita ty\u00f6ehtoja. Vain j\u00e4senist\u00f6n kautta meill\u00e4 on my\u00f6s mandaatti solmia alojemme ty\u00f6ehtosopimukset.<\/p>\n<p>Me tarvitsemme toisiamme, koska tuskin kukaan haluaa sopia ty\u00f6ehtojansa yksin ilman ty\u00f6ehtosopimuksen ja liiton turvaa. Tai selvit\u00e4 yksin ty\u00f6el\u00e4m\u00e4n ongelmista. Suositelkaa oman ammattiliiton j\u00e4senyytt\u00e4 my\u00f6s ty\u00f6kaverille, se kannattaa nyt ja tulevaisuudessa.<\/p>\n<p>\tMit\u00e4 pidit t\u00e4st\u00e4 sis\u00e4ll\u00f6st\u00e4?<\/p>\n","protected":false},"excerpt":{"rendered":"Mik\u00e4 olisi ik\u00e4vin seuraus, jos verov\u00e4hennysoikeuden poistaminen johtaisi merkitt\u00e4viss\u00e4 m\u00e4\u00e4rin liiton j\u00e4senm\u00e4\u00e4r\u00e4n laskuun?\u00a0 Se olisi ty\u00f6ehtojen v\u00e4hitt\u00e4inen heikkeneminen,&hellip;\n","protected":false},"author":2,"featured_media":117538,"comment_status":"","ping_status":"","sticky":false,"template":"","format":"standard","meta":{"footnotes":""},"categories":[76],"tags":[79,77,33,31,30,32,78],"class_list":{"0":"post-117537","1":"post","2":"type-post","3":"status-publish","4":"format-standard","5":"has-post-thumbnail","7":"category-talous","8":"tag-business","9":"tag-economy","10":"tag-fi","11":"tag-finland","12":"tag-finnish","13":"tag-suomi","14":"tag-talous"},"share_on_mastodon":{"url":"https:\/\/pubeurope.com\/@fi\/115727220534344468","error":""},"_links":{"self":[{"href":"https:\/\/www.europesays.com\/fi\/wp-json\/wp\/v2\/posts\/117537","targetHints":{"allow":["GET"]}}],"collection":[{"href":"https:\/\/www.europesays.com\/fi\/wp-json\/wp\/v2\/posts"}],"about":[{"href":"https:\/\/www.europesays.com\/fi\/wp-json\/wp\/v2\/types\/post"}],"author":[{"embeddable":true,"href":"https:\/\/www.europesays.com\/fi\/wp-json\/wp\/v2\/users\/2"}],"replies":[{"embeddable":true,"href":"https:\/\/www.europesays.com\/fi\/wp-json\/wp\/v2\/comments?post=117537"}],"version-history":[{"count":0,"href":"https:\/\/www.europesays.com\/fi\/wp-json\/wp\/v2\/posts\/117537\/revisions"}],"wp:featuredmedia":[{"embeddable":true,"href":"https:\/\/www.europesays.com\/fi\/wp-json\/wp\/v2\/media\/117538"}],"wp:attachment":[{"href":"https:\/\/www.europesays.com\/fi\/wp-json\/wp\/v2\/media?parent=117537"}],"wp:term":[{"taxonomy":"category","embeddable":true,"href":"https:\/\/www.europesays.com\/fi\/wp-json\/wp\/v2\/categories?post=117537"},{"taxonomy":"post_tag","embeddable":true,"href":"https:\/\/www.europesays.com\/fi\/wp-json\/wp\/v2\/tags?post=117537"}],"curies":[{"name":"wp","href":"https:\/\/api.w.org\/{rel}","templated":true}]}}