{"id":117543,"date":"2025-12-16T03:55:08","date_gmt":"2025-12-16T03:55:08","guid":{"rendered":"https:\/\/www.europesays.com\/fi\/117543\/"},"modified":"2025-12-16T03:55:08","modified_gmt":"2025-12-16T03:55:08","slug":"trump-haastaa-bbcn-oikeuteen-presidentti-vaatii-miljardien-dollarien-vahingonkorvauksia-uutisia-lyhyesti","status":"publish","type":"post","link":"https:\/\/www.europesays.com\/fi\/117543\/","title":{"rendered":"Trump haastaa BBC:n oikeuteen &#8211; presidentti vaatii miljardien dollarien vahingonkorvauksia | Uutisia lyhyesti"},"content":{"rendered":"<p class=\"aw-1gybjub aw-5vja16 kEtdKx kmuxyA yle__article__paragraph\">BBC on jo pyyt\u00e4nyt anteeksi videota, joka oli editoitu harhaanjohtavasti.<\/p>\n<p><img decoding=\"async\" alt=\"Donald Trump puhumassa mikrofoniin.\" src=\"https:\/\/www.europesays.com\/fi\/wp-content\/uploads\/2025\/12\/39-1568892693c0c5ccc527.jpeg\" class=\"aw-1l9m598 hKVVvP\"\/><\/p>\n<p>Avaa kuvien katselu<\/p>\n<p>Videon editointi antoi BBC:n mukaan v\u00e4\u00e4r\u00e4n k\u00e4sityksen siit\u00e4, ett\u00e4 Trump olisi suoraan kehottanut v\u00e4kivaltaiseen toimintaan. Kuva: Alex Wroblewski \/ AFP<\/p>\n<p class=\"aw-1gybjub aw-1p7kakr kEtdKx cEmitX yle__article__paragraph\">Yhdysvaltain presidentti <strong class=\"aw-ak79eh KyCXm yle__article__strong\">Donald Trump<\/strong> on haastanut Britannian yleisradioyhti\u00f6 BBC:n oikeuteen. Trump syytt\u00e4\u00e4 BBC:t\u00e4 kunnianloukkauksesta ja vaatii Floridan osavaltiossa j\u00e4tettyjen oikeudenk\u00e4yntiasiakirjojen mukaan miljardien dollarien vahingonkorvauksia.<\/p>\n<p class=\"aw-1gybjub aw-1p7kakr kEtdKx cEmitX yle__article__paragraph\">Asiasta uutisoi <a class=\"aw-iao6s4 iHOxEa yle__article__link\" href=\"https:\/\/www.bbc.com\/news\/articles\/cpvd81470v1o\" role=\"link\" rel=\"nofollow noopener\" target=\"_blank\">BBC:n<\/a> lis\u00e4ksi esimerkiksi uutiskanava <a class=\"aw-iao6s4 iHOxEa yle__article__link\" href=\"https:\/\/edition.cnn.com\/2025\/12\/15\/media\/trump-sues-bbc-defamation-five-billion-dollars\" role=\"link\" rel=\"nofollow noopener\" target=\"_blank\">CNN<\/a>.<\/p>\n<p class=\"aw-1gybjub aw-1p7kakr kEtdKx cEmitX yle__article__paragraph\">Asiakirjojen mukaan yleisradioyhti\u00f6 vastaan nostetussa kanteessa on kaksi syytekohtaa. Kunnianloukkauksen lis\u00e4ksi BBC:t\u00e4 syytet\u00e4\u00e4n Floridan kauppatapalain rikkomisesta. Molemmissa syytekohdissa vaaditaan viiden miljardin dollarin korvauksia.<\/p>\n<p class=\"aw-1gybjub aw-1p7kakr kEtdKx cEmitX yle__article__paragraph\">BBC pyysi marraskuussa anteeksi yhti\u00f6n dokumenttiohjelmassa ollutta videota, joka oli editoitu harhaanjohtavasti. Editointi antoi BBC:n mukaan v\u00e4\u00e4r\u00e4n k\u00e4sityksen siit\u00e4, ett\u00e4 Trump olisi suoraan kehottanut v\u00e4kivaltaiseen toimintaan.<\/p>\n<p class=\"aw-1gybjub aw-1p7kakr kEtdKx cEmitX yle__article__paragraph\">Kyseess\u00e4 on kahdesta eri videosta tehty kooste Trumpin puheesta BBC:n ohjelmaan. Video oli arvostelijoiden mukaan editoitu ohjelmassa tarkoitushakuisesti niin, ett\u00e4 Trump n\u00e4ytt\u00e4\u00e4 yllytt\u00e4v\u00e4n kongressimellakoihin loppiaisena 2021.<\/p>\n<p class=\"aw-1gybjub aw-1p7kakr kEtdKx cEmitX yle__article__paragraph\">Trumpin lakiedustajat syytt\u00e4v\u00e4t BBC:t\u00e4 presidentin tarkoituksellisesta h\u00e4p\u00e4isemisest\u00e4. BBC ei ole toistaiseksi vastannut kanteeseen.<\/p>\n<p class=\"aw-1gybjub aw-1p7kakr kEtdKx cEmitX yle__article__paragraph\">BBC on kuitenkin sanonut aiemmin, ettei kunnianloukkaussyytteelle olisi perusteita. Kyseist\u00e4 dokumenttia ei ole n\u00e4ytetty Yhdysvalloissa.<\/p>\n<p class=\"aw-1gybjub aw-1p7kakr kEtdKx cEmitX yle__article__paragraph\">BBC:n p\u00e4\u00e4johtaja <strong class=\"aw-ak79eh KyCXm yle__article__strong\">Tim Davie<\/strong> ja uutistoiminnasta vastaava johtaja <strong class=\"aw-ak79eh KyCXm yle__article__strong\">Deborah Turness<\/strong> erosivat tapahtuneen vuoksi.<\/p>\n","protected":false},"excerpt":{"rendered":"BBC on jo pyyt\u00e4nyt anteeksi videota, joka oli editoitu harhaanjohtavasti. Avaa kuvien katselu Videon editointi antoi BBC:n mukaan&hellip;\n","protected":false},"author":2,"featured_media":114520,"comment_status":"","ping_status":"","sticky":false,"template":"","format":"standard","meta":{"footnotes":""},"categories":[5],"tags":[22,23,26,27,33,31,30,17,24,25,28,29,15,2098,18,21,32,2099,19,20,16,146,3736],"class_list":{"0":"post-117543","1":"post","2":"type-post","3":"status-publish","4":"format-standard","5":"has-post-thumbnail","7":"category-otsikot","8":"tag-breaking-news","9":"tag-breakingnews","10":"tag-featured-news","11":"tag-featurednews","12":"tag-fi","13":"tag-finland","14":"tag-finnish","15":"tag-headlines","16":"tag-latest-news","17":"tag-latestnews","18":"tag-main-news","19":"tag-mainnews","20":"tag-news","21":"tag-oikeudenkaynnit","22":"tag-otsikot","23":"tag-paauutiset","24":"tag-suomi","25":"tag-syytteet","26":"tag-top-stories","27":"tag-topstories","28":"tag-uutiset","29":"tag-yhdysvaltain-presidentti","30":"tag-yleisradioyhtiot"},"share_on_mastodon":{"url":"https:\/\/pubeurope.com\/@fi\/115727232180431930","error":""},"_links":{"self":[{"href":"https:\/\/www.europesays.com\/fi\/wp-json\/wp\/v2\/posts\/117543","targetHints":{"allow":["GET"]}}],"collection":[{"href":"https:\/\/www.europesays.com\/fi\/wp-json\/wp\/v2\/posts"}],"about":[{"href":"https:\/\/www.europesays.com\/fi\/wp-json\/wp\/v2\/types\/post"}],"author":[{"embeddable":true,"href":"https:\/\/www.europesays.com\/fi\/wp-json\/wp\/v2\/users\/2"}],"replies":[{"embeddable":true,"href":"https:\/\/www.europesays.com\/fi\/wp-json\/wp\/v2\/comments?post=117543"}],"version-history":[{"count":0,"href":"https:\/\/www.europesays.com\/fi\/wp-json\/wp\/v2\/posts\/117543\/revisions"}],"wp:featuredmedia":[{"embeddable":true,"href":"https:\/\/www.europesays.com\/fi\/wp-json\/wp\/v2\/media\/114520"}],"wp:attachment":[{"href":"https:\/\/www.europesays.com\/fi\/wp-json\/wp\/v2\/media?parent=117543"}],"wp:term":[{"taxonomy":"category","embeddable":true,"href":"https:\/\/www.europesays.com\/fi\/wp-json\/wp\/v2\/categories?post=117543"},{"taxonomy":"post_tag","embeddable":true,"href":"https:\/\/www.europesays.com\/fi\/wp-json\/wp\/v2\/tags?post=117543"}],"curies":[{"name":"wp","href":"https:\/\/api.w.org\/{rel}","templated":true}]}}