{"id":117561,"date":"2025-12-16T04:33:09","date_gmt":"2025-12-16T04:33:09","guid":{"rendered":"https:\/\/www.europesays.com\/fi\/117561\/"},"modified":"2025-12-16T04:33:09","modified_gmt":"2025-12-16T04:33:09","slug":"podcast-jorma-uotinen-hatkahti-lavalla-eturivin-naiset-kommentoivat-ulkonakoa-valtavat","status":"publish","type":"post","link":"https:\/\/www.europesays.com\/fi\/117561\/","title":{"rendered":"Podcast: Jorma Uotinen h\u00e4tk\u00e4hti lavalla \u2013 eturivin naiset kommentoivat ulkon\u00e4k\u00f6\u00e4: \u201dValtavat\u201d"},"content":{"rendered":"<p>Vuosien varrella vastaan tulleet terveysongelmat ovat saaneet Jorma Uotisen pohtimaan el\u00e4m\u00e4\u00e4.<\/p>\n<p class=\"article-body mb-nof-24 px-nof-16\">Juontaja <a class=\"article-personlink\" href=\"https:\/\/www.is.fi\/haku\/?query=Vappu%20Pimi%C3%A4\" rel=\"nofollow noopener\" target=\"_blank\">Vappu Pimi\u00e4<\/a>, 47, kysyy tanssija <a class=\"article-personlink\" href=\"https:\/\/www.is.fi\/haku\/?query=Jorma%20Uotiselta\" rel=\"nofollow noopener\" target=\"_blank\">Jorma Uotiselta<\/a>, 75, <a class=\"article-genericlink\" href=\"https:\/\/podimo.com\/fi\/shows\/valo-pimiassa\" rel=\"nofollow noopener\" target=\"_blank\">Valo Pimi\u00e4ss\u00e4 -podcastissa<\/a>, mit\u00e4 h\u00e4n ajattelee tapahtuvan kuoleman j\u00e4lkeen. Pimi\u00e4 uskoo siihen, ett\u00e4 sielu jatkaa el\u00e4m\u00e4\u00e4ns\u00e4 jonnekin. Uotisella on asiaan toisenlainen ateistinen n\u00e4kemys.<\/p>\n<p class=\"article-body mb-nof-24 px-nof-16\">\u2013 Todellakin ajattelen, ett\u00e4 se on siin\u00e4. Kukaan ei ole tullut minulle kertomaan kuoleman j\u00e4lkeisest\u00e4 el\u00e4m\u00e4st\u00e4, Uotinen naurahtaa.<\/p>\n<p class=\"article-body mb-nof-24 px-nof-16\">Pimi\u00e4 tarttuu t\u00e4h\u00e4n ja kertoo, ett\u00e4 meedio vieraili aiemmin h\u00e4nen podcastissaan. Ennen tuon jakson nauhoitusta Pimi\u00e4 oli k\u00e4ynyt meedioistunnossa.<\/p>\n<p class=\"article-body mb-nof-24 px-nof-16\">\u2013 T\u00e4m\u00e4 oli hurja, mutta <a class=\"article-personlink\" href=\"https:\/\/www.is.fi\/haku\/?query=Aira%20Samulin\" rel=\"nofollow noopener\" target=\"_blank\">Aira Samulin<\/a> tuli k\u00e4ym\u00e4\u00e4n minulla siin\u00e4 h\u00e4nen mukaansa, tuli tervehtim\u00e4\u00e4n, Pimi\u00e4 kertoo.<\/p>\n<p class=\"article-body mb-nof-24 px-nof-16\">\u2013 Selv\u00e4. S\u00e4 olet Airan sitten tavannut kuoleman j\u00e4lkeen, Uotinen toteaa.<\/p>\n<p class=\"article-body mb-nof-24 px-nof-16\">\u2013 M\u00e4 n\u00e4en susta, sin\u00e4 et ole, Pimi\u00e4 nauraa ja Uotinenkin huvittuu.<\/p>\n<p class=\"article-body mb-nof-24 px-nof-16\">\u2013 Ei ole tullut Aira minulle kyll\u00e4 kertomaan, ett\u00e4 mit\u00e4 tapahtui sen j\u00e4lkeen, h\u00e4n my\u00f6nt\u00e4\u00e4.<\/p>\n<p class=\"article-body mb-nof-24 px-nof-16\">Tanssinopettaja ja yritt\u00e4j\u00e4 Aira Samulin kuoli lokakuussa 2023.<\/p>\n<p><img decoding=\"async\" src=\"https:\/\/www.europesays.com\/fi\/wp-content\/uploads\/2025\/12\/1765859589_16_468.jpg\" alt=\"Aira Samulinia ja Jorma Uotista yhdisti rakkaus tanssiin. Yst\u00e4vykset kuvassa vuonna 2023.\" class=\"_Img_1rerz_1\" style=\"aspect-ratio:1.5\" loading=\"eager\"\/><\/p>\n<p class=\"article-picture-caption\">Aira Samulinia ja Jorma Uotista yhdisti rakkaus tanssiin. Yst\u00e4vykset kuvassa vuonna 2023. Kuva:\u00a0Jouni Harala<\/p>\n<p class=\"article-body mb-nof-24 px-nof-16\">Uotinen ei usko my\u00f6sk\u00e4\u00e4n siihen, ett\u00e4 el\u00e4m\u00e4ll\u00e4 olisi tarkoitus.<\/p>\n<p class=\"article-body mb-nof-24 px-nof-16\">\u2013 El\u00e4m\u00e4 t\u00e4ytyy el\u00e4\u00e4, h\u00e4n toteaa podcastissa.<\/p>\n<p class=\"article-body mb-nof-24 px-nof-16\">Ja Uotinen on el\u00e4nyt. Edes terveydelliset vastoink\u00e4ymiset eiv\u00e4t ole pys\u00e4ytt\u00e4neet miest\u00e4.<\/p>\n<p class=\"article-body mb-nof-24 px-nof-16\">19-vuotiaana Uotinen sairastui hermotulehdukseen, mik\u00e4 vei h\u00e4nelt\u00e4 liikunta- ja puhekyvyn. Uotinen ei lannistunut vaan opetteli uudelleen liikkumaan, ja h\u00e4nest\u00e4 tuli tanssija.<\/p>\n<p class=\"article-body mb-nof-24 px-nof-16\">My\u00f6hemmin Uotinen sairastui aivokalvontulehdukseen ja vietti useita viikkoja suljetussa huoneessa Pasteur-instituutissa.<\/p>\n<p class=\"article-body mb-nof-24 px-nof-16\">Viimeisin terveydellinen koettelemus sijoittuu l\u00e4hivuosiin.<\/p>\n<p class=\"article-body mb-nof-24 px-nof-16\">Vuonna 2023 Uotinen sai \u201dvakavan aivotapahtuman\u201d ja joutui sen vuoksi useammaksi viikoksi sairaalahoitoon. H\u00e4n paljasti my\u00f6hemmin <a class=\"article-genericlink\" href=\"https:\/\/www.hs.fi\/hyvinvointi\/art-2000009586768.html?share=971aebed877805c6c77f86a9dea38771\" rel=\"nofollow noopener\" target=\"_blank\">Helsingin Sanomille<\/a> kyseisen aivotapahtuman olleen aivoinfarkti.<\/p>\n<p class=\"article-body mb-nof-24 px-nof-16\">\u2013 Ne ovat olleet pys\u00e4ytt\u00e4vi\u00e4 hetki\u00e4 sill\u00e4 tavalla, ett\u00e4 jatkuuko t\u00e4m\u00e4 el\u00e4m\u00e4, paljonko t\u00e4ss\u00e4 nyt on viel\u00e4 aikaa. Sit\u00e4h\u00e4n me ei koskaan tiedet\u00e4. Sanon aina, ett\u00e4 onko mulla vuosia, kuukausia, viikkoja, tunteja, Uotinen pohtii podcastissa.<\/p>\n<blockquote class=\"p-[var(--citation-padding)] m-[var(--citation-margin)] border-y-[length:var(--citation-border-width)] border-y-[color:var(--citation-border-color)]\">\n<p>Ne ovat olleet pys\u00e4ytt\u00e4vi\u00e4 hetki\u00e4 sill\u00e4 tavalla, ett\u00e4 jatkuuko t\u00e4m\u00e4 el\u00e4m\u00e4.<\/p>\n<\/blockquote>\n<p class=\"article-body mb-nof-24 px-nof-16\">Uotinen mainitsee, ett\u00e4 h\u00e4nelt\u00e4 on leikattu my\u00f6s isot vaivaisenluut. Kerran Uotinen oli esiintynyt Helsingin kaupunginteatterissa, kun h\u00e4n oli havahtunut siihen, ett\u00e4 eturiviss\u00e4 istuneet naiset olivat kommentoineet h\u00e4nen paljaita jalkojaan.<\/p>\n<p class=\"article-body mb-nof-24 px-nof-16\">\u2013 Kuulin eturivist\u00e4 kommentin kahdelta naiselta, ett\u00e4 valtavat vaivaisenluut.<\/p>\n<p class=\"article-body mb-nof-24 px-nof-16\">\u2013 Mit\u00e4? Apua, Pimi\u00e4 h\u00e4mm\u00e4styy nauraen.<\/p>\n<p class=\"article-body mb-nof-24 px-nof-16\">\u2013 No neh\u00e4n oli valtavat, ne olivat kuin pingpong-pallot. Sen j\u00e4lkeen ne on kyll\u00e4 vuosia my\u00f6hemmin leikattu.<\/p>\n<p class=\"article-body mb-nof-24 px-nof-16\">Uotisen aivoinfarkti s\u00e4ik\u00e4ytti h\u00e4nen ex-puolisonsa ja yst\u00e4v\u00e4ns\u00e4 <a class=\"article-personlink\" href=\"https:\/\/www.is.fi\/haku\/?query=Helena%20Lindgrenin\" rel=\"nofollow noopener\" target=\"_blank\">Helena Lindgrenin<\/a>, joka soittaa Uotisen mukaan h\u00e4nelle joka p\u00e4iv\u00e4. Uotinen k\u00e4ytt\u00e4\u00e4 Lindgrenist\u00e4 hyv\u00e4ntahtoisesti nimityst\u00e4 \u201delinkautisyst\u00e4v\u00e4\u201d.<\/p>\n<p class=\"article-body mb-nof-24 px-nof-16\">\u2013 P\u00e4ivitt\u00e4in tietysti soitamme, varsinkin tuon aivotapahtuman j\u00e4lkeen. Helena on aina huolissaan, ett\u00e4 onko Jorma viel\u00e4 hengiss\u00e4, ett\u00e4 pakko soittaa t\u00e4n\u00e4\u00e4nkin, Uotinen nauraa.<\/p>\n<p><img decoding=\"async\" src=\"https:\/\/www.europesays.com\/fi\/wp-content\/uploads\/2025\/12\/1765859589_790_468.jpg\" alt=\"Jorma Uotisen ja Helena Lindgrenin yst\u00e4vyys on s\u00e4ilynyt l\u00e4pi vuosikymmenien. Lauantaisin he kokoontuvat yhteen.\" class=\"_Img_1rerz_1\" style=\"aspect-ratio:1.7777777777777777\" loading=\"eager\"\/><\/p>\n<p class=\"article-picture-caption\">Jorma Uotisen ja Helena Lindgrenin yst\u00e4vyys on s\u00e4ilynyt l\u00e4pi vuosikymmenien. Lauantaisin he kokoontuvat yhteen. Kuva:\u00a0Jonna \u00d6hrnberg<\/p>\n<p class=\"article-body mb-nof-24 px-nof-16\">Uotinen kertoo, ett\u00e4 lauantaisin h\u00e4n, Lindgren, Lindgrenin poika <a class=\"article-personlink\" href=\"https:\/\/www.is.fi\/haku\/?query=Niklas\" rel=\"nofollow noopener\" target=\"_blank\">Niklas<\/a> sek\u00e4 Niklaksen 18-vuotias poika <a class=\"article-personlink\" href=\"https:\/\/www.is.fi\/haku\/?query=Dan\" rel=\"nofollow noopener\" target=\"_blank\">Dan<\/a> kokoontuvat yhteen. Joukkoon saattaa liitty\u00e4 my\u00f6s jokunen yst\u00e4v\u00e4. Porukka viett\u00e4\u00e4 aikaa yhdess\u00e4 ja tekee ruokaa.<\/p>\n<p class=\"article-body mb-nof-24 px-nof-16\">Pimi\u00e4 kysyy Uotiselta jaksossa kaipaako h\u00e4n el\u00e4m\u00e4\u00e4ns\u00e4 en\u00e4\u00e4 romanttista rakkautta. Uotinen vastaa kielt\u00e4v\u00e4sti.<\/p>\n<p class=\"article-body mb-nof-24 px-nof-16\">\u2013 Mutta jos se tulee, niin se saa tulla. M\u00e4 sanon aina n\u00e4in, ett\u00e4 rakkaus tulee ja rakkaus menee, mutta ei tule koskaan tilauksesta, h\u00e4n pohtii.<\/p>\n","protected":false},"excerpt":{"rendered":"Vuosien varrella vastaan tulleet terveysongelmat ovat saaneet Jorma Uotisen pohtimaan el\u00e4m\u00e4\u00e4. Juontaja Vappu Pimi\u00e4, 47, kysyy tanssija Jorma&hellip;\n","protected":false},"author":2,"featured_media":91907,"comment_status":"","ping_status":"","sticky":false,"template":"","format":"standard","meta":{"footnotes":""},"categories":[136],"tags":[407,137,33,31,30,34,408,32,109],"class_list":{"0":"post-117561","1":"post","2":"type-post","3":"status-publish","4":"format-standard","5":"has-post-thumbnail","7":"category-julkkikset","8":"tag-celebrities","9":"tag-entertainment","10":"tag-fi","11":"tag-finland","12":"tag-finnish","13":"tag-ilta-sanomat","14":"tag-julkkikset","15":"tag-suomi","16":"tag-viihde"},"share_on_mastodon":{"url":"https:\/\/pubeurope.com\/@fi\/115727381709225498","error":""},"_links":{"self":[{"href":"https:\/\/www.europesays.com\/fi\/wp-json\/wp\/v2\/posts\/117561","targetHints":{"allow":["GET"]}}],"collection":[{"href":"https:\/\/www.europesays.com\/fi\/wp-json\/wp\/v2\/posts"}],"about":[{"href":"https:\/\/www.europesays.com\/fi\/wp-json\/wp\/v2\/types\/post"}],"author":[{"embeddable":true,"href":"https:\/\/www.europesays.com\/fi\/wp-json\/wp\/v2\/users\/2"}],"replies":[{"embeddable":true,"href":"https:\/\/www.europesays.com\/fi\/wp-json\/wp\/v2\/comments?post=117561"}],"version-history":[{"count":0,"href":"https:\/\/www.europesays.com\/fi\/wp-json\/wp\/v2\/posts\/117561\/revisions"}],"wp:featuredmedia":[{"embeddable":true,"href":"https:\/\/www.europesays.com\/fi\/wp-json\/wp\/v2\/media\/91907"}],"wp:attachment":[{"href":"https:\/\/www.europesays.com\/fi\/wp-json\/wp\/v2\/media?parent=117561"}],"wp:term":[{"taxonomy":"category","embeddable":true,"href":"https:\/\/www.europesays.com\/fi\/wp-json\/wp\/v2\/categories?post=117561"},{"taxonomy":"post_tag","embeddable":true,"href":"https:\/\/www.europesays.com\/fi\/wp-json\/wp\/v2\/tags?post=117561"}],"curies":[{"name":"wp","href":"https:\/\/api.w.org\/{rel}","templated":true}]}}