{"id":117592,"date":"2025-12-16T05:18:10","date_gmt":"2025-12-16T05:18:10","guid":{"rendered":"https:\/\/www.europesays.com\/fi\/117592\/"},"modified":"2025-12-16T05:18:10","modified_gmt":"2025-12-16T05:18:10","slug":"selvitys-ennallistamisasetus-rajoittaa-hakkuita-suomessa","status":"publish","type":"post","link":"https:\/\/www.europesays.com\/fi\/117592\/","title":{"rendered":"Selvitys: Ennallistamisasetus rajoittaa hakkuita Suomessa"},"content":{"rendered":"<p>Ymp\u00e4rist\u00f6|Suomi yritt\u00e4\u00e4 saada ennallistamisasetukseen muutoksia, jotka v\u00e4hent\u00e4isiv\u00e4t merkitt\u00e4v\u00e4sti ennallistamisvelvoitteiden piiriss\u00e4 olevia alueita.<\/p>\n<p class=\"article-body mb-nof-24 px-nof-16\">Bryssel<\/p>\n<p>Lue tiivistelm\u00e4<\/p>\n<p>Tiivistelm\u00e4 on teko\u00e4lyn tekem\u00e4 ja ihmisen tarkistama.<\/p>\n<p class=\"article-body mb-nof-24 px-nof-16 sndp-summary-bullet-point-font\">Luonnonvarakeskuksen ja muiden tutkimuslaitosten selvityksen mukaan EU:n ennallistamisasetus voi pahimmillaan v\u00e4hent\u00e4\u00e4 hakkuita Suomessa l\u00e4hes 17 miljoonaa kuutiometri\u00e4 vuodessa.<\/p>\n<p class=\"article-body mb-nof-24 px-nof-16 sndp-summary-bullet-point-font\">Mets\u00e4sektorin arvonlis\u00e4ys voisi laskea jopa 1,8 miljardia euroa vuodessa, mutta oikein valituilla ennallistamistoimilla vaikutukset j\u00e4isiv\u00e4t pienemmiksi.<\/p>\n<p class=\"article-body mb-nof-24 px-nof-16 sndp-summary-bullet-point-font\">Suomi yritt\u00e4\u00e4 saada asetukseen muutoksia, jotka Jyv\u00e4skyl\u00e4n yliopiston professori Janne Kotiahon mukaan rajoittaisivat merkitt\u00e4v\u00e4sti ennallistamisvelvoitteiden piiriss\u00e4 olevia alueita.<\/p>\n<p class=\"article-body mb-nof-24 px-nof-16\">Hallituksen vastustama EU:n ennallistamisasetus voi pahimmillaan rajoittaa voimakkaasti hakkuita Suomessa ja heikent\u00e4\u00e4 mets\u00e4teollisuuden raaka-aineen saatavuutta. Vaikutukset voivat olla tuntuvia koko kansantaloudelle.<\/p>\n<p class=\"article-body mb-nof-24 px-nof-16\">Oikein valituilla ennallistamistoimilla ja mets\u00e4teollisuuden omilla investoinneilla hakkuurajoituksia ja niiden taloudellisia vaikutuksia voidaan kuitenkin olennaisesti pehment\u00e4\u00e4.<\/p>\n<p class=\"article-body mb-nof-24 px-nof-16\">N\u00e4in toteaa Luonnonvarakeskuksen, It\u00e4-Suomen yliopiston, Teknologian tutkimuskeskus VTT:n ja Suomen ymp\u00e4rist\u00f6keskuksen yhteinen selvitys, jossa tarkasteltiin ennallistamisasetuksen vaikutuksia Suomen mets\u00e4sektorille.<\/p>\n<p class=\"article-body mb-nof-24 px-nof-16\">EU:n ennallistamisasetus pyrkii torjumaan luontokadon etenemist\u00e4 Euroopassa. Se m\u00e4\u00e4r\u00e4\u00e4, ett\u00e4 20 prosentilla EU:n maa- ja merialueista t\u00e4ytyy tehd\u00e4 ennallistamistoimia eli kohentaa luonnon tilaa l\u00e4hemm\u00e4s alkuper\u00e4ist\u00e4. Hallitus on vastustanut asetusta, koska pelk\u00e4\u00e4 sen kustannuksia.<\/p>\n<p class=\"article-body mb-nof-24 px-nof-16\">Tuore selvitys pyrkii hahmottamaan, millaisia vaikutukset mets\u00e4teollisuudelle voisivat olla. Selvityksess\u00e4 luotiin ennallistamistoimista kolme eri skenaariota, jotka asettavat eritasoista rajoituksia hakkuille. Skenaarioita verrattiin perusuraan, jossa ennallistamistoimia ei tehd\u00e4.<\/p>\n<p class=\"article-body mb-nof-24 px-nof-16\">Voimakkain ennallistamisskenaario voisi v\u00e4hent\u00e4\u00e4 hakkuita l\u00e4hes 17 miljoonaa kuutiometri\u00e4 vuodessa, mik\u00e4 vastaa 4\u20135 keskikokoisen sellutehtaan vuotuista puunk\u00e4ytt\u00f6\u00e4.<\/p>\n<p class=\"article-body mb-nof-24 px-nof-16\">\u201dSe olisi aika synkk\u00e4 skenaario mets\u00e4teollisuuden kannalta\u201d, sanoo Luonnonvarakeskuksen tutkimusp\u00e4\u00e4llikk\u00f6 <a class=\"article-personlink\" href=\"https:\/\/www.hs.fi\/haku\/?query=Matleena%20Kniivil%C3%A4\" rel=\"nofollow noopener\" target=\"_blank\">Matleena Kniivil\u00e4<\/a>.<\/p>\n<p class=\"article-body mb-nof-24 px-nof-16\">Talousvaikutus olisi merkitt\u00e4v\u00e4. Mets\u00e4sektorin arvonlis\u00e4ys voisi laskea jopa 1,8 miljardia euroa vuodessa. Viime vuonna sektori loi arvonlis\u00e4yst\u00e4 noin 7 miljardia euroa.<\/p>\n<p class=\"article-body mb-nof-24 px-nof-16\">Sopivasti valituilla ennallistamistoimilla vaikutukset j\u00e4\u00e4v\u00e4t pienemmiksi. Vaikutukset riippuvat siit\u00e4, kuinka suuria alueita uudet mets\u00e4nk\u00e4yt\u00f6n rajoitukset koskevat.<\/p>\n<p class=\"article-body mb-nof-24 px-nof-16\">Lievimm\u00e4ss\u00e4 skenaariossa hakkuukertym\u00e4 pienenee enimmill\u00e4\u00e4n 3,4 miljoonaa kuutiometri\u00e4 ja arvonlis\u00e4ys supistuu 370 miljoonaa euroa vuodessa.<\/p>\n<p class=\"article-body mb-nof-24 px-nof-16\">Kniivil\u00e4n mukaan kaikki selvityksen skenaariot ovat todenn\u00e4k\u00f6isesti ennallistamisasetuksen vaatimusten mukaisia. H\u00e4n ei kuitenkaan sano, mik\u00e4 skenaarioista on todenn\u00e4k\u00f6isin tai toivottavin.<\/p>\n<p class=\"article-body mb-nof-24 px-nof-16\">\u201dPoliittisen keskustelun yksi teht\u00e4v\u00e4 on mietti\u00e4, onko ennallistamistoimien taso asetuksen mukainen ja turvaako se luontoarvot riitt\u00e4v\u00e4sti\u201d, Kniivil\u00e4 sanoo.<\/p>\n<p class=\"article-body mb-nof-24 px-nof-16\">Toimia pohditaan parhaillaan, kun Suomi valmistelee komissiolle toimitettavaa kansallista ennallistamissuunnitelmaa.<\/p>\n<p class=\"article-body mb-nof-24 px-nof-16\">Kniivil\u00e4 korostaa, ett\u00e4 ennallistamisen taloudelliset vaikutukset riippuvat my\u00f6s mets\u00e4teollisuuden omista toimista.<\/p>\n<p class=\"article-body mb-nof-24 px-nof-16\">Mets\u00e4teollisuus voi kompensoida puunk\u00e4yt\u00f6n rajoituksista koituvia kustannuksia investoimalla korkeamman jalostusarvon tuotantoon, esimerkiksi tekstiileihin tai joustaviin pakkauksiin. T\u00e4ll\u00f6in sama arvonlis\u00e4 saavutetaan pienemm\u00e4ll\u00e4 puunk\u00e4yt\u00f6ll\u00e4.<\/p>\n<p class=\"article-body mb-nof-24 px-nof-16\">\u201dInvestoinneilla voidaan kompensoida jopa isoja pudotuksia puunk\u00e4yt\u00f6ss\u00e4, mutta investoinnit pit\u00e4isi aloittaa jo nyt ja niiden pit\u00e4isi olla melko mittavia ja jatkuvia\u201d, Kniivil\u00e4 sanoo.<\/p>\n<p class=\"article-body mb-nof-24 px-nof-16\">Uusien tuotteiden kysynt\u00e4\u00e4n ja hintoihin liittyy ep\u00e4varmuutta, mik\u00e4 voi pid\u00e4tell\u00e4 yritysten investointeja. Kniivil\u00e4 sanoo, ett\u00e4 julkinen valta voi vauhdittaa investointeja luomalla toimintaymp\u00e4rist\u00f6n, joka on ennakoitava ja innovaatioita tukeva.<\/p>\n<p class=\"article-body mb-nof-24 px-nof-16\">Hallitus on niin huolissaan ennallistamisasetuksen aiheuttamista kustannuksista, ett\u00e4 se <a class=\"article-genericlink\" href=\"https:\/\/www.hs.fi\/politiikka\/art-2000011678111.html\" rel=\"nofollow noopener\" target=\"_blank\">yritti t\u00e4n\u00e4 syksyn\u00e4 saada komission avaamaan uudet neuvottelut asetuksen sis\u00e4ll\u00f6st\u00e4<\/a>.<\/p>\n<p class=\"article-body mb-nof-24 px-nof-16\">Suomi on kierr\u00e4tt\u00e4nyt EU-mailla dokumenttia, jossa se ehdottaa muutoksia asetuksen sis\u00e4lt\u00f6\u00f6n.<\/p>\n<p class=\"article-body mb-nof-24 px-nof-16\">HS pyysi Jyv\u00e4skyl\u00e4n yliopiston ekologian professoria ja Suomen luontopaneelin puheenjohtajaa <a class=\"article-personlink\" href=\"https:\/\/www.hs.fi\/haku\/?query=Janne%20Kotiahoa\" rel=\"nofollow noopener\" target=\"_blank\">Janne Kotiahoa<\/a> arvioimaan muutoksia. Kotiahon mukaan osa muutosehdotuksista on varsin merkitt\u00e4vi\u00e4.<\/p>\n<p><img decoding=\"async\" src=\"https:\/\/www.europesays.com\/fi\/wp-content\/uploads\/2025\/12\/1765862290_830_320.jpg\" alt=\"Jyv\u00e4skyl\u00e4n yliopiston ekologian professori ja Suomen Luontopaneelin puheenjohtaja Janne Kotiaho.\" class=\"_Img_1rerz_1\" style=\"aspect-ratio:1\" loading=\"eager\"\/><\/p>\n<p class=\"article-picture-caption\">Jyv\u00e4skyl\u00e4n yliopiston ekologian professori ja Suomen Luontopaneelin puheenjohtaja Janne Kotiaho. Kuva:\u00a0Hanna-Kaisa H\u00e4m\u00e4l\u00e4inen<\/p>\n<p class=\"article-body mb-nof-24 px-nof-16\">Dokumentissa ehdotetaan alueiden heikent\u00e4miskiellon v\u00e4ljent\u00e4mist\u00e4. Asetuksen mukaan luonnon tilaa ei saa heikent\u00e4\u00e4 paitsi silloin, kun heikent\u00e4miselle ei ole vaihtoehtoja, ja t\u00e4ll\u00f6in haitta on kompensoitava toisaalla. Suomi ehdottaa, ett\u00e4 heikent\u00e4minen sallittaisiin my\u00f6s silloin, kun vaihtoehtoja on.<\/p>\n<p class=\"article-body mb-nof-24 px-nof-16\">Suomi ehdottaa my\u00f6s, ett\u00e4 ennallistamisvelvoite rajattaisiin vain luontotyyppeihin, joiden tila ei ole vakaa ja elinkelpoinen. Kotiaho arvioi, ett\u00e4 yli 40 prosenttia ennallistamisasetuksen kattamista 68 luontotyypist\u00e4 Suomessa vapautuisi t\u00e4ll\u00f6in ennallistamisvelvoitteista.<\/p>\n<p class=\"article-body mb-nof-24 px-nof-16\">\u201dSe on todella merkitt\u00e4v\u00e4 ehdotus\u201d, h\u00e4n sanoo.<\/p>\n<p class=\"article-body mb-nof-24 px-nof-16\">Suomi haluaisi my\u00f6s laajentaa laajalle levinneen luontotyypin m\u00e4\u00e4ritelm\u00e4\u00e4. Laajalle levinneit\u00e4 luontotyyppej\u00e4 koskevat kevyemm\u00e4t ennallistamisvaatimukset. Kotiaho tulkitsee, ett\u00e4 esimerkiksi mets\u00e4taloudelle t\u00e4rkeit\u00e4 harjumetsi\u00e4 halutaan kevyempien vaatimusten piiriin.<\/p>\n<p class=\"article-body mb-nof-24 px-nof-16\">Kotiaho kyseenalaistaakin Suomen valmisteleman asiakirjan v\u00e4itteen, ett\u00e4 ehdotetut muutokset olisivat ainoastaan asetuksen yksinkertaistamista, eiv\u00e4tk\u00e4 ne heikent\u00e4isi asetuksen tavoitteita.<\/p>\n<p class=\"article-body mb-nof-24 px-nof-16\">\u201dK\u00e4yt\u00e4nn\u00f6ss\u00e4 moni kohta on tavoitetason vesitt\u00e4mist\u00e4. Muutokset rajoittaisivat ennallistamisvelvoitteen pinta-alaa ja alentaisivat haittaa aiheuttavan k\u00e4yt\u00f6n rajoituksia\u201d, Kotiaho sanoo.<\/p>\n<p class=\"article-body mb-nof-24 px-nof-16\">Euroopan komissio ilmoitti viime viikolla, ettei se toistaiseksi ehdota ennallistamisasetuksen avaamista. Ymp\u00e4rist\u00f6komissaari <a class=\"article-personlink\" href=\"https:\/\/www.hs.fi\/haku\/?query=Jessika%20Roswall\" rel=\"nofollow noopener\" target=\"_blank\">Jessika Roswall<\/a> piti kuitenkin oven auki sille, ett\u00e4 asetuksen sis\u00e4lt\u00f6\u00e4 voitaisiin arvioida uudelleen my\u00f6hemmin.<\/p>\n<p class=\"article-body mb-nof-24 px-nof-16\">\u201dToki jos parin vuoden p\u00e4\u00e4st\u00e4 n\u00e4emme, ett\u00e4 t\u00e4m\u00e4 ei toimi, sitten voimme harkita uudestaan\u201d, <a class=\"article-genericlink\" href=\"https:\/\/www.hs.fi\/politiikka\/art-2000011680908.html\" rel=\"nofollow noopener\" target=\"_blank\">Roswall sanoi HS:lle<\/a>.<\/p>\n","protected":false},"excerpt":{"rendered":"Ymp\u00e4rist\u00f6|Suomi yritt\u00e4\u00e4 saada ennallistamisasetukseen muutoksia, jotka v\u00e4hent\u00e4isiv\u00e4t merkitt\u00e4v\u00e4sti ennallistamisvelvoitteiden piiriss\u00e4 olevia alueita. Bryssel Lue tiivistelm\u00e4 Tiivistelm\u00e4 on teko\u00e4lyn&hellip;\n","protected":false},"author":2,"featured_media":117593,"comment_status":"","ping_status":"","sticky":false,"template":"","format":"standard","meta":{"footnotes":""},"categories":[113],"tags":[446,33,31,30,46,118,32,119,447],"class_list":{"0":"post-117592","1":"post","2":"type-post","3":"status-publish","4":"format-standard","5":"has-post-thumbnail","7":"category-ymparisto","8":"tag-environment","9":"tag-fi","10":"tag-finland","11":"tag-finnish","12":"tag-helsingin-sanomat","13":"tag-science","14":"tag-suomi","15":"tag-tiede","16":"tag-ymparisto"},"share_on_mastodon":{"url":"https:\/\/pubeurope.com\/@fi\/115727558685142455","error":""},"_links":{"self":[{"href":"https:\/\/www.europesays.com\/fi\/wp-json\/wp\/v2\/posts\/117592","targetHints":{"allow":["GET"]}}],"collection":[{"href":"https:\/\/www.europesays.com\/fi\/wp-json\/wp\/v2\/posts"}],"about":[{"href":"https:\/\/www.europesays.com\/fi\/wp-json\/wp\/v2\/types\/post"}],"author":[{"embeddable":true,"href":"https:\/\/www.europesays.com\/fi\/wp-json\/wp\/v2\/users\/2"}],"replies":[{"embeddable":true,"href":"https:\/\/www.europesays.com\/fi\/wp-json\/wp\/v2\/comments?post=117592"}],"version-history":[{"count":0,"href":"https:\/\/www.europesays.com\/fi\/wp-json\/wp\/v2\/posts\/117592\/revisions"}],"wp:featuredmedia":[{"embeddable":true,"href":"https:\/\/www.europesays.com\/fi\/wp-json\/wp\/v2\/media\/117593"}],"wp:attachment":[{"href":"https:\/\/www.europesays.com\/fi\/wp-json\/wp\/v2\/media?parent=117592"}],"wp:term":[{"taxonomy":"category","embeddable":true,"href":"https:\/\/www.europesays.com\/fi\/wp-json\/wp\/v2\/categories?post=117592"},{"taxonomy":"post_tag","embeddable":true,"href":"https:\/\/www.europesays.com\/fi\/wp-json\/wp\/v2\/tags?post=117592"}],"curies":[{"name":"wp","href":"https:\/\/api.w.org\/{rel}","templated":true}]}}