{"id":117603,"date":"2025-12-16T05:36:08","date_gmt":"2025-12-16T05:36:08","guid":{"rendered":"https:\/\/www.europesays.com\/fi\/117603\/"},"modified":"2025-12-16T05:36:08","modified_gmt":"2025-12-16T05:36:08","slug":"matkyt-tulossa-ehdinko-viela-maksaa-lisaennakkoa","status":"publish","type":"post","link":"https:\/\/www.europesays.com\/fi\/117603\/","title":{"rendered":"M\u00e4tkyt tulossa \u2013 ehdink\u00f6 viel\u00e4 maksaa lis\u00e4\u00adennakkoa?"},"content":{"rendered":"<p>&#13;<\/p>\n<p>Tein nyt joulukuussa laskelman, jonka mukaan minulle on tulossa vuodelta 2025 m\u00e4tkyj\u00e4 3 000 euroa. Haluan maksaa puuttuvan osan veroistani mahdollisimman pian, sill\u00e4 m\u00e4tkyist\u00e4 on maksettava huojennettua viiv\u00e4styskorkoa. Teen hakemuksen lis\u00e4ennakosta Omaverossa. Ehdink\u00f6 viel\u00e4 maksaa veroni ilman korkoa? Olen tavallinen palkansaaja.\u00a0<\/p>\n<p><strong>Verojuristi Harri Rajala vastaa<\/strong>:<\/p>\n<p>Kyll\u00e4 ehdit. Se onnistuu Omaverossa.<\/p>\n<p>Voit maksaa lis\u00e4ennakkoa ilman huojennettua viiv\u00e4styskorkoa verovuotta seuraavan vuoden, eli t\u00e4ss\u00e4 tapauksessa vuoden 2026 tammikuun loppuun asti.<\/p>\n<p>Jos lis\u00e4ennakon er\u00e4p\u00e4iv\u00e4 on t\u00e4m\u00e4n ajankohdan j\u00e4lkeen, sille lasketaan huojennettua viiv\u00e4styskorkoa.<\/p>\n<p>Vuonna 2026 huojennettu viiv\u00e4styskorko on 4,5 %.<\/p>\n<p>Lis\u00e4ennakosta on teht\u00e4v\u00e4 hakemus ennen maksamista, jotta maksu kohdistuu oikealle verolle.<\/p>\n<p>Lis\u00e4ennakkoa voi tammikuun j\u00e4lkeen my\u00f6s hakea ja maksaa aina verovuoden 2025 verotuksesi p\u00e4\u00e4ttymiseen asti, mutta silloin sille lasketaan huojennettua viiv\u00e4styskorkoa.<\/p>\n<p>N\u00e4et oman verotuksesi p\u00e4\u00e4ttymisp\u00e4iv\u00e4n vuoden 2025 verotusp\u00e4\u00e4t\u00f6ksest\u00e4, jonka saat kev\u00e4\u00e4ll\u00e4 2026.<\/p>\n<p>Pienin lis\u00e4ennakko, jolla voi t\u00e4ydent\u00e4\u00e4 veroja, on 170 euroa. T\u00e4t\u00e4 pienemm\u00e4t summat pit\u00e4\u00e4 maksaa j\u00e4\u00e4nn\u00f6sverona lopullisen verotuksen yhteydess\u00e4.<\/p>\n<p>Jos haet lis\u00e4ennakkoa\u00a0paperilomakkeella\u00a0ja haluat maksaa lis\u00e4ennakkoa vuodelle 2025 ilman viiv\u00e4stysseuraamuksia, lomakkeen tulee olla Verohallinnossa viimeist\u00e4\u00e4n\u00a031.12.2025<strong>.<\/strong><\/p>\n<p><strong>\u00a0<\/strong>My\u00f6s puhelimitse voi hakea lis\u00e4ennakkoa soittamalla palvelunumeroon 029\u00a0497\u00a0000.<\/p>\n<p>&#13;<br \/>\n&#13;<br \/>\n            &#13;<br \/>\n                &#13;<br \/>\n            &#13;<\/p>\n","protected":false},"excerpt":{"rendered":"&#13; Tein nyt joulukuussa laskelman, jonka mukaan minulle on tulossa vuodelta 2025 m\u00e4tkyj\u00e4 3 000 euroa. Haluan maksaa&hellip;\n","protected":false},"author":2,"featured_media":117604,"comment_status":"","ping_status":"","sticky":false,"template":"","format":"standard","meta":{"footnotes":""},"categories":[76],"tags":[79,77,33,31,30,32,78],"class_list":{"0":"post-117603","1":"post","2":"type-post","3":"status-publish","4":"format-standard","5":"has-post-thumbnail","7":"category-talous","8":"tag-business","9":"tag-economy","10":"tag-fi","11":"tag-finland","12":"tag-finnish","13":"tag-suomi","14":"tag-talous"},"share_on_mastodon":{"url":"https:\/\/pubeurope.com\/@fi\/115727629256452173","error":""},"_links":{"self":[{"href":"https:\/\/www.europesays.com\/fi\/wp-json\/wp\/v2\/posts\/117603","targetHints":{"allow":["GET"]}}],"collection":[{"href":"https:\/\/www.europesays.com\/fi\/wp-json\/wp\/v2\/posts"}],"about":[{"href":"https:\/\/www.europesays.com\/fi\/wp-json\/wp\/v2\/types\/post"}],"author":[{"embeddable":true,"href":"https:\/\/www.europesays.com\/fi\/wp-json\/wp\/v2\/users\/2"}],"replies":[{"embeddable":true,"href":"https:\/\/www.europesays.com\/fi\/wp-json\/wp\/v2\/comments?post=117603"}],"version-history":[{"count":0,"href":"https:\/\/www.europesays.com\/fi\/wp-json\/wp\/v2\/posts\/117603\/revisions"}],"wp:featuredmedia":[{"embeddable":true,"href":"https:\/\/www.europesays.com\/fi\/wp-json\/wp\/v2\/media\/117604"}],"wp:attachment":[{"href":"https:\/\/www.europesays.com\/fi\/wp-json\/wp\/v2\/media?parent=117603"}],"wp:term":[{"taxonomy":"category","embeddable":true,"href":"https:\/\/www.europesays.com\/fi\/wp-json\/wp\/v2\/categories?post=117603"},{"taxonomy":"post_tag","embeddable":true,"href":"https:\/\/www.europesays.com\/fi\/wp-json\/wp\/v2\/tags?post=117603"}],"curies":[{"name":"wp","href":"https:\/\/api.w.org\/{rel}","templated":true}]}}