{"id":117611,"date":"2025-12-16T05:51:08","date_gmt":"2025-12-16T05:51:08","guid":{"rendered":"https:\/\/www.europesays.com\/fi\/117611\/"},"modified":"2025-12-16T05:51:08","modified_gmt":"2025-12-16T05:51:08","slug":"nyt-herasi-huoli-diandrasta-nain-han-kommentoi-tilannettaan","status":"publish","type":"post","link":"https:\/\/www.europesays.com\/fi\/117611\/","title":{"rendered":"Nyt her\u00e4si huoli Diandrasta &#8211; n\u00e4in h\u00e4n kommentoi tilannettaan"},"content":{"rendered":"<p>Diandra on paraikaa joulukiertueellaan loppuunmyydyille saleille. Vaikka kaikki konsertit ovat loppuunmyytyj\u00e4 Lappeenranta sai lis\u00e4konsertin 20.12. ja sinne on viel\u00e4 v\u00e4h\u00e4n paikkoja j\u00e4ljell\u00e4.<\/p>\n<p>Didin konsertit olivat my\u00f6s viime vuonna aivan mielet\u00f6n suksee.<\/p>\n<p>Nyt nainen on kirjoittanut Instaansa:<\/p>\n<p>Lue my\u00f6s: <a href=\"https:\/\/www.como.fi\/uutiset\/diandra-karsii-oudosta-olosta-nyt-keikkatauolla\/\" title=\"Diandra k\u00e4rsii oudosta olosta \u2013 nyt keikkatauolla\" class=\"underline-custom !font-montserrat !font-bold !underline-offset-4 !decoration-4 !decoration-red-600 !text-md\" rel=\"nofollow noopener\" target=\"_blank\">Diandra k\u00e4rsii oudosta olosta \u2013 nyt keikkatauolla<\/a><\/p>\n<p>-Joulukiertueen keikka nro 30\/41 t\u00e4n\u00e4\u00e4n. Oon tehnyt nyt 25 p\u00e4iv\u00e4n aikana 29 konserttia. N\u00e4iden viimeisten 8 p\u00e4iv\u00e4n aikana tehd\u00e4\u00e4n viel\u00e4 12 konserttia!<\/p>\n<p>Didi\u00e4 kiitell\u00e4\u00e4n eik\u00e4 hurmiolle riit\u00e4 sanoja.<\/p>\n<p>Vaikka Diandra toteaa, ett\u00e4 ihanaa on ollut ja kiittelee keikoilla k\u00e4vij\u00f6it\u00e4, huolenkantamoinenkin on her\u00e4nnyt.<\/p>\n<p>Kuinka nainen jaksaa moisen rumban.<\/p>\n<p>Didi kommentoi<\/p>\n<p>-Ota iisisti keikkojen v\u00e4lill\u00e4, vauhti on p\u00e4\u00e4t\u00e4 huimaava, kirjoittaa muuan hieman huolestunut Diandran fani. <\/p>\n<p>Diandra on vastannut h\u00e4nelle.<\/p>\n<p>Lue my\u00f6s: <a href=\"https:\/\/www.como.fi\/uutiset\/diandra-kertoi-ilouutisen-paljon-onnea\/\" title=\"Diandra kertoi ilouutisen \u2013 paljon onnea!\" class=\"underline-custom !font-montserrat !font-bold !underline-offset-4 !decoration-4 !decoration-red-600 !text-md\" rel=\"nofollow noopener\" target=\"_blank\">Diandra kertoi ilouutisen \u2013 paljon onnea!<\/a><\/p>\n<p>-N\u00e4in teen!<\/p>\n<p>H\u00e4n my\u00f6s selitt\u00e4\u00e4 miten on palautunut:<\/p>\n<p>-Oon nukkunut pitk\u00e4\u00e4n, ja ladannut akut p\u00e4iv\u00e4ll\u00e4 aina konserttia varten. Hyvin ollaan jaksettu!<\/p>\n<p>Lue my\u00f6s: <a href=\"https:\/\/www.como.fi\/tilaa-comon-uutiskirje\/\" title=\"Tilaa Comon uutiskirje ja tied\u00e4t mist\u00e4 kahvitauolla puhutaan! Nappaa kotimaan tv-vinkit ja puheenaiheet suoraan s\u00e4hk\u00f6postiin t\u00e4st\u00e4.\" class=\"underline-custom !font-montserrat !font-bold !underline-offset-4 !decoration-4 !decoration-red-600 !text-md\" rel=\"nofollow noopener\" target=\"_blank\">Tilaa Comon uutiskirje ja tied\u00e4t mist\u00e4 kahvitauolla puhutaan! Nappaa kotimaan tv-vinkit ja puheenaiheet suoraan s\u00e4hk\u00f6postiin t\u00e4st\u00e4.<\/a><\/p>\n","protected":false},"excerpt":{"rendered":"Diandra on paraikaa joulukiertueellaan loppuunmyydyille saleille. Vaikka kaikki konsertit ovat loppuunmyytyj\u00e4 Lappeenranta sai lis\u00e4konsertin 20.12. ja sinne on&hellip;\n","protected":false},"author":2,"featured_media":117612,"comment_status":"","ping_status":"","sticky":false,"template":"","format":"standard","meta":{"footnotes":""},"categories":[136],"tags":[407,6896,137,33,31,30,408,32,109],"class_list":{"0":"post-117611","1":"post","2":"type-post","3":"status-publish","4":"format-standard","5":"has-post-thumbnail","7":"category-julkkikset","8":"tag-celebrities","9":"tag-diandra","10":"tag-entertainment","11":"tag-fi","12":"tag-finland","13":"tag-finnish","14":"tag-julkkikset","15":"tag-suomi","16":"tag-viihde"},"share_on_mastodon":{"url":"https:\/\/pubeurope.com\/@fi\/115727688189250424","error":""},"_links":{"self":[{"href":"https:\/\/www.europesays.com\/fi\/wp-json\/wp\/v2\/posts\/117611","targetHints":{"allow":["GET"]}}],"collection":[{"href":"https:\/\/www.europesays.com\/fi\/wp-json\/wp\/v2\/posts"}],"about":[{"href":"https:\/\/www.europesays.com\/fi\/wp-json\/wp\/v2\/types\/post"}],"author":[{"embeddable":true,"href":"https:\/\/www.europesays.com\/fi\/wp-json\/wp\/v2\/users\/2"}],"replies":[{"embeddable":true,"href":"https:\/\/www.europesays.com\/fi\/wp-json\/wp\/v2\/comments?post=117611"}],"version-history":[{"count":0,"href":"https:\/\/www.europesays.com\/fi\/wp-json\/wp\/v2\/posts\/117611\/revisions"}],"wp:featuredmedia":[{"embeddable":true,"href":"https:\/\/www.europesays.com\/fi\/wp-json\/wp\/v2\/media\/117612"}],"wp:attachment":[{"href":"https:\/\/www.europesays.com\/fi\/wp-json\/wp\/v2\/media?parent=117611"}],"wp:term":[{"taxonomy":"category","embeddable":true,"href":"https:\/\/www.europesays.com\/fi\/wp-json\/wp\/v2\/categories?post=117611"},{"taxonomy":"post_tag","embeddable":true,"href":"https:\/\/www.europesays.com\/fi\/wp-json\/wp\/v2\/tags?post=117611"}],"curies":[{"name":"wp","href":"https:\/\/api.w.org\/{rel}","templated":true}]}}