{"id":117623,"date":"2025-12-16T06:05:12","date_gmt":"2025-12-16T06:05:12","guid":{"rendered":"https:\/\/www.europesays.com\/fi\/117623\/"},"modified":"2025-12-16T06:05:12","modified_gmt":"2025-12-16T06:05:12","slug":"etela-pohjanmaan-hyvinvointialue-lakkauttaa-vuodeosastoja-pelkaa-valtion-erityistarkkailuun-paatymista-etela-pohjanmaa","status":"publish","type":"post","link":"https:\/\/www.europesays.com\/fi\/117623\/","title":{"rendered":"Etel\u00e4-Pohjanmaan hyvinvointialue lakkauttaa vuodeosastoja \u2013 pelk\u00e4\u00e4 valtion erityistarkkailuun p\u00e4\u00e4tymist\u00e4 | Etel\u00e4-Pohjanmaa"},"content":{"rendered":"<p class=\"aw-1gybjub aw-5vja16 kEtdKx kmuxyA yle__article__paragraph\">Vuodeosastoja lakkautetaan nelj\u00e4ll\u00e4 paikkakunnalla. Valtuutetut eiv\u00e4t kuitenkaan nielleet kaikkia karsintaesityksi\u00e4. Koko palveluverkkoa puidaan viel\u00e4 ensi vuoden puolella.<\/p>\n<p><img decoding=\"async\" alt=\"Tero J\u00e4rvinen ja Lasse Hautala aluevaltuusotn kokouksessa. \" src=\"https:\/\/www.europesays.com\/fi\/wp-content\/uploads\/2025\/12\/39-1569980693ff2cf16bda.jpeg\" class=\"aw-1l9m598 hKVVvP\"\/><\/p>\n<p>Avaa kuvien katselu<\/p>\n<p>Etel\u00e4-Pohjanmaan hyvinvointialueen johtaja Tero J\u00e4rvinen ja aluehallituksen puheenjohtaja Lasse Hautala osasivat odottaa joulukuun valtuuston kokouksesta pitk\u00e4\u00e4 ja puheliasta. Kuva: Elina Niemist\u00f6 \/ Yle<\/p>\n<p class=\"aw-1gybjub aw-1p7kakr kEtdKx cEmitX yle__article__paragraph\">En ole pettynyt, toteaa seitsem\u00e4ntuntisen valtuuston kokouksen j\u00e4lkeen Etel\u00e4-Pohjanmaan hyvinvointialueen johtaja <strong class=\"aw-ak79eh KyCXm yle__article__strong\">Tero J\u00e4rvinen<\/strong>.<\/p>\n<p class=\"aw-1gybjub aw-1p7kakr kEtdKx cEmitX yle__article__paragraph\">Aluevaltuusto p\u00e4\u00e4tti lakkauttaa vuodeosastoja Lapualla, Jalasj\u00e4rvell\u00e4, Ilmajoella ja Kurikassa, mutta palveluverkon karsintaesitys palautui \u00e4\u00e4nin 30\u201329 uudelleenvalmisteluun.<\/p>\n<p class=\"aw-1gybjub aw-1p7kakr kEtdKx cEmitX yle__article__paragraph\">Etel\u00e4-Pohjanmaan hyvinvointialuetta uhkaa valtion arviointimenettely kertyneiden alij\u00e4\u00e4mien vuoksi.<\/p>\n<p class=\"aw-1gybjub aw-1p7kakr kEtdKx cEmitX yle__article__paragraph\">Etel\u00e4-Pohjanmaa lukeutuu taloudeltaan <a class=\"aw-iao6s4 iHOxEa yle__article__link\" href=\"https:\/\/yle.fi\/a\/74-20198089\" role=\"link\" rel=\"nofollow noopener\" target=\"_blank\">heikoimpien hyvinvointialueiden joukkoon<\/a>. Kolme aluetta on jo arviointimenettelyss\u00e4.<\/p>\n<p class=\"aw-1gybjub aw-1p7kakr kEtdKx cEmitX yle__article__paragraph\">\u2013 Todellisuutta on se, ett\u00e4 meid\u00e4n on teht\u00e4v\u00e4 sopeutustoimia ja uskottava ohjelma joka tapauksessa, jouduttiin sitten arviointimenettelyyn tai ei.<\/p>\n<p class=\"aw-1gybjub aw-1p7kakr kEtdKx cEmitX yle__article__paragraph\">Jos etel\u00e4pohjalaiset saavat aikaan uskottavan ohjelman talouden tasapainoon saattamiseksi, p\u00e4\u00e4t\u00f6svalta pysyy nykyisell\u00e4 aluevaltuustolla, J\u00e4rvinen huomauttaa.<\/p>\n<p class=\"aw-1gybjub aw-1p7kakr kEtdKx cEmitX yle__article__paragraph\">\u2013 Arviointimenettelyss\u00e4 siihen tulee kyll\u00e4 koukero lis\u00e4\u00e4.<\/p>\n<p>\u201dT\u00e4m\u00e4 tulee olemaan t\u00e4t\u00e4\u201d<\/p>\n<p class=\"aw-1gybjub aw-1p7kakr kEtdKx cEmitX yle__article__paragraph\">Aluevaltuusto palautti palveluverkkoesityksen uudelleenvalmisteluun, koska esityst\u00e4 pidettiin osin puutteellisena. Muutoksilla on luonnollisesti vaikutuksensa ensi vuoden budjettiin.<\/p>\n<p class=\"aw-1gybjub aw-1p7kakr kEtdKx cEmitX yle__article__paragraph\">Etel\u00e4-Pohjanmaan aluevaltuusto kokoontuu seuraavan kerran vasta 9. helmikuuta.<\/p>\n<p class=\"aw-1gybjub aw-1p7kakr kEtdKx cEmitX yle__article__paragraph\">Aluevaltuutettuja hiersi my\u00f6s se, mit\u00e4 tarpeenmukaisuus tarkoittaa, kun palveluverkkoa l\u00e4hdet\u00e4\u00e4n karsimaan.<\/p>\n<p class=\"aw-1gybjub aw-1p7kakr kEtdKx cEmitX yle__article__paragraph\">\u2013 Siin\u00e4 puhutaan palveluista tai yksik\u00f6ist\u00e4, joita ei tarvita viitt\u00e4 p\u00e4iv\u00e4\u00e4 viikossa. Kyse on tehokkaasta ty\u00f6ajasta. Osa ajasta k\u00e4ytet\u00e4\u00e4n paikan p\u00e4\u00e4ll\u00e4 vastaanottoon ja osa esimerkiksi et\u00e4vastaanottoon, Tero J\u00e4rvinen tarkentaa.<\/p>\n<p class=\"aw-1gybjub aw-1p7kakr kEtdKx cEmitX yle__article__paragraph\">Aluevaltuusto murehti, miten etenkin neuvolapalvelut ovat saatavilla pienill\u00e4 paikkakunnilla. Kun syntyvyys on 10\u201320 lapsen vuositahtia, neuvoloihin ei saada t\u00e4ysi\u00e4 ty\u00f6p\u00e4ivi\u00e4.<\/p>\n<p class=\"aw-1gybjub aw-1p7kakr kEtdKx cEmitX yle__article__paragraph\">Tero J\u00e4rvinen pohtii vuoden viimeisen aluevaltuuston kokouksen tunnelmia ja arvioi, ett\u00e4 tilanne ei tule helpottumaan alkuvuodenkaan aikana.<\/p>\n<p class=\"aw-1gybjub aw-1p7kakr kEtdKx cEmitX yle__article__paragraph\">J\u00e4rvinen muistuttaa, ett\u00e4 hyvinvointialueella on parhaillaan menossa neuvottelut lainanottovaltuuksista, mik\u00e4 edellytt\u00e4\u00e4 uudistus-, tuottavuus- ja vaikuttavuusohjelman t\u00e4ydent\u00e4mist\u00e4.<\/p>\n<p class=\"aw-1gybjub aw-1p7kakr kEtdKx cEmitX yle__article__paragraph\">\u2013 T\u00e4m\u00e4 tulee olemaan t\u00e4t\u00e4, J\u00e4rvinen kuittaa.<\/p>\n<p><img decoding=\"async\" alt=\"Lunta ja kaivureita pime\u00e4ll\u00e4 rakennusty\u00f6maalla Sein\u00e4joen keskussairaalassa.\" src=\"https:\/\/www.europesays.com\/fi\/wp-content\/uploads\/2025\/12\/39-1569656693fb242f343f.jpeg\" loading=\"lazy\" class=\"aw-1l9m598 hKVVvP\"\/><\/p>\n<p>Avaa kuvien katselu<\/p>\n<p>Rakennusty\u00f6t jatkuvat vuodesta toiseen Sein\u00e4joen sairaalanm\u00e4ell\u00e4. Kuva: Elina Niemist\u00f6\u201dKuntarajoilla edelleen iso merkitys\u201d<\/p>\n<p class=\"aw-1gybjub aw-1p7kakr kEtdKx cEmitX yle__article__paragraph\">Etel\u00e4-Pohjanmaan aluehallituksen puheenjohtaja <strong class=\"aw-ak79eh KyCXm yle__article__strong\">Lasse Hautala<\/strong> (kesk.) my\u00f6nt\u00e4\u00e4 aluevaltuuston kokouksen j\u00e4lkeen, ett\u00e4 s\u00e4\u00e4st\u00f6p\u00e4\u00e4t\u00f6sten tekeminen on Etel\u00e4-Pohjanmaalla tavattoman vaikeaa.<\/p>\n<p class=\"aw-1gybjub aw-1p7kakr kEtdKx cEmitX yle__article__paragraph\">\u2013 Vaikka el\u00e4mme yhten\u00e4isell\u00e4 hyvinvointialueella, kuntarajoilla on p\u00e4\u00e4t\u00f6ksenteossa edelleen iso merkitys.<\/p>\n<p class=\"aw-1gybjub aw-1p7kakr kEtdKx cEmitX yle__article__paragraph\">Etel\u00e4-Pohjanmaan hyvinvointialueella on Hautalan mukaan k\u00e4yt\u00f6ss\u00e4\u00e4n 36 prosenttia enemm\u00e4n neli\u00f6it\u00e4 kuin hyvinvointialueilla keskim\u00e4\u00e4rin ja vuodeosastopaikkoja on liikaa.<\/p>\n<p class=\"aw-1gybjub aw-1p7kakr kEtdKx cEmitX yle__article__paragraph\">\u2013 Sosiaali- ja terveysministeri\u00f6 ja Terveyden ja hyvinvoinnin laitos edellytt\u00e4v\u00e4t meilt\u00e4 p\u00e4\u00e4t\u00f6ksentekokyky\u00e4 ja rakennemuutoksia.<\/p>\n<p class=\"aw-1gybjub aw-1p7kakr kEtdKx cEmitX yle__article__paragraph\">Hautala muistuttaa, ett\u00e4 vuodeosastojen lakkauttamisp\u00e4\u00e4t\u00f6ksess\u00e4 ei unohdettu maakunnan reuna-alueita, vaan p\u00e4\u00e4t\u00f6kset koskivat paikkakuntia, joilta matka maakuntakeskukseen on kohtuullisen lyhyt.<\/p>\n<p class=\"aw-1gybjub aw-1p7kakr kEtdKx cEmitX yle__article__paragraph\">Vaikka palveluverkkop\u00e4\u00e4t\u00f6kset siirtyiv\u00e4t ensi vuoden puolelle, Lasse Hautala uskoo edelleen Etel\u00e4-Pohjanmaan mahdollisuuksiin saada aikaan niin uskottava ohjelma, jolla valtion v\u00e4liintulolta v\u00e4ltyt\u00e4\u00e4n.<\/p>\n<p class=\"aw-1gybjub aw-1p7kakr kEtdKx cEmitX yle__article__paragraph\">\u2013 Alueiden yhdist\u00e4minen ei v\u00e4ltt\u00e4m\u00e4tt\u00e4 ole se ratkaisu, jota halutaan. Yhdist\u00e4misi\u00e4 seuraisi j\u00e4lleen palkkaharmonisaatio, ja sill\u00e4 on yleens\u00e4 iso hintalappu.<\/p>\n","protected":false},"excerpt":{"rendered":"Vuodeosastoja lakkautetaan nelj\u00e4ll\u00e4 paikkakunnalla. Valtuutetut eiv\u00e4t kuitenkaan nielleet kaikkia karsintaesityksi\u00e4. Koko palveluverkkoa puidaan viel\u00e4 ensi vuoden puolella. Avaa&hellip;\n","protected":false},"author":2,"featured_media":117624,"comment_status":"","ping_status":"","sticky":false,"template":"","format":"standard","meta":{"footnotes":""},"categories":[5],"tags":[22,23,1377,12234,26,27,33,31,30,17,2218,71,21391,24,25,28,29,15,18,21,680,4341,32,21390,19,20,16],"class_list":{"0":"post-117623","1":"post","2":"type-post","3":"status-publish","4":"format-standard","5":"has-post-thumbnail","7":"category-otsikot","8":"tag-breaking-news","9":"tag-breakingnews","10":"tag-etela-pohjanmaa","11":"tag-etela-pohjanmaan-hyvinvointialue","12":"tag-featured-news","13":"tag-featurednews","14":"tag-fi","15":"tag-finland","16":"tag-finnish","17":"tag-headlines","18":"tag-hyvinvointialueet","19":"tag-kotimaa","20":"tag-lasse-hautala","21":"tag-latest-news","22":"tag-latestnews","23":"tag-main-news","24":"tag-mainnews","25":"tag-news","26":"tag-otsikot","27":"tag-paauutiset","28":"tag-seinajoki","29":"tag-sosiaali-ja-terveyspalvelut","30":"tag-suomi","31":"tag-tero-jarvinen","32":"tag-top-stories","33":"tag-topstories","34":"tag-uutiset"},"share_on_mastodon":{"url":"https:\/\/pubeurope.com\/@fi\/115727743356193524","error":""},"_links":{"self":[{"href":"https:\/\/www.europesays.com\/fi\/wp-json\/wp\/v2\/posts\/117623","targetHints":{"allow":["GET"]}}],"collection":[{"href":"https:\/\/www.europesays.com\/fi\/wp-json\/wp\/v2\/posts"}],"about":[{"href":"https:\/\/www.europesays.com\/fi\/wp-json\/wp\/v2\/types\/post"}],"author":[{"embeddable":true,"href":"https:\/\/www.europesays.com\/fi\/wp-json\/wp\/v2\/users\/2"}],"replies":[{"embeddable":true,"href":"https:\/\/www.europesays.com\/fi\/wp-json\/wp\/v2\/comments?post=117623"}],"version-history":[{"count":0,"href":"https:\/\/www.europesays.com\/fi\/wp-json\/wp\/v2\/posts\/117623\/revisions"}],"wp:featuredmedia":[{"embeddable":true,"href":"https:\/\/www.europesays.com\/fi\/wp-json\/wp\/v2\/media\/117624"}],"wp:attachment":[{"href":"https:\/\/www.europesays.com\/fi\/wp-json\/wp\/v2\/media?parent=117623"}],"wp:term":[{"taxonomy":"category","embeddable":true,"href":"https:\/\/www.europesays.com\/fi\/wp-json\/wp\/v2\/categories?post=117623"},{"taxonomy":"post_tag","embeddable":true,"href":"https:\/\/www.europesays.com\/fi\/wp-json\/wp\/v2\/tags?post=117623"}],"curies":[{"name":"wp","href":"https:\/\/api.w.org\/{rel}","templated":true}]}}