{"id":117625,"date":"2025-12-16T06:17:07","date_gmt":"2025-12-16T06:17:07","guid":{"rendered":"https:\/\/www.europesays.com\/fi\/117625\/"},"modified":"2025-12-16T06:17:07","modified_gmt":"2025-12-16T06:17:07","slug":"george-clooney-ei-enaa-suutele-naisia","status":"publish","type":"post","link":"https:\/\/www.europesays.com\/fi\/117625\/","title":{"rendered":"George Clooney ei en\u00e4\u00e4 suutele naisia"},"content":{"rendered":"<p>George Clooney j\u00e4tt\u00e4\u00e4 jatkossa romanttiset roolit itse\u00e4\u00e4n nuoremmille n\u00e4yttelij\u00f6ille.<\/p>\n<p>64-vuotias <a href=\"https:\/\/muropaketti.com\/avainsana\/george-clooney\/\" rel=\"nofollow noopener\" target=\"_blank\">George Clooney<\/a> ei halua en\u00e4\u00e4 esiinty\u00e4 romanttisissa elokuvissa. N\u00e4yttelij\u00e4 kertoo asiasta <a href=\"https:\/\/www.dailymail.co.uk\/tvshowbiz\/article-15378061\/George-Clooney-admits-heartthrob-days-amal-kissing-girls.html\" target=\"_blank\" rel=\"noreferrer noopener nofollow\">Daily Mail<\/a> -tabloidin jutussa, jossa h\u00e4n sanoo k\u00e4yneens\u00e4 vaimonsa Amal Clooneyn kanssa keskustelun ja luvanneensa, ettei en\u00e4\u00e4 suutele naisia elokuvarooleisssaan. <\/p>\n<p>\u201dOlen yritt\u00e4nyt kulkea Paul Newmanin jalanj\u00e4ljiss\u00e4, enk\u00e4 suutele en\u00e4\u00e4 naisia elokuvissa. Kun t\u00e4ytin 60, niin puhuin asiasta vaimoni kanssa. Pystyn yh\u00e4 pelaamaan vaikka korista 25-vuotiaiden j\u00e4tkien kanssa, eli olen hyv\u00e4ss\u00e4 kunnossa, mutta ik\u00e4 on silti muutakin kuin pelkk\u00e4 numero.\u201d  <\/p>\n<p>Clooney kertoi jo aiemmin t\u00e4n\u00e4 vuonna 60 Minutes -ohjelmassa, ett\u00e4 j\u00e4tt\u00e4\u00e4 romanttiset roolit jatkossa nuoremmiille kollegoilleen. <\/p>\n<p>N\u00e4yttelij\u00e4n tuorein elokuva, harmillisen keskinkertainen Oscar-t\u00e4ky Jay Kelly sai ensi-iltansa Netflixiss\u00e4 reilu viikko sitten.<\/p>\n<p>Sen on ohjannut Barbien, Fantastic Mr. Foxin ja The Life Aquatic with Steve Zissoun k\u00e4sikirjoittajana ja Frances Han ja White Noisen ohjaajana tunnettu Noah Baumbach.<\/p>\n<p>Elokuvan p\u00e4\u00e4osissa n\u00e4hd\u00e4\u00e4n Clooneyn lis\u00e4ksi Adam Sandler, Laura Dern ja Billy Crudup.<\/p>\n","protected":false},"excerpt":{"rendered":"George Clooney j\u00e4tt\u00e4\u00e4 jatkossa romanttiset roolit itse\u00e4\u00e4n nuoremmille n\u00e4yttelij\u00f6ille. 64-vuotias George Clooney ei halua en\u00e4\u00e4 esiinty\u00e4 romanttisissa elokuvissa.&hellip;\n","protected":false},"author":2,"featured_media":49429,"comment_status":"","ping_status":"","sticky":false,"template":"","format":"standard","meta":{"footnotes":""},"categories":[136],"tags":[407,137,33,31,30,1783,408,217,32,109],"class_list":{"0":"post-117625","1":"post","2":"type-post","3":"status-publish","4":"format-standard","5":"has-post-thumbnail","7":"category-julkkikset","8":"tag-celebrities","9":"tag-entertainment","10":"tag-fi","11":"tag-finland","12":"tag-finnish","13":"tag-george-clooney","14":"tag-julkkikset","15":"tag-netflix","16":"tag-suomi","17":"tag-viihde"},"share_on_mastodon":{"url":"https:\/\/pubeurope.com\/@fi\/115727790709856201","error":""},"_links":{"self":[{"href":"https:\/\/www.europesays.com\/fi\/wp-json\/wp\/v2\/posts\/117625","targetHints":{"allow":["GET"]}}],"collection":[{"href":"https:\/\/www.europesays.com\/fi\/wp-json\/wp\/v2\/posts"}],"about":[{"href":"https:\/\/www.europesays.com\/fi\/wp-json\/wp\/v2\/types\/post"}],"author":[{"embeddable":true,"href":"https:\/\/www.europesays.com\/fi\/wp-json\/wp\/v2\/users\/2"}],"replies":[{"embeddable":true,"href":"https:\/\/www.europesays.com\/fi\/wp-json\/wp\/v2\/comments?post=117625"}],"version-history":[{"count":0,"href":"https:\/\/www.europesays.com\/fi\/wp-json\/wp\/v2\/posts\/117625\/revisions"}],"wp:featuredmedia":[{"embeddable":true,"href":"https:\/\/www.europesays.com\/fi\/wp-json\/wp\/v2\/media\/49429"}],"wp:attachment":[{"href":"https:\/\/www.europesays.com\/fi\/wp-json\/wp\/v2\/media?parent=117625"}],"wp:term":[{"taxonomy":"category","embeddable":true,"href":"https:\/\/www.europesays.com\/fi\/wp-json\/wp\/v2\/categories?post=117625"},{"taxonomy":"post_tag","embeddable":true,"href":"https:\/\/www.europesays.com\/fi\/wp-json\/wp\/v2\/tags?post=117625"}],"curies":[{"name":"wp","href":"https:\/\/api.w.org\/{rel}","templated":true}]}}