{"id":117640,"date":"2025-12-16T06:48:07","date_gmt":"2025-12-16T06:48:07","guid":{"rendered":"https:\/\/www.europesays.com\/fi\/117640\/"},"modified":"2025-12-16T06:48:07","modified_gmt":"2025-12-16T06:48:07","slug":"jack-nicholson-ei-ole-tehnyt-elokuvia-15-vuoteen-olen-varma-etta-naemme-hanet-viela","status":"publish","type":"post","link":"https:\/\/www.europesays.com\/fi\/117640\/","title":{"rendered":"Jack Nicholson ei ole tehnyt elokuvia 15 vuoteen &#8211; \u201cOlen varma ett\u00e4 n\u00e4emme h\u00e4net viel\u00e4\u201d"},"content":{"rendered":"<p>As Good As It Gets -ohjaaja uskoo 88-vuotiaan Jack Nicholsonin tekev\u00e4n viel\u00e4 paluun.<\/p>\n<p><a href=\"https:\/\/muropaketti.com\/avainsana\/jack-nicholson\/\" rel=\"nofollow noopener\" target=\"_blank\">Jack Nicholsonin<\/a> edellisest\u00e4 How Do You Know -elokuvasta on ehtinyt kulua jo 15 vuotta. Nyt n\u00e4yttelij\u00e4\u00e4 vuoden 2010 leffassa ohjannut James L. Brooks kertoo <a href=\"https:\/\/people.com\/james-l-brooks-says-jack-nicholson-may-not-be-retired-for-good-exclusive-11866193?taid=693daa9405d5820001df60d6&amp;utm_campaign=peoplemagazine&amp;utm_content=new&amp;utm_medium=social&amp;utm_source=twitter.com\" target=\"_blank\" rel=\"noreferrer noopener nofollow\">Peoplen<\/a> jutussa uskovansa Nicholsonin tekev\u00e4n viel\u00e4 paluun valkokankaille. <\/p>\n<p>\u201dEi, en usko Jackin koskaan lopettaneen. H\u00e4n saa jatkuvasti k\u00e4sikirjoituksia, joita tied\u00e4n h\u00e4nen lukevan l\u00e4pi. Uskon h\u00e4nen tekev\u00e4n viel\u00e4 paluun.\u201d<\/p>\n<p>Brooks ohjasi ja k\u00e4sikirjoitti my\u00f6s muun muassa Nicholsonin vuoden 1997 As Good As It Gets -elokuvan. Heid\u00e4n aiempia yhteist\u00f6it\u00e4\u00e4n ovat elokuvat Terms of Endearment (1983) ja Broadcast News (1987).<\/p>\n<p>N\u00e4yttelij\u00e4 teki viime helmikuussa yll\u00e4tysvierailun Saturday Night Live -ohjelman 50-vuotisjuhlajaksossa, jossa h\u00e4n esitteli entisen SNL-kasvo Adam Sandlerin:<\/p>\n<p><a href=\"https:\/\/muropaketti.com\/elokuvat\/elokuvauutiset\/jack-nicholson-astui-pitkasta-aikaa-julkisuuteen-yllattavassa-paikassa\/\" rel=\"nofollow noopener\" target=\"_blank\">Jack Nicholson astui pitk\u00e4st\u00e4 aikaa julkisuuteen yll\u00e4tt\u00e4v\u00e4ss\u00e4 paikassa<\/a><\/p>\n<p>Nicholson ja Sandler esiintyiv\u00e4t yhdess\u00e4 vuoden 2003 Anger Management -hittikomediassa. Nicholson ei ole koskaan j\u00e4\u00e4nyt virallisesti el\u00e4kkeelle, mutta viihtyy nyky\u00e4\u00e4n l\u00e4hinn\u00e4 omissa oloissaan.<\/p>\n<p>My\u00f6s ohjaaja Brooksin edellinen elokuva oli How Do You Know, mutta h\u00e4nen ohjaamansa Ella McCay -uutuus sai ensi-iltansa Yhdysvalloissa viime viikon perjantaina. <\/p>\n<p><script async src=\"https:\/\/platform.twitter.com\/widgets.js\" charset=\"utf-8\"><\/script><\/p>\n","protected":false},"excerpt":{"rendered":"As Good As It Gets -ohjaaja uskoo 88-vuotiaan Jack Nicholsonin tekev\u00e4n viel\u00e4 paluun. Jack Nicholsonin edellisest\u00e4 How Do&hellip;\n","protected":false},"author":2,"featured_media":117641,"comment_status":"","ping_status":"","sticky":false,"template":"","format":"standard","meta":{"footnotes":""},"categories":[131],"tags":[155,137,33,173,31,30,18183,172,32,109],"class_list":{"0":"post-117640","1":"post","2":"type-post","3":"status-publish","4":"format-standard","5":"has-post-thumbnail","7":"category-elokuvat","8":"tag-elokuvat","9":"tag-entertainment","10":"tag-fi","11":"tag-film","12":"tag-finland","13":"tag-finnish","14":"tag-jack-nicholson","15":"tag-movies","16":"tag-suomi","17":"tag-viihde"},"share_on_mastodon":{"url":"https:\/\/pubeurope.com\/@fi\/115727912531532497","error":""},"_links":{"self":[{"href":"https:\/\/www.europesays.com\/fi\/wp-json\/wp\/v2\/posts\/117640","targetHints":{"allow":["GET"]}}],"collection":[{"href":"https:\/\/www.europesays.com\/fi\/wp-json\/wp\/v2\/posts"}],"about":[{"href":"https:\/\/www.europesays.com\/fi\/wp-json\/wp\/v2\/types\/post"}],"author":[{"embeddable":true,"href":"https:\/\/www.europesays.com\/fi\/wp-json\/wp\/v2\/users\/2"}],"replies":[{"embeddable":true,"href":"https:\/\/www.europesays.com\/fi\/wp-json\/wp\/v2\/comments?post=117640"}],"version-history":[{"count":0,"href":"https:\/\/www.europesays.com\/fi\/wp-json\/wp\/v2\/posts\/117640\/revisions"}],"wp:featuredmedia":[{"embeddable":true,"href":"https:\/\/www.europesays.com\/fi\/wp-json\/wp\/v2\/media\/117641"}],"wp:attachment":[{"href":"https:\/\/www.europesays.com\/fi\/wp-json\/wp\/v2\/media?parent=117640"}],"wp:term":[{"taxonomy":"category","embeddable":true,"href":"https:\/\/www.europesays.com\/fi\/wp-json\/wp\/v2\/categories?post=117640"},{"taxonomy":"post_tag","embeddable":true,"href":"https:\/\/www.europesays.com\/fi\/wp-json\/wp\/v2\/tags?post=117640"}],"curies":[{"name":"wp","href":"https:\/\/api.w.org\/{rel}","templated":true}]}}