{"id":117646,"date":"2025-12-16T06:51:09","date_gmt":"2025-12-16T06:51:09","guid":{"rendered":"https:\/\/www.europesays.com\/fi\/117646\/"},"modified":"2025-12-16T06:51:09","modified_gmt":"2025-12-16T06:51:09","slug":"noora-louhimo-jattaa-battle-beastin-paikalliset","status":"publish","type":"post","link":"https:\/\/www.europesays.com\/fi\/117646\/","title":{"rendered":"Noora Louhimo j\u00e4tt\u00e4\u00e4 Battle Beastin | Paikalliset"},"content":{"rendered":"<p>Laulaja<strong> Noora Louhimo <\/strong>j\u00e4tt\u00e4\u00e4 Battle Beastin. Yhtye kertoo asiasta Facebook-sivuillaan. Kangasalalainen Louhimo on ollut b\u00e4ndin laulaja vuodesta 2012.<\/p>\n<p>\u2013\u200913 vuoden ajan sain kasvaa, oppia, kehitty\u00e4 ja tutkia Battle Beastin kanssa sit\u00e4, kuka olen muusikkona ja ihmisen\u00e4. Ja nyt syd\u00e4meni kaipaa lis\u00e4\u00e4 seikkailuja, ja lent\u00e4mist\u00e4 omilla siivill\u00e4ni kohti unelmiani, joita voin tavoitella vain, jos annan niille t\u00e4yden huomioni. El\u00e4m\u00e4 on t\u00e4ynn\u00e4 eri aikakausia, ja nyt on uuden aika. Olen ikuisesti kiitollinen ja rakastan Battle Beastia ja rakkaita fanejamme. T\u00e4m\u00e4 ei ole loppu, t\u00e4m\u00e4 on uusi seikkailun alku, Louhimo kirjoittaa Facebookissa.<\/p>\n<p>Louhimo kertoo j\u00e4tt\u00e4v\u00e4ns\u00e4 yhtyeen keskitty\u00e4kseen soolouraansa.<\/p>\n<p>Battle Beast kertoo julkistavansa uuden laulajansa t\u00e4n\u00e4\u00e4n tiistaina.<\/p>\n<p>\t\t\t\t\t<img class=\"diks-card__image\" src=\"https:\/\/www.europesays.com\/fi\/wp-content\/uploads\/2025\/12\/11163414.jpg\"   loading=\"lazy\" decoding=\"sync\" alt=\"\"\/><\/p>\n<p>\t\t\t\t\t<img class=\"diks-card__image\" src=\"https:\/\/www.europesays.com\/fi\/wp-content\/uploads\/2025\/12\/11073367.jpg\"   loading=\"lazy\" decoding=\"sync\" alt=\"\"\/><\/p>\n","protected":false},"excerpt":{"rendered":"Laulaja Noora Louhimo j\u00e4tt\u00e4\u00e4 Battle Beastin. Yhtye kertoo asiasta Facebook-sivuillaan. Kangasalalainen Louhimo on ollut b\u00e4ndin laulaja vuodesta 2012.&hellip;\n","protected":false},"author":2,"featured_media":59373,"comment_status":"","ping_status":"","sticky":false,"template":"","format":"standard","meta":{"footnotes":""},"categories":[130],"tags":[137,1752,33,31,30,3815,763,47,3018,32,397,484,712,109],"class_list":{"0":"post-117646","1":"post","2":"type-post","3":"status-publish","4":"format-standard","5":"has-post-thumbnail","7":"category-viihde","8":"tag-entertainment","9":"tag-facebook","10":"tag-fi","11":"tag-finland","12":"tag-finnish","13":"tag-kangasala","14":"tag-kulttuuri-ja-viihde","15":"tag-musiikki","16":"tag-muusikko","17":"tag-suomi","18":"tag-taide","19":"tag-taiteellinen-ilmaisu-ja-mediat","20":"tag-tampereen-seutukunta","21":"tag-viihde"},"share_on_mastodon":{"url":"https:\/\/pubeurope.com\/@fi\/115727924396537696","error":""},"_links":{"self":[{"href":"https:\/\/www.europesays.com\/fi\/wp-json\/wp\/v2\/posts\/117646","targetHints":{"allow":["GET"]}}],"collection":[{"href":"https:\/\/www.europesays.com\/fi\/wp-json\/wp\/v2\/posts"}],"about":[{"href":"https:\/\/www.europesays.com\/fi\/wp-json\/wp\/v2\/types\/post"}],"author":[{"embeddable":true,"href":"https:\/\/www.europesays.com\/fi\/wp-json\/wp\/v2\/users\/2"}],"replies":[{"embeddable":true,"href":"https:\/\/www.europesays.com\/fi\/wp-json\/wp\/v2\/comments?post=117646"}],"version-history":[{"count":0,"href":"https:\/\/www.europesays.com\/fi\/wp-json\/wp\/v2\/posts\/117646\/revisions"}],"wp:featuredmedia":[{"embeddable":true,"href":"https:\/\/www.europesays.com\/fi\/wp-json\/wp\/v2\/media\/59373"}],"wp:attachment":[{"href":"https:\/\/www.europesays.com\/fi\/wp-json\/wp\/v2\/media?parent=117646"}],"wp:term":[{"taxonomy":"category","embeddable":true,"href":"https:\/\/www.europesays.com\/fi\/wp-json\/wp\/v2\/categories?post=117646"},{"taxonomy":"post_tag","embeddable":true,"href":"https:\/\/www.europesays.com\/fi\/wp-json\/wp\/v2\/tags?post=117646"}],"curies":[{"name":"wp","href":"https:\/\/api.w.org\/{rel}","templated":true}]}}