{"id":117665,"date":"2025-12-16T07:20:09","date_gmt":"2025-12-16T07:20:09","guid":{"rendered":"https:\/\/www.europesays.com\/fi\/117665\/"},"modified":"2025-12-16T07:20:09","modified_gmt":"2025-12-16T07:20:09","slug":"tallainen-on-tuore-porssitulokas-pikakatsaus-the-magnum-ice-cream-companyn-osakkeeseen","status":"publish","type":"post","link":"https:\/\/www.europesays.com\/fi\/117665\/","title":{"rendered":"T\u00e4llainen on tuore p\u00f6rssitulokas \u2013 pikakatsaus The Magnum Ice Cream Companyn osakkeeseen"},"content":{"rendered":"<p>Maanantaina 8.12.2025 p\u00f6rssimaailma sai uuden yhti\u00f6n, kun elintarvikej\u00e4tti Unileverist\u00e4 irtaantui uusi yhti\u00f6 nimelt\u00e4 The Magnum Ice Cream Company (MICC). Vaikka kyseess\u00e4 on uusi yhti\u00f6, sen nimi on kuluttajille varmasti ennalta tuttu, sill\u00e4 j\u00e4\u00e4tel\u00f6ihin profiloitunut yhti\u00f6 on nostanut nimen k\u00e4rjeksi Magnum-j\u00e4\u00e4tel\u00f6br\u00e4ndin.<\/p>\n<p>Magnum-nimest\u00e4 huolimatta yhti\u00f6ll\u00e4 on laaja ja monipuolinen portfolio erilaisia j\u00e4\u00e4tel\u00f6br\u00e4ndej\u00e4 ymp\u00e4ri maailman. Nimikkobr\u00e4ndin ohella portfolioon lukeutuvat mm. Ben &amp; Jerry\u2019s, Cornetto ja meille suomalaisille tuttu Ingman.<\/p>\n<p>Juuret Unilever-p\u00e4ivitt\u00e4istavarayhti\u00f6ss\u00e4<\/p>\n<p>The Magnum Ice Cream Companyn juuret ovat Unilever-elintarvikeyhti\u00f6ss\u00e4. Uusi yhti\u00f6 syntyi k\u00e4yt\u00e4nn\u00f6ss\u00e4 irtautumalla Unileverist\u00e4 ja jakamalla uuden yhti\u00f6n osakkeita Unileverin osakkeenomistajille.<\/p>\n<p>J\u00e4rjestelyss\u00e4 osakkeenomistajat saivat jokaista viitt\u00e4 Unileverin osaketta kohden The Magnum Ice Cream Companyn osakkeen. Vastaavasti irtautumisen my\u00f6t\u00e4 Unilever-omistuksesta katosi hieman osakkeita. Esimerksi 140 Unilever-osakkeella sai 28 The Magnum Ice Cream Company -osaketta, mutta samalla Unilever-potti kutistui 124 osakkeeseen.<\/p>\n<p>Vaikka kaupank\u00e4ynti uudella osakkeella starttasi maanantaina 8.12.2025, irtautumisen aikataulu on ollut pitk\u00e4hk\u00f6. Unilever kertoi jo maaliskuussa 2024 suunnitelmistaan eriytt\u00e4\u00e4 j\u00e4\u00e4tel\u00f6yksikk\u00f6ns\u00e4 vuoden 2025 loppuun menness\u00e4. Alun perin kaupank\u00e4ynnin oli tarkoitus alkaa jo 10.11.2025, mutta USA:n hallinnon sulkeutuminen viiv\u00e4stytti projektia nelj\u00e4ll\u00e4 viikolla. Virallisesti yhti\u00f6 perustettiin 1.7.2025.<\/p>\n<p>Unilever on tunnettu maailmanlaajuinen p\u00e4ivitt\u00e4istavarayhti\u00f6. Yhti\u00f6n divisiooniin lukeutuvat mm. kauneus ja hyvinvointi (br\u00e4ndein\u00e4 mm. Sunsilk ja Vaseline) , henki\u00f6kohtainen hygienia (Axe ja Pepsodent), ruoka (Knorr ja Turun Sinappi), ruoka (Daim ja O\u2019Hoj) sek\u00e4 kodinhoito (Cif ja Omo). Kaikkiaan Unileverill\u00e4 oli ennen irtautumistaan hallussa noin 400 tuotebr\u00e4ndi\u00e4.<\/p>\n<p>Erilaisia br\u00e4ndej\u00e4 omistaville yhti\u00f6ille on melko tavallista, ett\u00e4 br\u00e4ndej\u00e4 tulee ja menee \u2013 niill\u00e4 k\u00e4yd\u00e4\u00e4n siis s\u00e4\u00e4nn\u00f6llisesti kauppaa tai br\u00e4ndej\u00e4 saatetaan j\u00e4rjestell\u00e4 muuten vain uudelleen. T\u00e4ss\u00e4kin mieless\u00e4 j\u00e4\u00e4tel\u00f6br\u00e4ndeist\u00e4 luopuminen ei ole Unileverilt\u00e4 mitenk\u00e4\u00e4n tavaton p\u00e4\u00e4t\u00f6s.<\/p>\n<p>J\u00e4\u00e4tel\u00f6t oli Unileverin divisioonista pienin<\/p>\n<p>Vuonna 2025 Unileverin liikevaihto oli 60,8 miljardia euroa. Liikevaihdoltaan suurin divisioona oli henkil\u00f6kohtainen hygienia 13,6 miljardilla eurolla. L\u00e4helle p\u00e4\u00e4siv\u00e4t my\u00f6s ruoka (13,4 miljardia) sek\u00e4 kauneus ja hyvinvointi (13,2 miljardia). Kodinhoito toi liikevaihtoa 12,3 miljardia ja nyttemmin irtautunut j\u00e4\u00e4tel\u00f6liiketoimi 8,3 miljardia euroa.<\/p>\n<p>J\u00e4\u00e4tel\u00f6t olivat aiemmin osa Unileverin ruokiin keskittynytt\u00e4 divisioonaa, mutta sittemmin ne erotettiin omaksi, sill\u00e4 j\u00e4\u00e4tel\u00f6liiketoimi eroaa jonkin verran kaikesta muusta ruokaliiketoimesta. N\u00e4m\u00e4 eroavaisuudet olivatkin avainasemassa siin\u00e4 p\u00e4\u00e4t\u00f6ksess\u00e4, ett\u00e4 Unilever p\u00e4\u00e4tti irrottaa j\u00e4\u00e4tel\u00f6t kokonaan omaksi yhti\u00f6kseen.<\/p>\n<p>Unileverin mukaan j\u00e4\u00e4tel\u00f6iden eriytt\u00e4minen yhti\u00f6st\u00e4 oli v\u00e4ltt\u00e4m\u00e4t\u00f6n p\u00e4\u00e4t\u00f6s, sill\u00e4 j\u00e4\u00e4tel\u00f6t ovat muita ruokia vaikeammassa asemassa. Vaikeuksia muodostavat mm. pakastettujen tuotteiden toimitusketju ja pakastimia tarvitsevat myyntipisteet. Lis\u00e4ksi Unileverin mukaan j\u00e4\u00e4tel\u00f6t ovat muita tuotteita kausiluonteisempia ja ne ovat p\u00e4\u00e4omavaltaisempaa liiketoimea.<\/p>\n<p>Irtautumisella uusi yhti\u00f6 pystyy Unileverin mukaan maksimoimaan omistaja-arvon, kehitt\u00e4m\u00e4\u00e4n paremmin j\u00e4\u00e4tel\u00f6liiketoimintaa ja parantamaan yleist\u00e4 suoritusvarmuutta. My\u00f6s Unileverista tulee j\u00e4\u00e4tel\u00f6liiketoiminnan eriytt\u00e4misen my\u00f6t\u00e4 yksinkertaisempi ja fokusoidumpi yhti\u00f6.<\/p>\n<p>Unileverin j\u00e4\u00e4tel\u00f6liiketoiminnan eriytt\u00e4misen taustalla on my\u00f6s se seikka, ett\u00e4 yhti\u00f6ss\u00e4 on meneill\u00e4\u00e4n suuret s\u00e4\u00e4st\u00f6ohjelmat. Hein\u00e4kuussa 2023 Unileverin toimitusjohtajaksi noussut <strong>Hein Schumacher<\/strong> halusi yksinkertaista yhti\u00f6n liiketoimintaa. Unilever aikoo karsia kuluja noin 800 miljoonalla eurolla seuraavan kolmen vuoden aikana ja irtisanoa 7\u00a0500 ty\u00f6ntekij\u00e4\u00e4.<\/p>\n<p>Schumacherin aika Unileverin toimitusjohtajana j\u00e4i tosin lyhyeksi, sill\u00e4 h\u00e4net korvattiin maaliskuussa 2025 <strong>Fernando Fernandezilla<\/strong>, joka toimi aiemmin Unileverin talousjohtajana. \u00a0<\/p>\n<p>Lukuisat br\u00e4ndit ja pitk\u00e4 historia<\/p>\n<p>Vaikka j\u00e4\u00e4tel\u00f6t olivat entisen omistajansa divisioonista selv\u00e4sti pienin, oli Unilever siltikin maailman suurin j\u00e4\u00e4tel\u00f6tuottaja. T\u00e4m\u00e4 valtikka siirtyy nyt luonnollisesti uudelle yhti\u00f6lle ja The Magnum Ice Cream Companyn arvellaan tuottavan jatkossa noin 21 prosenttia maailmanlaajuisesta j\u00e4\u00e4tel\u00f6myynnist\u00e4.<\/p>\n<p>The Magnum Ice Cream Companyn br\u00e4ndiportfolio on laaja. J\u00e4\u00e4tel\u00f6br\u00e4ndej\u00e4 l\u00f6ytyy kymmeni\u00e4 ja osa niist\u00e4 keskittyy vain tiettyihin markkina-alueisiin. \u00a0Yhti\u00f6n portfoliosta l\u00f6ytyy mm. br\u00e4ndej\u00e4 kuten Solero, Twister, Viennetta. My\u00f6s tuoteportfolio on laaja, sis\u00e4lt\u00e4en mm. perinteisi\u00e4 j\u00e4\u00e4tel\u00f6it\u00e4, mehuj\u00e4it\u00e4, gelatoa, j\u00e4\u00e4tel\u00f6kakkuja ja j\u00e4\u00e4dytetty\u00e4 kreikkalaista jugurttia.<\/p>\n<p>Yhti\u00f6n mukaan sen omistuksessa on nelj\u00e4 maailman viidest\u00e4 suurimmasta j\u00e4\u00e4tel\u00f6br\u00e4ndist\u00e4. The Magnum Ice Cream Company korostaakin, ett\u00e4 sen portfolio on hyv\u00e4ss\u00e4 kasvuasemassa vahvojen br\u00e4ndien ja johtavien innovaatioiden vuoksi.<\/p>\n<p>Vahvan br\u00e4ndiportfolion lis\u00e4ksi yhti\u00f6 nostaa omiksi vahvuuksikseen suuret, kasvavat ja joustavat j\u00e4\u00e4tel\u00f6markkinat, selke\u00e4n strategian kasvun ja tuottavuuden nostamiseksi, uudistetun organisaation ja yhti\u00f6n 160 vuoden perinteet j\u00e4\u00e4tel\u00f6bisneksess\u00e4.<\/p>\n<p>Uudistetusta organisaatiosta noston ansaitsee hollantilainen toimitusjohtaja <strong>Peter ter Kulve<\/strong>, joka aloitti uransa Unileverill\u00e4 vuonna 1988 j\u00e4\u00e4tel\u00f6iden markkinoinnissa. Vuonna 1999 h\u00e4nest\u00e4 tuli Wall\u2019s Kiinan toimitusjohtaja ja vuosina 2004\u20132009 globaalin j\u00e4\u00e4tel\u00f6kategorian varatoimitusjohtaja. Linkedinin mukaan Peter ter Kulven saavutuksiin kuuluu Magnum-br\u00e4ndin kansainv\u00e4list\u00e4minen ja Ben &amp; Jerry\u2019sin tuominen Euroopan markkinoille.<\/p>\n<p>Ensimm\u00e4iset osingot vasta vuoden 2027 puolella<\/p>\n<p>The Magnum Ice Cream Companyn osakkeilla on k\u00e4yty nyt kauppaa reilun viikon ajan. Unileverin tavoin j\u00e4\u00e4tel\u00f6yhti\u00f6 on listattuna kaupank\u00e4yntiin sek\u00e4 Amsterdamin, Lontoon ett\u00e4 New Yorkin p\u00f6rsseiss\u00e4.<\/p>\n<p>Yhti\u00f6n markkina-arvo oli kaupank\u00e4ynnin alkaessa joulukuun 8. p\u00e4iv\u00e4n\u00e4 9,1 miljardia dollaria. Kaupank\u00e4ynnin alkamisp\u00e4iv\u00e4n p\u00e4\u00e4tteeksi uuden j\u00e4\u00e4tel\u00f6yhti\u00f6n osakkeen hinnaksi j\u00e4i Amsterdamin p\u00f6rssiss\u00e4 12,97 euroa. T\u00e4m\u00e4n artikkelin kirjoitushetkell\u00e4 maanantain 15.12.2025 p\u00e4\u00e4tteeksi osake maksaa 14,24 euroa eli nousua on ehtinyt kerty\u00e4 9,81 prosenttia.<\/p>\n<p>Osingoista ja osinkopolitiikasta The Magnum Ice Cream Company on puhunut v\u00e4h\u00e4n. Sen yhti\u00f6 on kuitenkin vahvistanut, ett\u00e4 se tulee maksamaan vuosittaista osinkoa. Edelt\u00e4j\u00e4 Unilever maksoi osinkoa nelj\u00e4 kertaa vuodessa.<\/p>\n<p>Alkuvuoden 2025 osalta ennen hein\u00e4kuista yhti\u00f6n perustamista j\u00e4\u00e4tel\u00f6liiketoiminnan osingot maksetaan viel\u00e4 Unileverin kautta. Vuoden 2025 j\u00e4lkimm\u00e4isen puolikkaan osingot maksetaan vasta vuoden 2027 puolella, kun The Magnum Ice Cream Company maksaa ensimm\u00e4iset osinkonsa.<\/p>\n","protected":false},"excerpt":{"rendered":"Maanantaina 8.12.2025 p\u00f6rssimaailma sai uuden yhti\u00f6n, kun elintarvikej\u00e4tti Unileverist\u00e4 irtaantui uusi yhti\u00f6 nimelt\u00e4 The Magnum Ice Cream Company&hellip;\n","protected":false},"author":2,"featured_media":117666,"comment_status":"","ping_status":"","sticky":false,"template":"","format":"standard","meta":{"footnotes":""},"categories":[76],"tags":[79,77,33,31,30,32,78,21392,21393],"class_list":{"0":"post-117665","1":"post","2":"type-post","3":"status-publish","4":"format-standard","5":"has-post-thumbnail","7":"category-talous","8":"tag-business","9":"tag-economy","10":"tag-fi","11":"tag-finland","12":"tag-finnish","13":"tag-suomi","14":"tag-talous","15":"tag-the-magnum-ice-cream-company","16":"tag-unilever"},"share_on_mastodon":{"url":"https:\/\/pubeurope.com\/@fi\/115728038239423178","error":""},"_links":{"self":[{"href":"https:\/\/www.europesays.com\/fi\/wp-json\/wp\/v2\/posts\/117665","targetHints":{"allow":["GET"]}}],"collection":[{"href":"https:\/\/www.europesays.com\/fi\/wp-json\/wp\/v2\/posts"}],"about":[{"href":"https:\/\/www.europesays.com\/fi\/wp-json\/wp\/v2\/types\/post"}],"author":[{"embeddable":true,"href":"https:\/\/www.europesays.com\/fi\/wp-json\/wp\/v2\/users\/2"}],"replies":[{"embeddable":true,"href":"https:\/\/www.europesays.com\/fi\/wp-json\/wp\/v2\/comments?post=117665"}],"version-history":[{"count":0,"href":"https:\/\/www.europesays.com\/fi\/wp-json\/wp\/v2\/posts\/117665\/revisions"}],"wp:featuredmedia":[{"embeddable":true,"href":"https:\/\/www.europesays.com\/fi\/wp-json\/wp\/v2\/media\/117666"}],"wp:attachment":[{"href":"https:\/\/www.europesays.com\/fi\/wp-json\/wp\/v2\/media?parent=117665"}],"wp:term":[{"taxonomy":"category","embeddable":true,"href":"https:\/\/www.europesays.com\/fi\/wp-json\/wp\/v2\/categories?post=117665"},{"taxonomy":"post_tag","embeddable":true,"href":"https:\/\/www.europesays.com\/fi\/wp-json\/wp\/v2\/tags?post=117665"}],"curies":[{"name":"wp","href":"https:\/\/api.w.org\/{rel}","templated":true}]}}