{"id":117687,"date":"2025-12-16T07:44:08","date_gmt":"2025-12-16T07:44:08","guid":{"rendered":"https:\/\/www.europesays.com\/fi\/117687\/"},"modified":"2025-12-16T07:44:08","modified_gmt":"2025-12-16T07:44:08","slug":"tiesitko-iltapaivat-alkavat-pidentya-etela-suomessa-jo-ennen-talvipaivanseisausta-uutisia-lyhyesti","status":"publish","type":"post","link":"https:\/\/www.europesays.com\/fi\/117687\/","title":{"rendered":"Tiesitk\u00f6: iltap\u00e4iv\u00e4t alkavat pidenty\u00e4 Etel\u00e4-Suomessa jo ennen talvip\u00e4iv\u00e4nseisausta | Uutisia lyhyesti"},"content":{"rendered":"<p class=\"aw-1gybjub aw-5vja16 kEtdKx kmuxyA yle__article__paragraph\">Ilmi\u00f6 heikkenee, mit\u00e4 pohjoisemmas menn\u00e4\u00e4n.<\/p>\n<p><img decoding=\"async\" alt=\"Mies seisoo hupparissa Kaivopuistossa merta katsellen.\" src=\"https:\/\/www.europesays.com\/fi\/wp-content\/uploads\/2025\/12\/39-1570219694012230e92f.jpeg\" class=\"aw-1l9m598 hKVVvP\"\/><\/p>\n<p>Avaa kuvien katselu<\/p>\n<p>Aurinko paistaa Helsingin Kaivopuistossa. Kuva: Markku Ulander \/ Lehtikuva<\/p>\n<ul class=\"aw-1jjocuh iJTSwP yle__article__list yle__article__list--ul\">\n<li class=\"aw-1j7gwms gNYKfi\">Etel\u00e4-Suomessa illat alkavat pidenty\u00e4 jo ennen talvip\u00e4iv\u00e4nseisausta 21. joulukuuta.<\/li>\n<li class=\"aw-1j7gwms gNYKfi\">Samaan aikaan aamut jatkavat pimenemist\u00e4\u00e4n aina joulunpyhien yli uuteenvuoteen saakka.<\/li>\n<li class=\"aw-1j7gwms gNYKfi\">Pohjois-Suomessa aamujen ja iltojen piteneminen seuraa tarkemmin talvip\u00e4iv\u00e4nseisausta.<\/li>\n<\/ul>\n<p class=\"aw-1gybjub aw-1p7kakr kEtdKx cEmitX yle__article__paragraph\">On yleisesti tiedossa, ett\u00e4 pohjoisella pallonpuoliskolla aurinko on horisontin yl\u00e4puolella lyhimm\u00e4n aikaa talvip\u00e4iv\u00e4nseisauksessa, eli 21. joulukuuta.<\/p>\n<p class=\"aw-1gybjub aw-1p7kakr kEtdKx cEmitX yle__article__paragraph\">P\u00e4iv\u00e4 on silloin lyhimmill\u00e4\u00e4n; aurinko nousee my\u00f6h\u00e4\u00e4n ja laskee aikaisin.<\/p>\n<p class=\"aw-1gybjub aw-1p7kakr kEtdKx cEmitX yle__article__paragraph\">Aamujen ja iltojen pidentyminen ei kuitenkaan k\u00e4ynnisty yht\u00e4 aikaa koko Suomessa.<\/p>\n<p class=\"aw-1gybjub aw-1p7kakr kEtdKx cEmitX yle__article__paragraph\">Etel\u00e4-Suomessa, kuten Helsingiss\u00e4 ja Turussa iltap\u00e4iv\u00e4t ovat juuri nyt pimeimmill\u00e4\u00e4n. Helsingiss\u00e4 aurinko laskee kello 15.11 ja Turussa 15.19.<\/p>\n<p class=\"aw-1gybjub aw-1p7kakr kEtdKx cEmitX yle__article__paragraph\">Iltap\u00e4ivien vaalentuminen alkaakin Etel\u00e4-Suomessa jo talvip\u00e4iv\u00e4nseisausta aikaisemmin.<\/p>\n<p class=\"aw-1gybjub aw-1p7kakr kEtdKx cEmitX yle__article__paragraph\"><a class=\"aw-iao6s4 iHOxEa yle__article__link\" href=\"https:\/\/www.paivyri.fi\/index.php?dt=1765576800&amp;ref=6\" role=\"link\" rel=\"nofollow noopener\" target=\"_blank\">P\u00e4ivyri.fi-sivuston<\/a> mukaan iltap\u00e4ivien pidentyminen alkaa Helsingiss\u00e4 torstaina 18.12 ja Turussa perjantaina 19.12. Tuolloin n\u00e4iss\u00e4 kaupungeissa aurinko pysyttelee horisontin yl\u00e4puolella vuoden pimeimp\u00e4\u00e4n aikaan verrattuna minuutin pitemp\u00e4\u00e4n.<\/p>\n<p><img decoding=\"async\" alt=\"Aurigon laskuajat Helsingiss\u00e4.\" src=\"https:\/\/www.europesays.com\/fi\/wp-content\/uploads\/2025\/12\/39-157018269400bc5b852a.jpeg\" loading=\"lazy\" class=\"aw-1l9m598 hKVVvP\"\/><\/p>\n<p>Avaa kuvien katselu<\/p>\n<p>Auringon laskuaikoja Helsingiss\u00e4. Kuva: Maiju Hakalahti \/ Yle<\/p>\n<p class=\"aw-1gybjub aw-1p7kakr kEtdKx cEmitX yle__article__paragraph\">Etel\u00e4-Suomessa talvip\u00e4iv\u00e4nseisaukseen menness\u00e4 iltap\u00e4iv\u00e4t ovat ehtineet pidenty\u00e4 jo kaksi minuuttia.<\/p>\n<p class=\"aw-1gybjub aw-1p7kakr kEtdKx cEmitX yle__article__paragraph\">Aamup\u00e4ivien osalta ei ole yht\u00e4 valoisaa kerrottavaa. Auringonnousu lykk\u00e4\u00e4ntyy p\u00e4iv\u00e4 p\u00e4iv\u00e4lt\u00e4 yh\u00e4 enemm\u00e4n aina joulupyhien yli. Vasta ennen uuttavuotta auringonnousu alkaa aikaistua.<\/p>\n<p class=\"aw-1gybjub aw-1p7kakr kEtdKx cEmitX yle__article__paragraph\">Iltap\u00e4ivien vaaleneminen ja aamujen pimeneminen ovat Etel\u00e4-Suomen ilmi\u00f6it\u00e4. Mit\u00e4 pohjoisemmas Suomessa menn\u00e4\u00e4n, sit\u00e4 paremmin talvip\u00e4iv\u00e4nseisaus pit\u00e4\u00e4 kutinsa niin aamujen kuin iltojenkin osalta. Ja Lapissahan vallitsee viel\u00e4 kaamos.<\/p>\n","protected":false},"excerpt":{"rendered":"Ilmi\u00f6 heikkenee, mit\u00e4 pohjoisemmas menn\u00e4\u00e4n. Avaa kuvien katselu Aurinko paistaa Helsingin Kaivopuistossa. Kuva: Markku Ulander \/ Lehtikuva Etel\u00e4-Suomessa&hellip;\n","protected":false},"author":2,"featured_media":117688,"comment_status":"","ping_status":"","sticky":false,"template":"","format":"standard","meta":{"footnotes":""},"categories":[112],"tags":[1069,1825,453,21395,33,31,30,71,21396,118,32,21394,119],"class_list":{"0":"post-117687","1":"post","2":"type-post","3":"status-publish","4":"format-standard","5":"has-post-thumbnail","7":"category-tiede","8":"tag-astronomia","9":"tag-aurinko","10":"tag-avaruus","11":"tag-etela-suomi","12":"tag-fi","13":"tag-finland","14":"tag-finnish","15":"tag-kotimaa","16":"tag-paivanseisaukset-ja-tasaukset","17":"tag-science","18":"tag-suomi","19":"tag-talvipaivanseisaus","20":"tag-tiede"},"share_on_mastodon":{"url":"https:\/\/pubeurope.com\/@fi\/115728132816181096","error":""},"_links":{"self":[{"href":"https:\/\/www.europesays.com\/fi\/wp-json\/wp\/v2\/posts\/117687","targetHints":{"allow":["GET"]}}],"collection":[{"href":"https:\/\/www.europesays.com\/fi\/wp-json\/wp\/v2\/posts"}],"about":[{"href":"https:\/\/www.europesays.com\/fi\/wp-json\/wp\/v2\/types\/post"}],"author":[{"embeddable":true,"href":"https:\/\/www.europesays.com\/fi\/wp-json\/wp\/v2\/users\/2"}],"replies":[{"embeddable":true,"href":"https:\/\/www.europesays.com\/fi\/wp-json\/wp\/v2\/comments?post=117687"}],"version-history":[{"count":0,"href":"https:\/\/www.europesays.com\/fi\/wp-json\/wp\/v2\/posts\/117687\/revisions"}],"wp:featuredmedia":[{"embeddable":true,"href":"https:\/\/www.europesays.com\/fi\/wp-json\/wp\/v2\/media\/117688"}],"wp:attachment":[{"href":"https:\/\/www.europesays.com\/fi\/wp-json\/wp\/v2\/media?parent=117687"}],"wp:term":[{"taxonomy":"category","embeddable":true,"href":"https:\/\/www.europesays.com\/fi\/wp-json\/wp\/v2\/categories?post=117687"},{"taxonomy":"post_tag","embeddable":true,"href":"https:\/\/www.europesays.com\/fi\/wp-json\/wp\/v2\/tags?post=117687"}],"curies":[{"name":"wp","href":"https:\/\/api.w.org\/{rel}","templated":true}]}}