{"id":117691,"date":"2025-12-16T07:47:09","date_gmt":"2025-12-16T07:47:09","guid":{"rendered":"https:\/\/www.europesays.com\/fi\/117691\/"},"modified":"2025-12-16T07:47:09","modified_gmt":"2025-12-16T07:47:09","slug":"tanska-ja-sveitsi-sanoivat-ei-amerikkalaiselle","status":"publish","type":"post","link":"https:\/\/www.europesays.com\/fi\/117691\/","title":{"rendered":"Tanska ja Sveitsi sanoivat &#8221;ei&#8221; amerikkalaiselle"},"content":{"rendered":"<p class=\"ai-optimize-6 ai-optimize-introduction\">Tanskan <a href=\"https:\/\/www.defensemagazine.com\/article\/denmark-says-no-to-patriot-eur78-billion-for-a-fully-european-air-defense-system\" target=\"_blank\" rel=\"noopener nofollow\">puolustusministeri\u00f6<\/a> p\u00e4\u00e4tti historiansa suurimmasta asehankinnasta marraskuun lopussa, kun se julkisti 58 miljardin kruunun arvoisen, kahdeksan ilmatorjuntapatteria sis\u00e4lt\u00e4v\u00e4n hankinnan. Hankinnan ytimess\u00e4 on ranskalaisitalialaisen Eurosam-konsortion SAMP\/T-j\u00e4rjestelm\u00e4, joka voitti ensi kertaa amerikkalaisen Patriot PAC-3 MSE:n, vaikka se oli Tanskan sotilasjohdon suosima vaihtoehto.<\/p>\n<p class=\"ai-optimize-7\">Patriotin hylk\u00e4\u00e4miseen on esitetty operatiivisia, rahoituksellisia ja geopoliittisia syit\u00e4.<\/p>\n<p class=\"ai-optimize-8\">\u2013 Eurooppalaiset j\u00e4rjestelm\u00e4t tarjoavat paljon lyhyempi\u00e4 toimitusaikoja ja matalampia kokonaiskustannuksia kuin Patriot ja samalla vastaavaa tai jopa ylivertaista suorituskyky\u00e4 joissakin skenaarioissa, selitti tanskalainen puolustusalan asiantuntija <strong>Per Pugholm Olsen<\/strong>.<\/p>\n<p class=\"ai-optimize-9\">Puhtaasti sotilaallisen ulottuvuuden lis\u00e4ksi p\u00e4\u00e4t\u00f6ksess\u00e4 on vahva poliittinen lataus. Hylk\u00e4\u00e4m\u00e4ll\u00e4 yhdysvaltalaisen vaihtoehdon K\u00f6\u00f6penhamina haluaa viesti\u00e4: Euroopan t\u00e4ytyy oppia puolustamaan itse\u00e4\u00e4n.<\/p>\n<p class=\"ai-optimize-10\">SAMP\/T:n lis\u00e4ksi Tanska hankkii saksalaisen Diehl Defensen IRIS-T SLM- ja brittil\u00e4isitalialaisen MBDA:n CAMM-ER-j\u00e4rjestelm\u00e4n. Mahdollisesti n\u00e4iden lis\u00e4ksi tilataan viel\u00e4 norjalaisen Kongsbergin NASAMS-j\u00e4rjestelm\u00e4.<\/p>\n<p class=\"ai-optimize-11\">Pian Tanskan p\u00e4\u00e4t\u00f6ksen j\u00e4lkeen Sveitsin puolustusministeri\u00f6 p\u00e4\u00e4tti hyl\u00e4t\u00e4 amerikkalaisen Palantir Technologiesin tarjouksen tiedustelutiedon ker\u00e4\u00e4mis- ja prosessointij\u00e4rjestelm\u00e4st\u00e4. P\u00e4\u00e4t\u00f6st\u00e4 perustellaan yleisell\u00e4 ep\u00e4luottamuksella, datan hallinnan menett\u00e4misen riskill\u00e4 sek\u00e4 uhalla, ett\u00e4 tietoja p\u00e4\u00e4tyy Yhdysvaltain tiedusteluvirastojen k\u00e4siin.<\/p>\n<p class=\"ai-optimize-12\">Palantirilla on <a href=\"https:\/\/www.republik.ch\/2025\/12\/08\/wie-hartnaeckig-palantir-die-schweiz-umwarb\" target=\"_blank\" rel=\"noopener nofollow\">Republik<\/a>\u2013lehden mukaan ollut varsin mittava yritys myyd\u00e4 ratkaisujaan Sveitsille. Viimeisen seitsem\u00e4n vuoden aikana se on ehdottanut Sveitsin hallitukselle projektejaan jo yhdeks\u00e4n kertaa. Sveitsin viranomaiset eiv\u00e4t kuitenkaan ole luottaneet yhdysvaltalaisyritykseen, \u201dkoska se on luotu CIA:n rahoilla\u201d. Yrityksess\u00e4 n\u00e4hd\u00e4\u00e4n riski my\u00f6s sen vuoksi, ett\u00e4 sen omistaja, miljard\u00f6\u00f6ri <strong>Peter Thiel<\/strong>, oli <strong>Donald Trumpin<\/strong> vaalikampanjan virallinen tukija.<\/p>\n<p class=\"ai-optimize-13\">Tiedusteluj\u00e4rjestelm\u00e4n osalta Sveitsin puolustusministeri\u00f6 teetti tarjouksesta yksityiskohtaisen auditoinnin. Republikin k\u00e4siins\u00e4 saamassa 20-sivuisessa raportissa ylistet\u00e4\u00e4n j\u00e4rjestelm\u00e4\u00e4 ja sen kykyj\u00e4 itsess\u00e4\u00e4n teknisest\u00e4 n\u00e4k\u00f6kulmasta, mutta kritisoidaan turvallisuuden ja k\u00e4yt\u00f6n suvereenisuuden osalta.<\/p>\n<p class=\"ai-optimize-14\">\u2013 Palantirin kotipaikka on Yhdysvalloissa, jossa on mahdollisuus, ett\u00e4 luottamuksellista dataa saattaa p\u00e4\u00e4ty\u00e4 Yhdysvaltain hallituksen ja tiedustelupalvelujen k\u00e4siin, toteaa Sveitsin yleisesikunnan raportti.<\/p>\n<p class=\"ai-optimize-15\">Raportin johtop\u00e4\u00e4t\u00f6s on yksiselitteinen: on v\u00e4ltt\u00e4m\u00e4t\u00f6nt\u00e4 l\u00f6yt\u00e4\u00e4 vaihtoehto ja kielt\u00e4yty\u00e4 Palantirin tarjouksesta.<\/p>\n","protected":false},"excerpt":{"rendered":"Tanskan puolustusministeri\u00f6 p\u00e4\u00e4tti historiansa suurimmasta asehankinnasta marraskuun lopussa, kun se julkisti 58 miljardin kruunun arvoisen, kahdeksan ilmatorjuntapatteria sis\u00e4lt\u00e4v\u00e4n&hellip;\n","protected":false},"author":2,"featured_media":117692,"comment_status":"","ping_status":"","sticky":false,"template":"","format":"standard","meta":{"footnotes":""},"categories":[14],"tags":[22,23,26,27,33,31,30,17,24,25,28,29,15,18,21,32,7906,1014,19,20,56,4125,16,59,60,61],"class_list":{"0":"post-117691","1":"post","2":"type-post","3":"status-publish","4":"format-standard","5":"has-post-thumbnail","7":"category-ulkomaat","8":"tag-breaking-news","9":"tag-breakingnews","10":"tag-featured-news","11":"tag-featurednews","12":"tag-fi","13":"tag-finland","14":"tag-finnish","15":"tag-headlines","16":"tag-latest-news","17":"tag-latestnews","18":"tag-main-news","19":"tag-mainnews","20":"tag-news","21":"tag-otsikot","22":"tag-paauutiset","23":"tag-suomi","24":"tag-sveitsi","25":"tag-tanska","26":"tag-top-stories","27":"tag-topstories","28":"tag-ulkomaat","29":"tag-usa","30":"tag-uutiset","31":"tag-world","32":"tag-world-news","33":"tag-worldnews"},"share_on_mastodon":{"url":"https:\/\/pubeurope.com\/@fi\/115728144451486733","error":""},"_links":{"self":[{"href":"https:\/\/www.europesays.com\/fi\/wp-json\/wp\/v2\/posts\/117691","targetHints":{"allow":["GET"]}}],"collection":[{"href":"https:\/\/www.europesays.com\/fi\/wp-json\/wp\/v2\/posts"}],"about":[{"href":"https:\/\/www.europesays.com\/fi\/wp-json\/wp\/v2\/types\/post"}],"author":[{"embeddable":true,"href":"https:\/\/www.europesays.com\/fi\/wp-json\/wp\/v2\/users\/2"}],"replies":[{"embeddable":true,"href":"https:\/\/www.europesays.com\/fi\/wp-json\/wp\/v2\/comments?post=117691"}],"version-history":[{"count":0,"href":"https:\/\/www.europesays.com\/fi\/wp-json\/wp\/v2\/posts\/117691\/revisions"}],"wp:featuredmedia":[{"embeddable":true,"href":"https:\/\/www.europesays.com\/fi\/wp-json\/wp\/v2\/media\/117692"}],"wp:attachment":[{"href":"https:\/\/www.europesays.com\/fi\/wp-json\/wp\/v2\/media?parent=117691"}],"wp:term":[{"taxonomy":"category","embeddable":true,"href":"https:\/\/www.europesays.com\/fi\/wp-json\/wp\/v2\/categories?post=117691"},{"taxonomy":"post_tag","embeddable":true,"href":"https:\/\/www.europesays.com\/fi\/wp-json\/wp\/v2\/tags?post=117691"}],"curies":[{"name":"wp","href":"https:\/\/api.w.org\/{rel}","templated":true}]}}