{"id":117717,"date":"2025-12-16T08:16:10","date_gmt":"2025-12-16T08:16:10","guid":{"rendered":"https:\/\/www.europesays.com\/fi\/117717\/"},"modified":"2025-12-16T08:16:10","modified_gmt":"2025-12-16T08:16:10","slug":"oikeus-kumosi-suden-tappoluvat-olvassuolla-lupa-rikkoi-luonnonpuiston-koskemattomuutta","status":"publish","type":"post","link":"https:\/\/www.europesays.com\/fi\/117717\/","title":{"rendered":"Oikeus kumosi suden tappoluvat Olvassuolla \u2013 lupa rikkoi luonnonpuiston koskemattomuutta"},"content":{"rendered":"<p>\n      Mets\u00e4hallitus my\u00f6nsi tammikuussa 2025 kolme lupaa, jotka oikeuttivat kolmen suden kaatamisen Pudasj\u00e4rven Olvassuolla ja kahden ilveksen tappamiseen V\u00e4rri\u00f6n ja Pisavaaran luonnonpuistojen alueella.\n    <\/p>\n<p>\n      Pohjois-Suomen hallinto-oikeus totesi p\u00e4\u00e4t\u00f6ksess\u00e4\u00e4n, ett\u00e4 p\u00e4\u00e4t\u00f6ksen vaikutuksia luonnonpuistojen perustamistarkoitukseen ei ollut arvioitu lainkaan. N\u00e4ill\u00e4 perusteilla hallinto-oikeus kumosi Mets\u00e4hallituksen p\u00e4\u00e4t\u00f6kset luonnonsuojelulain vastaisina.\n    <\/p>\n<p class=\"article__paragraph\">\n      Suomen luonnonsuojeluliiton piirit ja yhdistykset valittivat p\u00e4\u00e4t\u00f6ksist\u00e4 hallinto-oikeuteen. 11. joulukuuta antamissaan ratkaisuissa hallinto-oikeus katsoi Mets\u00e4hallituksen p\u00e4\u00e4t\u00f6kset lainvastaisiksi.\n    <\/p>\n<p class=\"article__paragraph\">\n      \u2013\u202f Mets\u00e4hallitus ei ollut p\u00e4\u00e4t\u00f6ksiss\u00e4\u00e4n lainkaan perustellut sit\u00e4, miksi p\u00e4\u00e4t\u00f6kset eiv\u00e4t vaarantaisi luonnonpuistojen perustamistarkoitusta. Hallinto-oikeus oli kanssamme samaa mielt\u00e4, sanoo tiedotteessa puheenjohtaja Saara Laivamaa Suomen luonnonsuojeluliiton Lapin piirist\u00e4.\n    <\/p>\n<p>    <img decoding=\"async\" class=\"responsive-image article__image-image lozad\"   src=\"https:\/\/www.europesays.com\/fi\/wp-content\/uploads\/2025\/12\/GagI3Dx_29Vo6oecURFiU73MAYgcMBHDmhjLD7Fk8CIUg9POF5CD7ivV_fd3xmSHSKeF1_SysXJ5Z3nmXYzkxl6WhI-rTZKfSCdo.jpeg\" alt=\"Hallinto-oikeus on kumonnut Olvassuolle my\u00f6nnetyn luvan susien tappamiseen.\"\/><\/p>\n<p>\n                Hallinto-oikeus on kumonnut Olvassuolle my\u00f6nnetyn luvan susien tappamiseen.\n              <\/p>\n<p>\n                Kuva: Juho Maijala\n              <\/p>\n<p class=\"article__paragraph\">\n      Luonnonpuistot ovat tiukimmin suojeltuja luontoalueita, joihin ei l\u00e4ht\u00f6kohtaisesti saa edes menn\u00e4 ilman lupaa. Luonnonpuistojen tarkoituksena on s\u00e4ilytt\u00e4\u00e4 luontoa koskemattomana, alkuper\u00e4ist\u00e4 luontoa edustavana alueena, jossa ihmisen vaikutus ei n\u00e4y.\n    <\/p>\n<p class=\"article__paragraph\">\n      Luonnonpuistojen perustamisen yhteydess\u00e4 on todettu, ett\u00e4 niiden teht\u00e4v\u00e4n\u00e4 on osoittaa tuleville sukupolville, millaista luonto on ollut ennen kuin ihminen on sit\u00e4 muuttanut. T\u00e4m\u00e4 on t\u00e4rke\u00e4\u00e4 esimerkiksi tieteellist\u00e4 tutkimusta varten.\n    <\/p>\n<p class=\"article__paragraph\">\n      \u2013\u202fSuurpedot, kuten susi ja ilves, kuuluvat Suomen luontoon. On t\u00e4rke\u00e4\u00e4, ett\u00e4 luonnonpuistot edustavat suomalaista koskematonta luontoa my\u00f6s poronhoitoalueella, jossa suurpetoja on eritt\u00e4in v\u00e4h\u00e4n, Laivamaa toteaa.\n    <\/p>\n<p class=\"article__paragraph\">\n      Mets\u00e4hallitus voi my\u00f6nt\u00e4\u00e4 luvan riistael\u00e4imen tappamiselle luonnonpuistossa, jos se katsoo el\u00e4imen aiheuttava uhkaa ihmisen turvallisuudelle tai merkitt\u00e4v\u00e4\u00e4 taloudellista vahinkoa. Lupa ei saa kuitenkaan vaarantaa luonnonpuiston perustamistarkoitusta.\n    <\/p>\n<p class=\"article__paragraph\">\n      \u2013\u202fAsialla on valtakunnallista merkityst\u00e4, koska t\u00e4llaisia petojen tappolupia ei ole aikaisemmin my\u00f6nnetty \u00a0luonnonpuistoihin. Siksi oli t\u00e4rke\u00e4\u00e4 saada asiasta tuomioistuimen linjaus\u201d, sanoo Luonnonsuojeluliiton toiminnanjohtaja Tapani Veistola.\n    <\/p>\n<p class=\"article__paragraph\">\n      Valituksen laatijoina toimivat Suomen luonnonsuojeluliiton Lapin ja Pohjois-Pohjanmaan piirit sek\u00e4 Pudasj\u00e4rven luonnonsuojeluyhdistys Luonnonsuojeluliiton keskusj\u00e4rjest\u00f6n avustuksella.\n    <\/p>\n","protected":false},"excerpt":{"rendered":"Mets\u00e4hallitus my\u00f6nsi tammikuussa 2025 kolme lupaa, jotka oikeuttivat kolmen suden kaatamisen Pudasj\u00e4rven Olvassuolla ja kahden ilveksen tappamiseen V\u00e4rri\u00f6n&hellip;\n","protected":false},"author":2,"featured_media":117718,"comment_status":"","ping_status":"","sticky":false,"template":"","format":"standard","meta":{"footnotes":""},"categories":[117],"tags":[33,31,30,72,476,118,32,119,477],"class_list":{"0":"post-117717","1":"post","2":"type-post","3":"status-publish","4":"format-standard","5":"has-post-thumbnail","7":"category-luonto","8":"tag-fi","9":"tag-finland","10":"tag-finnish","11":"tag-luonto","12":"tag-nature","13":"tag-science","14":"tag-suomi","15":"tag-tiede","16":"tag-wildlife"},"share_on_mastodon":{"url":"https:\/\/pubeurope.com\/@fi\/115728258476307677","error":""},"_links":{"self":[{"href":"https:\/\/www.europesays.com\/fi\/wp-json\/wp\/v2\/posts\/117717","targetHints":{"allow":["GET"]}}],"collection":[{"href":"https:\/\/www.europesays.com\/fi\/wp-json\/wp\/v2\/posts"}],"about":[{"href":"https:\/\/www.europesays.com\/fi\/wp-json\/wp\/v2\/types\/post"}],"author":[{"embeddable":true,"href":"https:\/\/www.europesays.com\/fi\/wp-json\/wp\/v2\/users\/2"}],"replies":[{"embeddable":true,"href":"https:\/\/www.europesays.com\/fi\/wp-json\/wp\/v2\/comments?post=117717"}],"version-history":[{"count":0,"href":"https:\/\/www.europesays.com\/fi\/wp-json\/wp\/v2\/posts\/117717\/revisions"}],"wp:featuredmedia":[{"embeddable":true,"href":"https:\/\/www.europesays.com\/fi\/wp-json\/wp\/v2\/media\/117718"}],"wp:attachment":[{"href":"https:\/\/www.europesays.com\/fi\/wp-json\/wp\/v2\/media?parent=117717"}],"wp:term":[{"taxonomy":"category","embeddable":true,"href":"https:\/\/www.europesays.com\/fi\/wp-json\/wp\/v2\/categories?post=117717"},{"taxonomy":"post_tag","embeddable":true,"href":"https:\/\/www.europesays.com\/fi\/wp-json\/wp\/v2\/tags?post=117717"}],"curies":[{"name":"wp","href":"https:\/\/api.w.org\/{rel}","templated":true}]}}