{"id":117721,"date":"2025-12-16T08:32:07","date_gmt":"2025-12-16T08:32:07","guid":{"rendered":"https:\/\/www.europesays.com\/fi\/117721\/"},"modified":"2025-12-16T08:32:07","modified_gmt":"2025-12-16T08:32:07","slug":"onko-bob-odenkirk-tehnyt-liamneesonit-uuden-toimintaelokuvan-perusteella-silta-tuntuu","status":"publish","type":"post","link":"https:\/\/www.europesays.com\/fi\/117721\/","title":{"rendered":"Onko Bob Odenkirk tehnyt liamneesonit? Uuden toimintaelokuvan perusteella silt\u00e4 tuntuu"},"content":{"rendered":"<p>Kahden Nobody-leffan j\u00e4lkeen Bob Odenkirk r\u00e4iskii nyt Normal-toimintaelokuvan p\u00e4\u00e4osassa.<\/p>\n<p>Magnolia Pictures on julkaissut ensimm\u00e4isen trailerin Normal-toimintaelokuvasta, jonka p\u00e4\u00e4osassa n\u00e4hd\u00e4\u00e4n <a href=\"https:\/\/muropaketti.com\/avainsana\/bob-odenkirk\/\" rel=\"nofollow noopener\" target=\"_blank\">Bob Odenkirk<\/a>. <\/p>\n<p>Koomikosta draaman\u00e4yttelij\u00e4ksi Breaking Badin ja Better Call Saulin kautta kulkenut Odenkirk vaikuttaa tehneen vanhemmilla p\u00e4ivill\u00e4\u00e4n saman kuin Liam Neeson, joka vaihtoi Takenin (2008) my\u00f6t\u00e4 draamaroolit toimintatrillereihin. Norman on jo kolmas h\u00e4nen t\u00e4hditt\u00e4m\u00e4ns\u00e4 toimintaelokuva, jonka k\u00e4sikirjoituksesta vastaa John Wickista tuttu Derek Kolstad.<\/p>\n<p>Kolstad rustasi my\u00f6s Odenkirkin t\u00e4hditt\u00e4m\u00e4t kaksi Nobody-m\u00e4iskett\u00e4. Normal-leffan virallinen synopsis kertoo alkuper\u00e4iskielell\u00e4 seuraavaa:<\/p>\n<p>\u201dFor Sheriff Ulysses (Odenkirk), his provisional posting to the quaint Midwestern American town of Normal was meant to be a welcome respite from both his marital woes and recent moral injuries in the line of duty. But when a botched bank robbery interrupts the municipality\u2019s tranquil pace, a dark secret is inadvertently exposed, and Ulysses soon discovers that the town is anything but its namesake.\u201d<\/p>\n<p>Normalin on ohjannut Meg 2 -bulkista sek\u00e4 mainioista genre-elokuvista kuten Kill List, A Field in England ja Free Fire tuttu Ben Wheatley.<\/p>\n<p>Odenkirkin lis\u00e4ksi Normalissa n\u00e4hd\u00e4\u00e4n muun muassa Henry Winkler, Lena Headey, Ryan Allen, Billy MacLellan, Brendan Fletcher, Peter Shinkoda ja Jess McLeod. <\/p>\n<p>Normal saapuu Yhdysvalloissa valkokankaille 17. huhtikuuta. Suomen ensi-ilta ei ole viel\u00e4 tiedossa.<\/p>\n<p>Odenkirkin uran ensimm\u00e4inen toimintam\u00e4iske Nobody sai Muropaketin arvostelussa jopa nelj\u00e4 t\u00e4hte\u00e4. Viime elokuussa julkaistu Nobody 2 todettiin kolmen t\u00e4hden arvoiseksi: <\/p>\n","protected":false},"excerpt":{"rendered":"Kahden Nobody-leffan j\u00e4lkeen Bob Odenkirk r\u00e4iskii nyt Normal-toimintaelokuvan p\u00e4\u00e4osassa. Magnolia Pictures on julkaissut ensimm\u00e4isen trailerin Normal-toimintaelokuvasta, jonka p\u00e4\u00e4osassa&hellip;\n","protected":false},"author":2,"featured_media":117722,"comment_status":"","ping_status":"","sticky":false,"template":"","format":"standard","meta":{"footnotes":""},"categories":[131],"tags":[18753,311,155,137,33,173,31,30,172,32,109],"class_list":{"0":"post-117721","1":"post","2":"type-post","3":"status-publish","4":"format-standard","5":"has-post-thumbnail","7":"category-elokuvat","8":"tag-ben-wheatley","9":"tag-bob-odenkirk","10":"tag-elokuvat","11":"tag-entertainment","12":"tag-fi","13":"tag-film","14":"tag-finland","15":"tag-finnish","16":"tag-movies","17":"tag-suomi","18":"tag-viihde"},"share_on_mastodon":{"url":"https:\/\/pubeurope.com\/@fi\/115728321273772533","error":""},"_links":{"self":[{"href":"https:\/\/www.europesays.com\/fi\/wp-json\/wp\/v2\/posts\/117721","targetHints":{"allow":["GET"]}}],"collection":[{"href":"https:\/\/www.europesays.com\/fi\/wp-json\/wp\/v2\/posts"}],"about":[{"href":"https:\/\/www.europesays.com\/fi\/wp-json\/wp\/v2\/types\/post"}],"author":[{"embeddable":true,"href":"https:\/\/www.europesays.com\/fi\/wp-json\/wp\/v2\/users\/2"}],"replies":[{"embeddable":true,"href":"https:\/\/www.europesays.com\/fi\/wp-json\/wp\/v2\/comments?post=117721"}],"version-history":[{"count":0,"href":"https:\/\/www.europesays.com\/fi\/wp-json\/wp\/v2\/posts\/117721\/revisions"}],"wp:featuredmedia":[{"embeddable":true,"href":"https:\/\/www.europesays.com\/fi\/wp-json\/wp\/v2\/media\/117722"}],"wp:attachment":[{"href":"https:\/\/www.europesays.com\/fi\/wp-json\/wp\/v2\/media?parent=117721"}],"wp:term":[{"taxonomy":"category","embeddable":true,"href":"https:\/\/www.europesays.com\/fi\/wp-json\/wp\/v2\/categories?post=117721"},{"taxonomy":"post_tag","embeddable":true,"href":"https:\/\/www.europesays.com\/fi\/wp-json\/wp\/v2\/tags?post=117721"}],"curies":[{"name":"wp","href":"https:\/\/api.w.org\/{rel}","templated":true}]}}