{"id":117727,"date":"2025-12-16T08:36:19","date_gmt":"2025-12-16T08:36:19","guid":{"rendered":"https:\/\/www.europesays.com\/fi\/117727\/"},"modified":"2025-12-16T08:36:19","modified_gmt":"2025-12-16T08:36:19","slug":"syvasta-luolasta-pienelta-itameren-saarelta-loytyi-todisteet-susista-joita-ei-pitanyt-olla-olemassa","status":"publish","type":"post","link":"https:\/\/www.europesays.com\/fi\/117727\/","title":{"rendered":"Syv\u00e4st\u00e4 luolasta pienelt\u00e4 It\u00e4meren saarelta l\u00f6ytyi todisteet susista, joita ei pit\u00e4nyt olla olemassa"},"content":{"rendered":"<p>Gotlannin l\u00e4hell\u00e4 sijaitsevalta pienelt\u00e4 saarelta l\u00f6ytyi muinaisten ihmisten luolasta susia, joiden olemus susina eik\u00e4 koirina todistettiin geeneist\u00e4. L\u00f6yt\u00f6 yll\u00e4tti ruotsalaiset tutkijat \u00e4llik\u00e4ll\u00e4.<\/p>\n<p><img decoding=\"async\" class=\"image image-show image-preview\" src=\"https:\/\/www.europesays.com\/fi\/wp-content\/uploads\/2025\/12\/c4230289c12dfca10da041013891cf2b18f4d32eda12d291aca43a2fae3b03c0.jpg\" alt=\"\"\/><img decoding=\"async\" class=\"image image-show\" src=\"https:\/\/www.europesays.com\/fi\/wp-content\/uploads\/2025\/12\/1765874178_607_c4230289c12dfca10da041013891cf2b18f4d32eda12d291aca43a2fae3b03c0.jpg\" alt=\"\"\/><\/p>\n<p>El\u00e4v\u00e4 susi. T\u00e4m\u00e4 susiyksil\u00f6 ei liity tapahtumiin. Se kuvattiin Norjassa syksyll\u00e4 2015. Per Harald Olsen \/ NTNU (CC BY)<\/p>\n<p class=\"paragraph\">Ruotsalainen arkeologien ja geenitutkijoiden ryhm\u00e4 <a href=\"https:\/\/www.su.se\/english\/news\/ancient-wolves-on-remote-baltic-sea-island-reveal-link-to-prehistoric-humans-1.861931\" rel=\"noopener nofollow\" target=\"_blank\">on l\u00f6yt\u00e4nyt<\/a> pienelt\u00e4 It\u00e4meren saarelta Gotlannin l\u00e4nsirannikon edustalta h\u00e4mment\u00e4v\u00e4t kahden susiyksik\u00f6n j\u00e4\u00e4nteet noin 4000 vuoden takaa. Yll\u00e4tt\u00e4v\u00e4\u00e4 on l\u00f6yt\u00f6paikan luonne: luut l\u00f6ytyiv\u00e4t muinaisten ihmisten leirinuotiolta \u2013 eiv\u00e4t luonnosta.<\/p>\n<p class=\"paragraph\">L\u00f6yt\u00f6 tehtiin 2,5 neli\u00f6kilometrin kokoisella Stora Karls\u00f6n saarella sijaitsevasta Stora F\u00f6rvarin luolasta. Luola on 25 metri\u00e4 syv\u00e4, kerrotaan <a href=\"https:\/\/storakarlso.se\/om-on\/platser-och-historia\/rundtur\/stora-forvar\/\" rel=\"noopener nofollow\" target=\"_blank\">saaren matkailusivustolla<\/a>. Paikka on tunnettu jo vuodesta 1888 alkaen muinaisten ihmisten leirisijana, mutta susien luita sielt\u00e4 ei ollut ennen huomattu.<\/p>\n<p class=\"paragraph\">Sen, ett\u00e4 kyse on nimenomaan susista eik\u00e4 koirista, tutkijat vahvistivat <a href=\"https:\/\/www.su.se\/english\/news\/ancient-wolves-on-remote-baltic-sea-island-reveal-link-to-prehistoric-humans-1.861931\" rel=\"noopener nofollow\" target=\"_blank\">geenisekvenssianalyysill\u00e4<\/a>. Toisaalta se, ett\u00e4 kyse oli nimenomaan ihmisten kotiel\u00e4imist\u00e4 eik\u00e4 luolaan sattumalta eksyneist\u00e4 muinaisista susista, voitiin osoittaa luiden isotooppimittauksilla.<\/p>\n<p class=\"paragraph\">Typpi- ja hiili-isotooppien jakaumat paljastivat susien sy\u00f6neen merest\u00e4 per\u00e4isin olevaa ruokaa eli todenn\u00e4k\u00f6isesti kaloja ja hylkeit\u00e4. T\u00e4m\u00e4 viittaa eritt\u00e4in vahvasti siihen, ett\u00e4 kyse oli kotiel\u00e4imist\u00e4. Toisin kuin esimerkiksi karhut, jotka saattavat kalastaa joissa, luonnonvaraiset sudet eiv\u00e4t sy\u00f6 kalaa.<\/p>\n<p class=\"paragraph\">Lis\u00e4ksi susien geenit paljastivat niiden k\u00e4rsineen sis\u00e4siittoisuudesta. T\u00e4m\u00e4kin seikka viittaa siihen, ett\u00e4 el\u00e4imet olivat ihmisten seuralaisia. Sis\u00e4siittoisuutta lukuun ottamatta susien perim\u00e4 osoittautui kuitenkin t\u00e4ysin samanlaiseksi kuin muidenkin Euraasian susikantojen.<\/p>\n<p class=\"paragraph\">\u201dL\u00f6yt\u00f6 on t\u00e4ysin odottamaton. Sudet ne n\u00e4ytt\u00e4v\u00e4t el\u00e4neen ihmisten rinnalla, sy\u00f6neen ihmisten antamaa ruokaa ja el\u00e4neen paikassa, jonne ne ovat voineet tulla vain veneell\u00e4\u201d, tutkimusryhm\u00e4\u00e4 johtanut, nykyisin Britanniassa ty\u00f6skentelev\u00e4 arkeologi <strong>Linus Girdland-Flink<\/strong> sanoo.<\/p>\n<p class=\"paragraph\">Yll\u00e4tyksellisyytt\u00e4 korostaa my\u00f6s ty\u00f6h\u00f6n osallistunut geenitutkija <strong>Pontus Skoglund<\/strong>.<\/p>\n<p>Ei luonnonvaraisia maanis\u00e4kk\u00e4it\u00e4<\/p>\n<p class=\"paragraph\">Se, ett\u00e4 sudet olisivat voineet tulla paikalle vain veneell\u00e4, johtuu Gotlannin el\u00e4imist\u00f6st\u00e4 \u2013 tai pikemminkin sen puutteesta. Sen enemp\u00e4\u00e4 Gotlannin saarelta kuin l\u00e4heisilt\u00e4 pikkusaarilta ei tunneta yht\u00e4k\u00e4\u00e4n luonnonvaraista maanis\u00e4k\u00e4st\u00e4, tutkijat kirjoittavat <a href=\"https:\/\/www.pnas.org\/doi\/10.1073\/pnas.2421759122\" rel=\"noopener nofollow\" target=\"_blank\">tieteellisess\u00e4 artikkelissaan<\/a>.<\/p>\n<p>L\u00f6yt\u00f6paikalla. T\u00e4lt\u00e4 n\u00e4ytt\u00e4\u00e4 Stora F\u00f6rvarin luolan sis\u00e4lt\u00e4 ulos katsottaessa. Jan Stor\u00e5 \/ Tukholman yliopisto<\/p>\n<p class=\"paragraph\">Stora Karls\u00f6n ja Gotlannin p\u00e4\u00e4saaren v\u00e4linen 6 kilometrin salmi itsess\u00e4\u00e4n ei olisi v\u00e4ltt\u00e4m\u00e4tt\u00e4 est\u00e4nyt susien levi\u00e4mist\u00e4 saarelle. 50 kilometrin uintimatka \u00d6\u00f6lantiin ja 70 km Ruotsin mantereelle sit\u00e4 vastoin ovat pit\u00e4neet Gotlannin vapaana luonnonvaraisista nis\u00e4kk\u00e4ist\u00e4.<\/p>\n<p class=\"paragraph\">L\u00f6yd\u00f6n i\u00e4ksi m\u00e4\u00e4ritettiin jotain 3000 ja 5000 vuoden v\u00e4lilt\u00e4.<\/p>\n<p class=\"paragraph\">Tutkijoiden mukaan uusi l\u00f6yt\u00f6 haastaa perinteist\u00e4 k\u00e4sityst\u00e4 ihmisten ja susien vuorovaikutuksesta ja koirien kesytt\u00e4misen historiasta. Sen sijasta, ett\u00e4 ihmiset olisivat kesytt\u00e4neet koiran kertaalleen kymmeni\u00e4 tuhansia vuosia sitten, ovat ihmiset saattaneet ottaa apureikseen susia melko tuoreessakin vaiheessa esihistoriaa.<\/p>\n<p class=\"paragraph\">Toisaalta monet yksityiskohdat koiran kesytt\u00e4misess\u00e4 ovat j\u00e4\u00e4neet nykyajan tutkijoilta pimentoon, tutkijat huomauttavat tieteellisess\u00e4 artikkelissaan. Tapahtuiko se ihmisten kannalta vahingossa susien omasta aloitteesta vai tarkoituksella ihmisten aloitteesta? Uusi l\u00f6yt\u00f6 saattaa antaa t\u00e4h\u00e4nkin kysymykseen jotakin valoa.<\/p>\n<p class=\"paragraph\"><a href=\"https:\/\/www.pnas.org\/doi\/10.1073\/pnas.2421759122\" rel=\"noopener nofollow\" target=\"_blank\">Tieteellinen artikkeli Pnas-lehdess\u00e4<\/a> on vapaasti luettavissa.<\/p>\n<p class=\"paragraph\">Juttu on julkaistu alun perin <a href=\"https:\/\/www.tekniikkatalous.fi\/\" target=\"_blank\" rel=\"noopener nofollow\">Tekniikka&amp;Taloudessa<\/a>.<\/p>\n","protected":false},"excerpt":{"rendered":"Gotlannin l\u00e4hell\u00e4 sijaitsevalta pienelt\u00e4 saarelta l\u00f6ytyi muinaisten ihmisten luolasta susia, joiden olemus susina eik\u00e4 koirina todistettiin geeneist\u00e4. L\u00f6yt\u00f6&hellip;\n","protected":false},"author":2,"featured_media":117728,"comment_status":"","ping_status":"","sticky":false,"template":"","format":"standard","meta":{"footnotes":""},"categories":[112],"tags":[404,33,31,30,72,785,118,591,32,119,534],"class_list":{"0":"post-117727","1":"post","2":"type-post","3":"status-publish","4":"format-standard","5":"has-post-thumbnail","7":"category-tiede","8":"tag-elaimet","9":"tag-fi","10":"tag-finland","11":"tag-finnish","12":"tag-luonto","13":"tag-nisakkaat","14":"tag-science","15":"tag-selkarankaiset","16":"tag-suomi","17":"tag-tiede","18":"tag-ymparisto-ja-luonto"},"share_on_mastodon":{"url":"https:\/\/pubeurope.com\/@fi\/115728337197231987","error":""},"_links":{"self":[{"href":"https:\/\/www.europesays.com\/fi\/wp-json\/wp\/v2\/posts\/117727","targetHints":{"allow":["GET"]}}],"collection":[{"href":"https:\/\/www.europesays.com\/fi\/wp-json\/wp\/v2\/posts"}],"about":[{"href":"https:\/\/www.europesays.com\/fi\/wp-json\/wp\/v2\/types\/post"}],"author":[{"embeddable":true,"href":"https:\/\/www.europesays.com\/fi\/wp-json\/wp\/v2\/users\/2"}],"replies":[{"embeddable":true,"href":"https:\/\/www.europesays.com\/fi\/wp-json\/wp\/v2\/comments?post=117727"}],"version-history":[{"count":0,"href":"https:\/\/www.europesays.com\/fi\/wp-json\/wp\/v2\/posts\/117727\/revisions"}],"wp:featuredmedia":[{"embeddable":true,"href":"https:\/\/www.europesays.com\/fi\/wp-json\/wp\/v2\/media\/117728"}],"wp:attachment":[{"href":"https:\/\/www.europesays.com\/fi\/wp-json\/wp\/v2\/media?parent=117727"}],"wp:term":[{"taxonomy":"category","embeddable":true,"href":"https:\/\/www.europesays.com\/fi\/wp-json\/wp\/v2\/categories?post=117727"},{"taxonomy":"post_tag","embeddable":true,"href":"https:\/\/www.europesays.com\/fi\/wp-json\/wp\/v2\/tags?post=117727"}],"curies":[{"name":"wp","href":"https:\/\/api.w.org\/{rel}","templated":true}]}}