{"id":117770,"date":"2025-12-16T09:30:09","date_gmt":"2025-12-16T09:30:09","guid":{"rendered":"https:\/\/www.europesays.com\/fi\/117770\/"},"modified":"2025-12-16T09:30:09","modified_gmt":"2025-12-16T09:30:09","slug":"sahkoautojen-alamaki-nakyy-jo-ruotsinkin-automarkkinassa","status":"publish","type":"post","link":"https:\/\/www.europesays.com\/fi\/117770\/","title":{"rendered":"S\u00e4hk\u00f6autojen alam\u00e4ki n\u00e4kyy jo Ruotsinkin automarkkinassa"},"content":{"rendered":"<p>Saksasta alkanut bensa- ja dieselautojen ja hybridien uusi nousu ylt\u00e4\u00e4 jo Ruotsiin.<\/p>\n<p>Ruotsi seuraa nyt Saksaa s\u00e4hk\u00f6autojen myynnin hiipumisessa. Saksassa s\u00e4hk\u00f6autojen myynti on hidastunut jo pitk\u00e4\u00e4n. Niiden osuus vuonna 2024 oli vain 13,5 prosenttia autohankinnoista eli selv\u00e4sti edellisvuotta v\u00e4hemm\u00e4n.<\/p>\n<p>Asiakkaita s\u00e4hk\u00f6auton ostaminen kiinnostaa yh\u00e4 v\u00e4hemm\u00e4n. Samalla kiinnostus bensa- ja dieselautoihin kasvaa automarkkinoilla. My\u00f6s s\u00e4hk\u00f6hybridiautojen suosio on l\u00e4htenyt kasvuun EU:n alueella.<\/p>\n<p>Sama trendi on nyt k\u00e4ynniss\u00e4 my\u00f6s Ruotsissa. S\u00e4hk\u00f6autoinnostuksen hiipumisen rinnalla latausinfraverkon laajentaminen etenee vauhdilla Ruotsissa.<\/p>\n<p>EU:n vuosittain julkaistavan Mobility Consumer -raportin 9.12. mukaan kiinnostus bensa- ja dieselautojen ostoon on noussut Ruotsissa voimakkaasti: 34 prosentista jo 49 prosenttiin.<\/p>\n<p>Raportin mukaan jopa joka toinen ruotsalainen harkitsee nyt polttomoottoriauton ostoa.<\/p>\n<p>S\u00e4hk\u00f6autobuumin hiipumisen taustalla on tutkimusten mukaan monia syit\u00e4. Talven tullen s\u00e4hk\u00f6autojen toimintamatka heikkenee, koska ajovalojen, tuulilasinpyyhkimien, istuinl\u00e4mmityksen sek\u00e4 sis\u00e4l\u00e4mmityksen ja puhaltimen k\u00e4ytt\u00f6 v\u00e4hent\u00e4v\u00e4t auton s\u00e4hk\u00f6energiaa.<\/p>\n<p>Lis\u00e4ksi s\u00e4hk\u00f6autojen katsastukseen ja akuston kuntoon liittyv\u00e4t ongelmat sek\u00e4 k\u00e4ytetyn s\u00e4hk\u00f6auton hinta ovat olleet asiakkaille ik\u00e4v\u00e4 yll\u00e4tys.<\/p>\n<p>\u00a0<\/p>\n","protected":false},"excerpt":{"rendered":"Saksasta alkanut bensa- ja dieselautojen ja hybridien uusi nousu ylt\u00e4\u00e4 jo Ruotsiin. Ruotsi seuraa nyt Saksaa s\u00e4hk\u00f6autojen myynnin&hellip;\n","protected":false},"author":2,"featured_media":117771,"comment_status":"","ping_status":"","sticky":false,"template":"","format":"standard","meta":{"footnotes":""},"categories":[76],"tags":[79,77,33,31,30,32,78],"class_list":{"0":"post-117770","1":"post","2":"type-post","3":"status-publish","4":"format-standard","5":"has-post-thumbnail","7":"category-talous","8":"tag-business","9":"tag-economy","10":"tag-fi","11":"tag-finland","12":"tag-finnish","13":"tag-suomi","14":"tag-talous"},"share_on_mastodon":{"url":"https:\/\/pubeurope.com\/@fi\/115728549551435369","error":""},"_links":{"self":[{"href":"https:\/\/www.europesays.com\/fi\/wp-json\/wp\/v2\/posts\/117770","targetHints":{"allow":["GET"]}}],"collection":[{"href":"https:\/\/www.europesays.com\/fi\/wp-json\/wp\/v2\/posts"}],"about":[{"href":"https:\/\/www.europesays.com\/fi\/wp-json\/wp\/v2\/types\/post"}],"author":[{"embeddable":true,"href":"https:\/\/www.europesays.com\/fi\/wp-json\/wp\/v2\/users\/2"}],"replies":[{"embeddable":true,"href":"https:\/\/www.europesays.com\/fi\/wp-json\/wp\/v2\/comments?post=117770"}],"version-history":[{"count":0,"href":"https:\/\/www.europesays.com\/fi\/wp-json\/wp\/v2\/posts\/117770\/revisions"}],"wp:featuredmedia":[{"embeddable":true,"href":"https:\/\/www.europesays.com\/fi\/wp-json\/wp\/v2\/media\/117771"}],"wp:attachment":[{"href":"https:\/\/www.europesays.com\/fi\/wp-json\/wp\/v2\/media?parent=117770"}],"wp:term":[{"taxonomy":"category","embeddable":true,"href":"https:\/\/www.europesays.com\/fi\/wp-json\/wp\/v2\/categories?post=117770"},{"taxonomy":"post_tag","embeddable":true,"href":"https:\/\/www.europesays.com\/fi\/wp-json\/wp\/v2\/tags?post=117770"}],"curies":[{"name":"wp","href":"https:\/\/api.w.org\/{rel}","templated":true}]}}