{"id":117819,"date":"2025-12-16T10:48:12","date_gmt":"2025-12-16T10:48:12","guid":{"rendered":"https:\/\/www.europesays.com\/fi\/117819\/"},"modified":"2025-12-16T10:48:12","modified_gmt":"2025-12-16T10:48:12","slug":"jaakaappi-laukaisi-skitsofrenian-brittinaiselle-voisin-itsekin-kuvitella-saaneeni","status":"publish","type":"post","link":"https:\/\/www.europesays.com\/fi\/117819\/","title":{"rendered":"J\u00e4\u00e4kaappi laukaisi skitsofrenian brittinaiselle: \u201dVoisin itsekin kuvitella saaneeni\u201d"},"content":{"rendered":"<p>Skitsofreniaa sairastava brittil\u00e4inen Carol n\u00e4ki j\u00e4\u00e4kaapissa mainoksen Apple TV:n uudesta sarjasta. H\u00e4mment\u00e4v\u00e4 mainos puhutteli h\u00e4nt\u00e4 liian henkil\u00f6kohtaisesti.<\/p>\n<p><img decoding=\"async\" class=\"image image-show image-preview\" src=\"https:\/\/www.europesays.com\/fi\/wp-content\/uploads\/2025\/12\/3b7948c096e421277d3d885319d10853fcda8b5ea3ae1963221ad1309ec2202a.jpg\" alt=\"\"\/><img decoding=\"async\" class=\"image image-show\" src=\"https:\/\/www.europesays.com\/fi\/wp-content\/uploads\/2025\/12\/1765882092_924_3b7948c096e421277d3d885319d10853fcda8b5ea3ae1963221ad1309ec2202a.jpg\" alt=\"\"\/><\/p>\n<p>Samsungin \u00e4lyj\u00e4\u00e4kaapit ovat alkaneet n\u00e4ytt\u00e4\u00e4n mainoksia my\u00f6s Yhdysvaltojen ulkopuolella. Kuvituskuva. Petteri J\u00e4rvinen<\/p>\n<p class=\"paragraph\">Samsungin \u00e4lyj\u00e4\u00e4kaapissa ollut mainos Apple TV:n uudesta Pluribus-sarjasta v\u00e4itet\u00e4\u00e4n laukaisseen skitsofrenian brittil\u00e4iselle Carolille. Asiasta kertoi <a href=\"https:\/\/nypost.com\/2025\/12\/09\/lifestyle\/samsung-smart-fridge-ad-for-pluribus-allegedly-triggered-a-psychotic-episode\/\" target=\"_blank\" rel=\"noopener nofollow\">NYPost<\/a>.<\/p>\n<p class=\"paragraph\">\u2013 Skitsofreniaa sairastava siskoni meni sairaalaan, koska h\u00e4n luuli saaneensa psykoottisen jakson, Carolin sisko kertoi <a href=\"https:\/\/www.reddit.com\/r\/LegalAdviceUK\/comments\/1pc7999\/my_schizophrenic_sister_hospitalised_herself\/\" target=\"_blank\" rel=\"noopener nofollow\">Redditin keskustelupalstalla<\/a>.<\/p>\n<p class=\"paragraph\">Paljastui, ett\u00e4 led-n\u00e4yt\u00f6ll\u00e4 ollut mainos puhutteli Carolia liian henkil\u00f6kohtaisesti, mik\u00e4 aiheutti sen, ett\u00e4 h\u00e4n luuli jonkun yritt\u00e4v\u00e4n puhua h\u00e4nelle j\u00e4\u00e4kaapin v\u00e4lityksell\u00e4. Mainoksessa luki suurin kirjaimin \u201dOLEMME PAHOILLAMME, ETT\u00c4 LOUKKASIMME SINUA, CAROL\u201d.<\/p>\n<p class=\"paragraph\">Kyseinen viesti viittaa Pluribus-sarjan p\u00e4\u00e4henkil\u00f6 Caroliin. Sarjan Carol (<strong>Rhea Seehorn<\/strong>) on kirjailija, joka joutuu teko\u00e4ly\u00e4 muistuttavan pandemian keskelle.<\/p>\n<p class=\"paragraph\">Juttu jatkuu kuvan j\u00e4lkeen.<\/p>\n<p>Rhea Seehorn n\u00e4yttelee Pluribuksen p\u00e4\u00e4henkil\u00f6 Carolia. LANDMARK MEDIA \/ Alamy Stock Photo<\/p>\n<p>Samsung sy\u00f6nyt sanansa<\/p>\n<p class=\"paragraph\">Redditin kommentoijien reaktio oli ymm\u00e4rt\u00e4v\u00e4inen Carolia kohtaan. J\u00e4\u00e4kaapin mainosten tarpeellisuus my\u00f6s kyseenalaistettiin.<\/p>\n<p class=\"paragraph\">\u2013 Jos j\u00e4\u00e4kaappini puhuttelisi minua nimelt\u00e4, enk\u00e4 tiet\u00e4isi kontekstia, voisin itsekin kuvitella saaneeni psykoottisen jakson, er\u00e4s k\u00e4ytt\u00e4j\u00e4 kommentoi.<\/p>\n<p class=\"paragraph\">\u2013 Siskosi sairaus huomioon ottaen voisi olla parasta, ett\u00e4 j\u00e4\u00e4kaapin \u00e4lytoiminnot otettaisiin pois p\u00e4\u00e4lt\u00e4, toinen kommentoi.<\/p>\n<p class=\"paragraph\">Carol vietti sairaalassa kaksi p\u00e4iv\u00e4\u00e4, jossa h\u00e4nen l\u00e4\u00e4kityksens\u00e4 m\u00e4\u00e4riteltiin uudelleen.<\/p>\n<p>T\u00e4ll\u00e4 tapaa j\u00e4\u00e4kaapit ovat mainostaneet Pluribusta. Kuvakaappaus\/Reddit<\/p>\n<p class=\"paragraph\">Samsung otti mainokset k\u00e4ytt\u00f6\u00f6n \u00e4lyj\u00e4\u00e4kaapeissaan alun perin Yhdysvalloissa. Heid\u00e4n mukaansa kyseisen ominaisuuden on tarkoitus \u201dvahvistaa j\u00e4\u00e4kaapin omistuskokemusta\u201d.<\/p>\n<p class=\"paragraph\">Samsungin viestint\u00e4 kertoi Iltalehdelle aiemmin, ettei heill\u00e4 ole suunnitelmissa laajentaa ominaisuutta muualle maailmaan. N\u00e4ytt\u00e4isi, ett\u00e4 mainokset ovat kuitenkin levinneet.<\/p>\n<p class=\"paragraph\">\u2013 T\u00e4ll\u00e4 hetkell\u00e4 meill\u00e4 ei ole suunnitelmia laajentaa mainospalvelua Yhdysvaltojen ulkopuolelle, Samsungin viestinn\u00e4st\u00e4 kerrottiin Iltalehdelle s\u00e4hk\u00f6postitse syyskuussa.<\/p>\n","protected":false},"excerpt":{"rendered":"Skitsofreniaa sairastava brittil\u00e4inen Carol n\u00e4ki j\u00e4\u00e4kaapissa mainoksen Apple TV:n uudesta sarjasta. H\u00e4mment\u00e4v\u00e4 mainos puhutteli h\u00e4nt\u00e4 liian henkil\u00f6kohtaisesti. Samsungin&hellip;\n","protected":false},"author":2,"featured_media":117820,"comment_status":"","ping_status":"","sticky":false,"template":"","format":"standard","meta":{"footnotes":""},"categories":[130],"tags":[35,137,33,31,30,979,32,502,167,149,140,109],"class_list":{"0":"post-117819","1":"post","2":"type-post","3":"status-publish","4":"format-standard","5":"has-post-thumbnail","7":"category-viihde","8":"tag-24h","9":"tag-entertainment","10":"tag-fi","11":"tag-finland","12":"tag-finnish","13":"tag-sahkoinen-media","14":"tag-suomi","15":"tag-terveydenhoito","16":"tag-terveys","17":"tag-tietojenkasittely-ja-informaatioteknologia","18":"tag-tv-ja-elokuvat","19":"tag-viihde"},"share_on_mastodon":{"url":"https:\/\/pubeurope.com\/@fi\/115728856233803483","error":""},"_links":{"self":[{"href":"https:\/\/www.europesays.com\/fi\/wp-json\/wp\/v2\/posts\/117819","targetHints":{"allow":["GET"]}}],"collection":[{"href":"https:\/\/www.europesays.com\/fi\/wp-json\/wp\/v2\/posts"}],"about":[{"href":"https:\/\/www.europesays.com\/fi\/wp-json\/wp\/v2\/types\/post"}],"author":[{"embeddable":true,"href":"https:\/\/www.europesays.com\/fi\/wp-json\/wp\/v2\/users\/2"}],"replies":[{"embeddable":true,"href":"https:\/\/www.europesays.com\/fi\/wp-json\/wp\/v2\/comments?post=117819"}],"version-history":[{"count":0,"href":"https:\/\/www.europesays.com\/fi\/wp-json\/wp\/v2\/posts\/117819\/revisions"}],"wp:featuredmedia":[{"embeddable":true,"href":"https:\/\/www.europesays.com\/fi\/wp-json\/wp\/v2\/media\/117820"}],"wp:attachment":[{"href":"https:\/\/www.europesays.com\/fi\/wp-json\/wp\/v2\/media?parent=117819"}],"wp:term":[{"taxonomy":"category","embeddable":true,"href":"https:\/\/www.europesays.com\/fi\/wp-json\/wp\/v2\/categories?post=117819"},{"taxonomy":"post_tag","embeddable":true,"href":"https:\/\/www.europesays.com\/fi\/wp-json\/wp\/v2\/tags?post=117819"}],"curies":[{"name":"wp","href":"https:\/\/api.w.org\/{rel}","templated":true}]}}