{"id":117821,"date":"2025-12-16T10:51:08","date_gmt":"2025-12-16T10:51:08","guid":{"rendered":"https:\/\/www.europesays.com\/fi\/117821\/"},"modified":"2025-12-16T10:51:08","modified_gmt":"2025-12-16T10:51:08","slug":"palko-siltakabtageeniautoleuseeli-valikoimaan-multippelin-myelooman-hoidossa","status":"publish","type":"post","link":"https:\/\/www.europesays.com\/fi\/117821\/","title":{"rendered":"Palko: Siltakabtageeniautoleuseeli valikoimaan multippelin myelooman hoidossa"},"content":{"rendered":"<p>\t\t\t\t\t<a class=\"label\" rel=\"nofollow noopener\" href=\"http:\/\/www.laakarilehti.fi\/terveydenhuolto\/\" target=\"_blank\">Terveydenhuolto<\/a>\t\t\t\t\t\t\tSuom L\u00e4\u00e4k\u00e4ril 2025;80:e46758, www.laakarilehti.fi\/e46758\t\t\t<\/p>\n<p class=\"lead\">Kyseisi\u00e4 potilaita ei ole aiemmin hoidettu bispesifisell\u00e4 vasta-aineella.<\/p>\n<p>Terveydenhuollon\u00a0palveluvalikoimaneuvosto Palko on hyv\u00e4ksynyt kommentoitavaksi suositusluonnoksen &#8221;Siltakabtageeniautoleuseeli uusiutuneen multippelin myelooman toisen linjan hoidossa&#8221;. <\/p>\n<p>Luonnoksen mukaan siltakabtageeniautoleuseeli (cilta-cel) kuuluisi ehdollisesti t\u00e4ss\u00e4 k\u00e4ytt\u00f6aiheessa kansalliseen palveluvalikoimaan. <\/p>\n<p>N\u00e4it\u00e4 potilaita ei ole aiemmin hoidettu bispesifisell\u00e4 vasta-aineella.<\/p>\n<p><a href=\"https:\/\/palveluvalikoima.fi\/-\/kommentoi-suositusluonnosta-siltakabtageeniautoleuseeli-uusiutuneen-multippelin-myelooman-toisen-linjan-hoidossa\" rel=\"nofollow noopener\" target=\"_blank\">Palkon n\u00e4kemyksen mukaan <\/a>merkitt\u00e4v\u00e4 osa potilaista sai siltakabtageeni-autoleuseelihoidolla paremman vasteen kuin k\u00e4yt\u00f6ss\u00e4 olevilla vertailuhoidoilla. <\/p>\n<p>Tutkimusn\u00e4ytt\u00f6\u00f6n liittyy merkitt\u00e4v\u00e4\u00e4 ep\u00e4varmuutta, sill\u00e4 seuranta-aika on rajallinen, eik\u00e4 tapahtumia ole kertynyt riitt\u00e4v\u00e4sti lopullisen analyysin tekemiseksi. <\/p>\n<p>Esimerkiksi kokonaiselossaolon (OS) mediaania ei ole viel\u00e4 saavutettu.<\/p>\n<p>Palkon suositusluonnos on kommentoivana <a href=\"https:\/\/www.otakantaa.fi\/fi\/hankkeet\/62\/\" rel=\"nofollow noopener\" target=\"_blank\">otakantaa.fi-palvelussa<\/a> 15.1.2026 saakka. Palko pyrkii hyv\u00e4ksym\u00e4\u00e4n lopullisen suosituksen helmikuussa 2025.\u00a0<\/p>\n<p class=\"article__related-article aim-skip\"><strong>Lue lis\u00e4\u00e4:<\/strong> <a href=\"http:\/\/www.laakarilehti.fi\/terveydenhuolto\/palko-inebilitsumabille-ei-palveluvalikoimaan\/\" rel=\"nofollow noopener\" target=\"_blank\">Palko: Inebilitsumabille ei palveluvalikoimaan<\/a><\/p>\n","protected":false},"excerpt":{"rendered":"Terveydenhuolto Suom L\u00e4\u00e4k\u00e4ril 2025;80:e46758, www.laakarilehti.fi\/e46758 Kyseisi\u00e4 potilaita ei ole aiemmin hoidettu bispesifisell\u00e4 vasta-aineella. Terveydenhuollon\u00a0palveluvalikoimaneuvosto Palko on hyv\u00e4ksynyt kommentoitavaksi&hellip;\n","protected":false},"author":2,"featured_media":117822,"comment_status":"","ping_status":"","sticky":false,"template":"","format":"standard","meta":{"footnotes":""},"categories":[76],"tags":[79,77,33,31,30,32,78],"class_list":{"0":"post-117821","1":"post","2":"type-post","3":"status-publish","4":"format-standard","5":"has-post-thumbnail","7":"category-talous","8":"tag-business","9":"tag-economy","10":"tag-fi","11":"tag-finland","12":"tag-finnish","13":"tag-suomi","14":"tag-talous"},"share_on_mastodon":{"url":"https:\/\/pubeurope.com\/@fi\/115728868058802539","error":""},"_links":{"self":[{"href":"https:\/\/www.europesays.com\/fi\/wp-json\/wp\/v2\/posts\/117821","targetHints":{"allow":["GET"]}}],"collection":[{"href":"https:\/\/www.europesays.com\/fi\/wp-json\/wp\/v2\/posts"}],"about":[{"href":"https:\/\/www.europesays.com\/fi\/wp-json\/wp\/v2\/types\/post"}],"author":[{"embeddable":true,"href":"https:\/\/www.europesays.com\/fi\/wp-json\/wp\/v2\/users\/2"}],"replies":[{"embeddable":true,"href":"https:\/\/www.europesays.com\/fi\/wp-json\/wp\/v2\/comments?post=117821"}],"version-history":[{"count":0,"href":"https:\/\/www.europesays.com\/fi\/wp-json\/wp\/v2\/posts\/117821\/revisions"}],"wp:featuredmedia":[{"embeddable":true,"href":"https:\/\/www.europesays.com\/fi\/wp-json\/wp\/v2\/media\/117822"}],"wp:attachment":[{"href":"https:\/\/www.europesays.com\/fi\/wp-json\/wp\/v2\/media?parent=117821"}],"wp:term":[{"taxonomy":"category","embeddable":true,"href":"https:\/\/www.europesays.com\/fi\/wp-json\/wp\/v2\/categories?post=117821"},{"taxonomy":"post_tag","embeddable":true,"href":"https:\/\/www.europesays.com\/fi\/wp-json\/wp\/v2\/tags?post=117821"}],"curies":[{"name":"wp","href":"https:\/\/api.w.org\/{rel}","templated":true}]}}