{"id":117823,"date":"2025-12-16T10:52:14","date_gmt":"2025-12-16T10:52:14","guid":{"rendered":"https:\/\/www.europesays.com\/fi\/117823\/"},"modified":"2025-12-16T10:52:14","modified_gmt":"2025-12-16T10:52:14","slug":"orpon-huippukokous-koolla-saatytalolla-eu-johtajat-varovaisen-optimistisia-ukrainan-rauhasta","status":"publish","type":"post","link":"https:\/\/www.europesays.com\/fi\/117823\/","title":{"rendered":"Orpon huippukokous koolla S\u00e4\u00e4tytalolla: EU-johtajat varovaisen optimistisia Ukrainan rauhasta"},"content":{"rendered":"<p>Turvallisuus|P\u00e4\u00e4ministeri Orpo is\u00e4nn\u00f6i Eastern Flank -kokousta tiistaina Helsingin S\u00e4\u00e4tytalolla.<\/p>\n<p class=\"article-body mb-nof-24 px-nof-16\">Helsinkiin tiistaina saapuneet eurooppalaiset johtajat suhtautuivat maltillisen optimistisesti Berliiniss\u00e4 maanantaina j\u00e4rjestettyjen rauhankeskustelujen tuloksiin. Samalla muistutettiin, ett\u00e4 Ven\u00e4j\u00e4lt\u00e4 ei ole n\u00e4hty my\u00f6nteist\u00e4 liikett\u00e4.<\/p>\n<p class=\"article-body mb-nof-24 px-nof-16\">Euroopan, Yhdysvaltojen ja Ukrainan edustajat keskustelivat Berliiniss\u00e4 tiest\u00e4 kohti rauhaa Ukrainassa.<\/p>\n<p class=\"article-body mb-nof-24 px-nof-16\">\u201dKyll\u00e4 siin\u00e4 oli todellista etenemist\u00e4\u201d, sanoi p\u00e4\u00e4ministeri <a class=\"article-personlink\" href=\"https:\/\/www.hs.fi\/haku\/?query=Petteri%20Orpo\" rel=\"nofollow noopener\" target=\"_blank\">Petteri Orpo<\/a> (kok).<\/p>\n<p class=\"article-body mb-nof-24 px-nof-16\">Orpo kiitti sit\u00e4, ett\u00e4 Ukraina, Eurooppa ja Yhdysvallat l\u00f6ysiv\u00e4t yhteisen n\u00e4kemyksen.<\/p>\n<p class=\"article-body mb-nof-24 px-nof-16\">Orpo is\u00e4nn\u00f6i tiistaina Helsingin S\u00e4\u00e4tytalolla huippukokousta, johon on kutsuttu Ven\u00e4j\u00e4n ja Valko-Ven\u00e4j\u00e4n rajanaapureiden johtajat.<\/p>\n<p class=\"article-body mb-nof-24 px-nof-16\">Kokouksen tarkoituksena on vahvistaa EU:n puolustuspolitiikkaa unionin it\u00e4rajalla. Orpo <a class=\"article-genericlink\" href=\"https:\/\/www.hs.fi\/politiikka\/art-2000011676627.html\" rel=\"nofollow noopener\" target=\"_blank\">on kertonut<\/a>, ett\u00e4 tavoitteena on ohjata EU:n puolustusrahoja it\u00e4isen reunan tueksi.<\/p>\n<p class=\"article-body mb-nof-24 px-nof-16\">Kokoukseen osallistuvat p\u00e4\u00e4ministerit <a class=\"article-personlink\" href=\"https:\/\/www.hs.fi\/haku\/?query=Ulf%20Kristersson\" rel=\"nofollow noopener\" target=\"_blank\">Ulf Kristersson<\/a> Ruotsista, <a class=\"article-personlink\" href=\"https:\/\/www.hs.fi\/haku\/?query=Kristen%20Michal\" rel=\"nofollow noopener\" target=\"_blank\">Kristen Michal <\/a>Virosta, <a class=\"article-personlink\" href=\"https:\/\/www.hs.fi\/haku\/?query=Evika%20Sili%C5%86a\" rel=\"nofollow noopener\" target=\"_blank\">Evika Sili\u0146a<\/a> Latviasta, <a class=\"article-personlink\" href=\"https:\/\/www.hs.fi\/haku\/?query=Donald%20Tusk\" rel=\"nofollow noopener\" target=\"_blank\">Donald Tusk<\/a> Puolasta ja <a class=\"article-personlink\" href=\"https:\/\/www.hs.fi\/haku\/?query=Rossen%20Jeliazkov\" rel=\"nofollow noopener\" target=\"_blank\">Rossen Jeliazkov<\/a> Bulgariasta sek\u00e4 presidentit <a class=\"article-personlink\" href=\"https:\/\/www.hs.fi\/haku\/?query=Nicu%C8%99or%20Dan\" rel=\"nofollow noopener\" target=\"_blank\">Nicu\u0219or Dan<\/a> Romaniasta ja <a class=\"article-personlink\" href=\"https:\/\/www.hs.fi\/haku\/?query=Gitanas%20Naus%C4%97da\" rel=\"nofollow noopener\" target=\"_blank\">Gitanas Naus\u0117da <\/a>Liettuasta.<\/p>\n<p class=\"article-body mb-nof-24 px-nof-16\">Moni S\u00e4\u00e4tytalolle saapunut johtaja kiitteli etenemist\u00e4 Berliiniss\u00e4, esille nostettiin muun muassa Yhdysvalloilta kuullut sitoumukset liittyen vahvoihin turvatakuisiin Euroopalle.<\/p>\n<p class=\"article-body mb-nof-24 px-nof-16\">\u201dOlemme edenneet merkitt\u00e4v\u00e4sti turvatakuissa Ukrainalle, siit\u00e4 ei ole ep\u00e4ilyst\u00e4\u201d, sanoi Ruotsin p\u00e4\u00e4ministeri <a class=\"article-personlink\" href=\"https:\/\/www.hs.fi\/haku\/?query=Ulf%20Kristersson\" rel=\"nofollow noopener\" target=\"_blank\">Ulf Kristersson<\/a>, joka oli l\u00e4sn\u00e4 Berliiniss\u00e4.<\/p>\n<p class=\"article-body mb-nof-24 px-nof-16\">Turvallisuusj\u00e4rjestelyt perustuisivat ennen muuta Ukrainan oman vahvan armeijan varaan. Lis\u00e4ksi Ukrainassa olisi l\u00e4sn\u00e4 eurooppalaisia joukkoja. Yhdysvalloilta tulisi vahva \u201dback stop\u201d.<\/p>\n<p class=\"article-body mb-nof-24 px-nof-16\">Kristersson kuvasi Yhdysvaltojen tapaa keskustella turvatakuista maanantaina \u201dmelko vakuuttavaksi.\u201d H\u00e4n viittasi yhdysvaltalaisen kenraalin kertomaan asiasta sek\u00e4 siihen, mit\u00e4 yhdysvaltalaiset osallistujat olivat sanoneet. Yksityiskohtia ei kuitenkaan kuultu, h\u00e4n sanoi.<\/p>\n<p class=\"article-body mb-nof-24 px-nof-16\">\u201dJoten uskon, ett\u00e4 melko paljon ty\u00f6t\u00e4 on viel\u00e4 teht\u00e4v\u00e4n\u00e4.\u201d<\/p>\n<p class=\"article-body mb-nof-24 px-nof-16\">Orpo toisti, ettei Suomi ole valmis osallistumaan niin sanottuihin \u201dturvatakuihin\u201d eli jonkinlaiseen Naton viidett\u00e4 artiklaa muistuttamaan ratkaisuun Ukrainan tueksi. Sen sijaan Suomi on valmis osallistumaan erillisiin turvallisuusj\u00e4rjestelyihin. Niist\u00e4 p\u00e4\u00e4tet\u00e4\u00e4n ajallaan.<\/p>\n<p class=\"article-body mb-nof-24 px-nof-16\">Aiemmin on puhuttu esimerkiksi koulutus ja huoltotoiminnoista Ukrainalle tai esimerkiksi tiedustelutiedosta.<\/p>\n<p class=\"article-body mb-nof-24 px-nof-16\">Puolan p\u00e4\u00e4ministeri <a class=\"article-personlink\" href=\"https:\/\/www.hs.fi\/haku\/?query=Donald%20Tusk\" rel=\"nofollow noopener\" target=\"_blank\">Donald Tusk<\/a> sanoi, ett\u00e4 Ven\u00e4j\u00e4lt\u00e4 tarvitaan nyt hyv\u00e4\u00e4 tahtoa.<\/p>\n<p class=\"article-body mb-nof-24 px-nof-16\">H\u00e4n sanoi olevansa \u201dhieman pessimistinen\u201d.<\/p>\n<p class=\"article-body mb-nof-24 px-nof-16\">\u201dKoska ven\u00e4l\u00e4iset ja hyv\u00e4 tahto \u2013 se on oksymoron\u201d, Tusk sanoi.<\/p>\n<p class=\"article-body mb-nof-24 px-nof-16\">Viron p\u00e4\u00e4ministeri<a class=\"article-personlink\" href=\"https:\/\/www.hs.fi\/haku\/?query=%20Kristen%20Michal\" rel=\"nofollow noopener\" target=\"_blank\"> Kristen Michal <\/a>sanoi toivovansa, ett\u00e4 rauha on l\u00e4hemp\u00e4n\u00e4, mutta h\u00e4n muistutti, ett\u00e4 sota jatkuu nelj\u00e4tt\u00e4 vuotta.<\/p>\n<p class=\"article-body mb-nof-24 px-nof-16\">\u201dJoulu tulee ja olemme kaikki melko toiveikkaita, mutta meid\u00e4n t\u00e4ytyy muistaa, ett\u00e4 Putinin p\u00e4\u00e4m\u00e4\u00e4r\u00e4t eiv\u00e4t ole viel\u00e4 muuttuneet.\u201d<\/p>\n<p class=\"article-body mb-nof-24 px-nof-16\">Niin Orpo kuin muutkin johtajat painottivat, ett\u00e4 EU:n pit\u00e4isi nyt saada tehty\u00e4 p\u00e4\u00e4t\u00f6s j\u00e4\u00e4dytettyjen varojen k\u00e4ytt\u00e4misest\u00e4 Ukrainan tueksi. EU-huippukokous k\u00e4sittelee asiaa torstaina. Varojen avulla on m\u00e4\u00e4r\u00e4 my\u00f6nt\u00e4\u00e4 sotakorvauslaina Ukrainalle.<\/p>\n<p class=\"article-body mb-nof-24 px-nof-16\">Ainakin Italia ja T\u0161ekki <a class=\"article-genericlink\" href=\"https:\/\/www.google.com\/search?q=italia+tsekki+j%C3%A4%C3%A4dytetyt+varat+hs&amp;sca_esv=6d76dc318ac9b9d4&amp;ei=bClBadmrLtee1fIP1MyM8Ao&amp;ved=2ahUKEwjZkd_S6MGRAxVXT1UIHVQmA64Q4dUDegQIBRAN&amp;uact=5&amp;oq=italia+tsekki+j%C3%A4%C3%A4dytetyt+varat+hs&amp;gs_lp=Egxnd3Mtd2l6LXNlcnAiI2l0YWxpYSB0c2Vra2kgasOkw6RkeXRldHl0IHZhcmF0IGhzMgUQIRigATIFECEYoAFI5AVQ7gFYiARwAXgAkAEAmAF2oAGaAqoBAzIuMbgBA8gBAPgBAZgCBKACrQLCAgsQABiABBiwAxiiBMICCBAAGLADGO8FwgIEECEYFZgDAIgGAZAGBZIHAzMuMaAHpQ2yBwMyLjG4B6kCwgcFMC4zLjHIBwmACAA&amp;sclient=gws-wiz-serp\" rel=\"nofollow noopener\" target=\"_blank\">ovat asettuneet<\/a> Belgian tueksi jarruttamaan ratkaisua. My\u00f6s Bulgaria on suhtautunut asiaan ep\u00e4illen. Helsingiss\u00e4 paikalla oleva Bulgarian p\u00e4\u00e4ministeri Jeliazkov ei vastannut median kysymyksiin saapuessaan S\u00e4\u00e4tytalolle.<\/p>\n<p class=\"article-body mb-nof-24 px-nof-16\">\u201dKyll\u00e4 se n\u00e4ytt\u00e4\u00e4 silt\u00e4, ett\u00e4 kuitenkin suurin osa maista on ratkaisun takana. Italian kanssa tehd\u00e4\u00e4n t\u00f6it\u00e4. T\u0161ekki\u00e4 t\u00e4ytyy my\u00f6s niin sanotusti hoitaa\u201d, Orpo sanoi.<\/p>\n<p class=\"article-body mb-nof-24 px-nof-16\">\u201dMin\u00e4 uskon, ett\u00e4 ratkaisu l\u00f6ytyy.\u201d<\/p>\n<p class=\"article-body mb-nof-24 px-nof-16\">Orpo muistutti, ettei ratkaisu tarvitse kaikkien maiden tukea. Olennaisinta on saada ratkaisua vastustanut Belgia mukaan.<\/p>\n<p class=\"article-body mb-nof-24 px-nof-16\">Belgia on keskeinen, koska suuri osa j\u00e4\u00e4dytetyist\u00e4 varoista sijaitsee Belgiassa arvopaperikeskus Euroclearin tileill\u00e4.<\/p>\n<p class=\"article-body mb-nof-24 px-nof-16\">HS seuraa kokouksen kulkua t\u00e4ss\u00e4 p\u00e4ivittyv\u00e4ss\u00e4 artikkelissa.<\/p>\n","protected":false},"excerpt":{"rendered":"Turvallisuus|P\u00e4\u00e4ministeri Orpo is\u00e4nn\u00f6i Eastern Flank -kokousta tiistaina Helsingin S\u00e4\u00e4tytalolla. Helsinkiin tiistaina saapuneet eurooppalaiset johtajat suhtautuivat maltillisen optimistisesti Berliiniss\u00e4&hellip;\n","protected":false},"author":2,"featured_media":117824,"comment_status":"","ping_status":"","sticky":false,"template":"","format":"standard","meta":{"footnotes":""},"categories":[14],"tags":[22,23,26,27,33,31,30,17,46,24,25,28,29,15,18,21,32,19,20,56,16,59,60,61],"class_list":{"0":"post-117823","1":"post","2":"type-post","3":"status-publish","4":"format-standard","5":"has-post-thumbnail","7":"category-ulkomaat","8":"tag-breaking-news","9":"tag-breakingnews","10":"tag-featured-news","11":"tag-featurednews","12":"tag-fi","13":"tag-finland","14":"tag-finnish","15":"tag-headlines","16":"tag-helsingin-sanomat","17":"tag-latest-news","18":"tag-latestnews","19":"tag-main-news","20":"tag-mainnews","21":"tag-news","22":"tag-otsikot","23":"tag-paauutiset","24":"tag-suomi","25":"tag-top-stories","26":"tag-topstories","27":"tag-ulkomaat","28":"tag-uutiset","29":"tag-world","30":"tag-world-news","31":"tag-worldnews"},"share_on_mastodon":{"url":"https:\/\/pubeurope.com\/@fi\/115728871906051210","error":""},"_links":{"self":[{"href":"https:\/\/www.europesays.com\/fi\/wp-json\/wp\/v2\/posts\/117823","targetHints":{"allow":["GET"]}}],"collection":[{"href":"https:\/\/www.europesays.com\/fi\/wp-json\/wp\/v2\/posts"}],"about":[{"href":"https:\/\/www.europesays.com\/fi\/wp-json\/wp\/v2\/types\/post"}],"author":[{"embeddable":true,"href":"https:\/\/www.europesays.com\/fi\/wp-json\/wp\/v2\/users\/2"}],"replies":[{"embeddable":true,"href":"https:\/\/www.europesays.com\/fi\/wp-json\/wp\/v2\/comments?post=117823"}],"version-history":[{"count":0,"href":"https:\/\/www.europesays.com\/fi\/wp-json\/wp\/v2\/posts\/117823\/revisions"}],"wp:featuredmedia":[{"embeddable":true,"href":"https:\/\/www.europesays.com\/fi\/wp-json\/wp\/v2\/media\/117824"}],"wp:attachment":[{"href":"https:\/\/www.europesays.com\/fi\/wp-json\/wp\/v2\/media?parent=117823"}],"wp:term":[{"taxonomy":"category","embeddable":true,"href":"https:\/\/www.europesays.com\/fi\/wp-json\/wp\/v2\/categories?post=117823"},{"taxonomy":"post_tag","embeddable":true,"href":"https:\/\/www.europesays.com\/fi\/wp-json\/wp\/v2\/tags?post=117823"}],"curies":[{"name":"wp","href":"https:\/\/api.w.org\/{rel}","templated":true}]}}