{"id":117830,"date":"2025-12-16T11:12:09","date_gmt":"2025-12-16T11:12:09","guid":{"rendered":"https:\/\/www.europesays.com\/fi\/117830\/"},"modified":"2025-12-16T11:12:09","modified_gmt":"2025-12-16T11:12:09","slug":"satakunnan-infektiotilanne-on-yha-tavanomainen-vaikka-influenssa-leviaa-laajalti-muualla-suomessa","status":"publish","type":"post","link":"https:\/\/www.europesays.com\/fi\/117830\/","title":{"rendered":"Satakunnan infektiotilanne on yh\u00e4 tavanomainen, vaikka influenssa levi\u00e4\u00e4 laajalti muualla Suomessa"},"content":{"rendered":"<p>Satakunnassa levi\u00e4\u00e4 useita eri hengitystieoireita aiheuttavia viruksia, mutta tilanne ei ole poikkeava tavanomaiseen syksyn tautitilanteeseen verrattuna. Viruksista influenssa A kaataa potilaita s\u00e4nkyyn koko ajan hieman tiuhemmin.<\/p>\n<p class=\"article-body mb-nof-24 px-nof-16\">Satakunta<\/p>\n<p class=\"article-body mb-nof-24 px-nof-16\">Satakunnassa joulua saatetaan p\u00e4\u00e4st\u00e4 viett\u00e4m\u00e4\u00e4n rauhallisessa infektiotilanteessa, jos radikaalia muutosta maakunnan tautitilanteeseen ei tule seuraavan viikon aikana.<\/p>\n<p class=\"article-body mb-nof-24 px-nof-16\">Satakunnan hyvinvointialueen infektioyksik\u00f6n osastonylil\u00e4\u00e4k\u00e4ri <a class=\"article-personlink\" href=\"https:\/\/www.satakunnankansa.fi\/haku\/?query=Tuomas%20Nieminen\" rel=\"nofollow noopener\" target=\"_blank\">Tuomas Nieminen<\/a> kuvaa Satakunnan infektiotilannetta vuodenaikaan n\u00e4hden hyvin tavanomaiseksi ja toistaiseksi jopa melko rauhalliseksi osastohoidossa olevien potilaiden m\u00e4\u00e4riin peilaten.<\/p>\n","protected":false},"excerpt":{"rendered":"Satakunnassa levi\u00e4\u00e4 useita eri hengitystieoireita aiheuttavia viruksia, mutta tilanne ei ole poikkeava tavanomaiseen syksyn tautitilanteeseen verrattuna. Viruksista influenssa&hellip;\n","protected":false},"author":2,"featured_media":117831,"comment_status":"","ping_status":"","sticky":false,"template":"","format":"standard","meta":{"footnotes":""},"categories":[165],"tags":[33,31,30,166,80,32,167],"class_list":{"0":"post-117830","1":"post","2":"type-post","3":"status-publish","4":"format-standard","5":"has-post-thumbnail","7":"category-terveys","8":"tag-fi","9":"tag-finland","10":"tag-finnish","11":"tag-health","12":"tag-satakunnan-kansa","13":"tag-suomi","14":"tag-terveys"},"share_on_mastodon":{"url":"https:\/\/pubeurope.com\/@fi\/115728950457860623","error":""},"_links":{"self":[{"href":"https:\/\/www.europesays.com\/fi\/wp-json\/wp\/v2\/posts\/117830","targetHints":{"allow":["GET"]}}],"collection":[{"href":"https:\/\/www.europesays.com\/fi\/wp-json\/wp\/v2\/posts"}],"about":[{"href":"https:\/\/www.europesays.com\/fi\/wp-json\/wp\/v2\/types\/post"}],"author":[{"embeddable":true,"href":"https:\/\/www.europesays.com\/fi\/wp-json\/wp\/v2\/users\/2"}],"replies":[{"embeddable":true,"href":"https:\/\/www.europesays.com\/fi\/wp-json\/wp\/v2\/comments?post=117830"}],"version-history":[{"count":0,"href":"https:\/\/www.europesays.com\/fi\/wp-json\/wp\/v2\/posts\/117830\/revisions"}],"wp:featuredmedia":[{"embeddable":true,"href":"https:\/\/www.europesays.com\/fi\/wp-json\/wp\/v2\/media\/117831"}],"wp:attachment":[{"href":"https:\/\/www.europesays.com\/fi\/wp-json\/wp\/v2\/media?parent=117830"}],"wp:term":[{"taxonomy":"category","embeddable":true,"href":"https:\/\/www.europesays.com\/fi\/wp-json\/wp\/v2\/categories?post=117830"},{"taxonomy":"post_tag","embeddable":true,"href":"https:\/\/www.europesays.com\/fi\/wp-json\/wp\/v2\/tags?post=117830"}],"curies":[{"name":"wp","href":"https:\/\/api.w.org\/{rel}","templated":true}]}}