{"id":117834,"date":"2025-12-16T11:14:10","date_gmt":"2025-12-16T11:14:10","guid":{"rendered":"https:\/\/www.europesays.com\/fi\/117834\/"},"modified":"2025-12-16T11:14:10","modified_gmt":"2025-12-16T11:14:10","slug":"brasilialainen-metallimusiikin-pioneeri-sepultura-saapuu-suomeen-viimeinen-mahdollisuus-nahda-livena","status":"publish","type":"post","link":"https:\/\/www.europesays.com\/fi\/117834\/","title":{"rendered":"Brasilialainen metallimusiikin pioneeri Sepultura saapuu Suomeen \u2013 viimeinen mahdollisuus n\u00e4hd\u00e4 liven\u00e4"},"content":{"rendered":"<p>Brasilialainen metallimusiikin pioneeri <strong>Sepultura <\/strong>saapuu Suomeen elokuussa 2026 osana Celebrating Life Through Death -j\u00e4\u00e4hyv\u00e4iskiertuettaan. Yhtye n\u00e4hd\u00e4\u00e4n Tavastialla lauantaina 1. elokuuta 2026.<\/p>\n<p>Sepultura on tykitellyt menem\u00e4\u00e4n thrash- ja death metalia sek\u00e4 brasilialaisesta musiikkiperinnett\u00e4 yhdistelev\u00e4\u00e4 musiikkiaan jo 40 vuoden ajan. Kiertue on b\u00e4ndin j\u00e4\u00e4hyv\u00e4iskiertue, joten kyseess\u00e4 on viimeinen mahdollisuus n\u00e4hd\u00e4 legendaarinen b\u00e4ndi liven\u00e4 Suomessa.<\/p>\n<p>Lue my\u00f6s: <a href=\"https:\/\/www.rumba.fi\/uutiset\/michael-monroen-uuden-levyn-julkaisupaivamaara-selvilla-myos-kiertue-tulossa\/\" title=\"Michael Monroen uuden levyn julkaisup\u00e4iv\u00e4m\u00e4\u00e4r\u00e4 selvill\u00e4 \u2013 my\u00f6s kiertue tulossa\" class=\"underline-custom !font-montserrat !font-bold !underline-offset-4 !decoration-4 !decoration-tilt-light !text-md\" rel=\"nofollow noopener\" target=\"_blank\">Michael Monroen uuden levyn julkaisup\u00e4iv\u00e4m\u00e4\u00e4r\u00e4 selvill\u00e4 \u2013 my\u00f6s kiertue tulossa<\/a><\/p>\n<p>Lue my\u00f6s: <a href=\"https:\/\/www.rumba.fi\/uutiset\/kolme-kivikovaa-metalliyhtyetta-keikalle-helsingin-jaahalliin\/\" title=\"Kolme kivikovaa metalliyhtyett\u00e4 keikalle Helsingin J\u00e4\u00e4halliin\" class=\"underline-custom !font-montserrat !font-bold !underline-offset-4 !decoration-4 !decoration-tilt-light !text-md\" rel=\"nofollow noopener\" target=\"_blank\">Kolme kivikovaa metalliyhtyett\u00e4 keikalle Helsingin J\u00e4\u00e4halliin<\/a><\/p>\n<p>Lipunmyynti alkaa torstaina 18. joulukuuta klo 11 Tiketiss\u00e4.<\/p>\n<p>Lue my\u00f6s: <a href=\"https:\/\/www.rumba.fi\/uutiskirje\/\" title=\"Tilaa Rumban uutiskirje\" class=\"underline-custom !font-montserrat !font-bold !underline-offset-4 !decoration-4 !decoration-red-600 !text-md\" rel=\"nofollow noopener\" target=\"_blank\">Tilaa Rumban uutiskirje ja tied\u00e4t mist\u00e4 kahvitauolla puhutaan! Nappaa ajankohtaiset musiikin uutiset ja puheenaiheet suoraan s\u00e4hk\u00f6postiin t\u00e4st\u00e4.<\/a><\/p>\n","protected":false},"excerpt":{"rendered":"Brasilialainen metallimusiikin pioneeri Sepultura saapuu Suomeen elokuussa 2026 osana Celebrating Life Through Death -j\u00e4\u00e4hyv\u00e4iskiertuettaan. Yhtye n\u00e4hd\u00e4\u00e4n Tavastialla lauantaina&hellip;\n","protected":false},"author":2,"featured_media":117835,"comment_status":"","ping_status":"","sticky":false,"template":"","format":"standard","meta":{"footnotes":""},"categories":[130],"tags":[137,33,31,30,8972,32,109],"class_list":{"0":"post-117834","1":"post","2":"type-post","3":"status-publish","4":"format-standard","5":"has-post-thumbnail","7":"category-viihde","8":"tag-entertainment","9":"tag-fi","10":"tag-finland","11":"tag-finnish","12":"tag-keikat","13":"tag-suomi","14":"tag-viihde"},"share_on_mastodon":{"url":"https:\/\/pubeurope.com\/@fi\/115728958309739611","error":""},"_links":{"self":[{"href":"https:\/\/www.europesays.com\/fi\/wp-json\/wp\/v2\/posts\/117834","targetHints":{"allow":["GET"]}}],"collection":[{"href":"https:\/\/www.europesays.com\/fi\/wp-json\/wp\/v2\/posts"}],"about":[{"href":"https:\/\/www.europesays.com\/fi\/wp-json\/wp\/v2\/types\/post"}],"author":[{"embeddable":true,"href":"https:\/\/www.europesays.com\/fi\/wp-json\/wp\/v2\/users\/2"}],"replies":[{"embeddable":true,"href":"https:\/\/www.europesays.com\/fi\/wp-json\/wp\/v2\/comments?post=117834"}],"version-history":[{"count":0,"href":"https:\/\/www.europesays.com\/fi\/wp-json\/wp\/v2\/posts\/117834\/revisions"}],"wp:featuredmedia":[{"embeddable":true,"href":"https:\/\/www.europesays.com\/fi\/wp-json\/wp\/v2\/media\/117835"}],"wp:attachment":[{"href":"https:\/\/www.europesays.com\/fi\/wp-json\/wp\/v2\/media?parent=117834"}],"wp:term":[{"taxonomy":"category","embeddable":true,"href":"https:\/\/www.europesays.com\/fi\/wp-json\/wp\/v2\/categories?post=117834"},{"taxonomy":"post_tag","embeddable":true,"href":"https:\/\/www.europesays.com\/fi\/wp-json\/wp\/v2\/tags?post=117834"}],"curies":[{"name":"wp","href":"https:\/\/api.w.org\/{rel}","templated":true}]}}