{"id":117836,"date":"2025-12-16T11:17:14","date_gmt":"2025-12-16T11:17:14","guid":{"rendered":"https:\/\/www.europesays.com\/fi\/117836\/"},"modified":"2025-12-16T11:17:14","modified_gmt":"2025-12-16T11:17:14","slug":"tekova-perustaa-uuden-alueyhtion-vahvistaa-toimintaa-varsinais-suomessa-ja-satakunnassa","status":"publish","type":"post","link":"https:\/\/www.europesays.com\/fi\/117836\/","title":{"rendered":"Tekova perustaa uuden alueyhti\u00f6n \u2013 vahvistaa toimintaa Varsinais-Suomessa ja Satakunnassa"},"content":{"rendered":"<p><strong><\/p>\n<p>Rakennusalan\u00a0konserni\u00a0Tekova\u00a0uudistaa organisaatiorakennettaan vuoden 2026 alussa. Uusi alueyhti\u00f6\u00a0Tekova\u00a0Lounais-Suomi Oy\u00a0aloittaa toimintansa 1.1.2026, keskittyen Varsinais-Suomen ja Satakunnan alueelle. Alueyhti\u00f6n johtajaksi on nimitetty\u00a0<strong>Jarno Saarinen<\/strong>.<\/p>\n<p><\/strong><\/p>\n<p>\u201dOlemme toimineet Turun seudulla pitk\u00e4\u00e4n, mutta uuden alueyhti\u00f6n my\u00f6t\u00e4 vahvistamme entisest\u00e4\u00e4n l\u00e4sn\u00e4oloamme markkina-alueella. N\u00e4emme seudulla paljon potentiaalia ja hyvi\u00e4 mahdollisuuksia, joihin haluamme tarttua\u201d, kertoo Tekovan toimitusjohtaja <strong>Jaakko Heikkil\u00e4<\/strong>.\u00a0<\/p>\n<p>Aiemmin Turun seudun kohteista vastannut Tekova L\u00e4nsi-Suomi Oy keskittyy jatkossa vahvemmin Pirkanmaan, Keski-Suomen ja Etel\u00e4-Pohjanmaan alueille.\u00a0<\/p>\n<p>Vuoden 2026 alusta l\u00e4htien Tekovalla on viisi rakentavaa alueyhti\u00f6t\u00e4: Etel\u00e4-Suomi, L\u00e4nsi-Suomi, Pohjois-Suomi ja Lounais-Suomi, sek\u00e4 suuria hankkeita l\u00e4hinn\u00e4 Uudellamaalla toteuttava Tekova Grand. Lis\u00e4ksi konsernissa on erillinen kiinteist\u00f6kehitysliiketoimintaa harjoittava yhti\u00f6.\u00a0<\/p>\n<p>\u201dAlueyhti\u00f6malli on osoittautunut\u00a0Tekovalla\u00a0toimivaksi. Emme tavoittele ensisijaisesti liikevaihtoa, vaan alueyhti\u00f6iden resursseihin n\u00e4hden j\u00e4rkev\u00e4n kokoista ja kannattavaa liiketoimintaa, joka syntyy hyvin hallituista ja onnistuneista projekteista.\u00a0Tulevaisuudessa saatamme perustaa my\u00f6s uusia alueyhti\u00f6it\u00e4. Yksi potentiaalinen vaihtoehto on It\u00e4-Suomen alue\u201d, sanoo Heikkil\u00e4.\u00a0<\/p>\n<p><strong>Alueyhti\u00f6n johtoon aluetuntemusta\u00a0<\/strong><\/p>\n<p>Lounais-Suomen\u00a0alueyhti\u00f6n\u00a0johtajaksi\u00a0valittu\u00a0Jarno Saarinen on toiminut\u00a0Tekovalla\u00a0vuodesta 2022.\u00a0<\/p>\n<p>\u201dOlen ollut mukana Turun alueen projekteissa\u00a0ensin ty\u00f6njohtoteht\u00e4viss\u00e4 ja sen j\u00e4lkeen vastuullisena projektip\u00e4\u00e4llikk\u00f6n\u00e4\u00a0useamman vuoden\u00a0ajan. Aluejohtajan teht\u00e4v\u00e4 tuntui luonnolliselta askeleelta eteenp\u00e4in. Uskon tuovani uuden alueyhti\u00f6n toimintaan\u00a0etenkin\u00a0vahvaa alue- ja markkinatuntemusta\u00a0sek\u00e4\u00a0osaamista Tekovan tavasta rakentaa\u201d,\u00a0Saarinen kertoo.\u00a0<\/p>\n<p>\u201dJarnon valinta oli meille selke\u00e4 ratkaisu. H\u00e4n tuntee alueen ja asiakkaat erinomaisesti, ja\u00a0h\u00e4nen kokemuksensa Tekovan projekteista antaa vahvan pohjan uuden yhti\u00f6n menestykselle\u201d,\u00a0sanoo Heikkil\u00e4.\u00a0<\/p>\n","protected":false},"excerpt":{"rendered":"Rakennusalan\u00a0konserni\u00a0Tekova\u00a0uudistaa organisaatiorakennettaan vuoden 2026 alussa. Uusi alueyhti\u00f6\u00a0Tekova\u00a0Lounais-Suomi Oy\u00a0aloittaa toimintansa 1.1.2026, keskittyen Varsinais-Suomen ja Satakunnan alueelle. Alueyhti\u00f6n johtajaksi on&hellip;\n","protected":false},"author":2,"featured_media":117837,"comment_status":"","ping_status":"","sticky":false,"template":"","format":"standard","meta":{"footnotes":""},"categories":[76],"tags":[79,77,33,31,30,32,78],"class_list":{"0":"post-117836","1":"post","2":"type-post","3":"status-publish","4":"format-standard","5":"has-post-thumbnail","7":"category-talous","8":"tag-business","9":"tag-economy","10":"tag-fi","11":"tag-finland","12":"tag-finnish","13":"tag-suomi","14":"tag-talous"},"share_on_mastodon":{"url":"https:\/\/pubeurope.com\/@fi\/115728970177631398","error":""},"_links":{"self":[{"href":"https:\/\/www.europesays.com\/fi\/wp-json\/wp\/v2\/posts\/117836","targetHints":{"allow":["GET"]}}],"collection":[{"href":"https:\/\/www.europesays.com\/fi\/wp-json\/wp\/v2\/posts"}],"about":[{"href":"https:\/\/www.europesays.com\/fi\/wp-json\/wp\/v2\/types\/post"}],"author":[{"embeddable":true,"href":"https:\/\/www.europesays.com\/fi\/wp-json\/wp\/v2\/users\/2"}],"replies":[{"embeddable":true,"href":"https:\/\/www.europesays.com\/fi\/wp-json\/wp\/v2\/comments?post=117836"}],"version-history":[{"count":0,"href":"https:\/\/www.europesays.com\/fi\/wp-json\/wp\/v2\/posts\/117836\/revisions"}],"wp:featuredmedia":[{"embeddable":true,"href":"https:\/\/www.europesays.com\/fi\/wp-json\/wp\/v2\/media\/117837"}],"wp:attachment":[{"href":"https:\/\/www.europesays.com\/fi\/wp-json\/wp\/v2\/media?parent=117836"}],"wp:term":[{"taxonomy":"category","embeddable":true,"href":"https:\/\/www.europesays.com\/fi\/wp-json\/wp\/v2\/categories?post=117836"},{"taxonomy":"post_tag","embeddable":true,"href":"https:\/\/www.europesays.com\/fi\/wp-json\/wp\/v2\/tags?post=117836"}],"curies":[{"name":"wp","href":"https:\/\/api.w.org\/{rel}","templated":true}]}}