{"id":117840,"date":"2025-12-16T11:19:10","date_gmt":"2025-12-16T11:19:10","guid":{"rendered":"https:\/\/www.europesays.com\/fi\/117840\/"},"modified":"2025-12-16T11:19:10","modified_gmt":"2025-12-16T11:19:10","slug":"orimattila-halusi-myyda-terveysaseman-mutta-homma-meni-sekoiluksi-kaupunginjohtaja-nayttaa-silta-etta-aikani-on-kaymassa-vahiin-paijat-hame","status":"publish","type":"post","link":"https:\/\/www.europesays.com\/fi\/117840\/","title":{"rendered":"Orimattila halusi myyd\u00e4 terveysaseman, mutta homma meni sekoiluksi \u2013 Kaupunginjohtaja: \u201dN\u00e4ytt\u00e4\u00e4 silt\u00e4, ett\u00e4 aikani on k\u00e4ym\u00e4ss\u00e4 v\u00e4hiin\u201d | P\u00e4ij\u00e4t-H\u00e4me"},"content":{"rendered":"<p class=\"aw-1gybjub aw-1p7kakr kEtdKx cEmitX yle__article__paragraph\">Joukko Orimattilan valtuutettuja j\u00e4tti eilen valtuustoaloitteen, joka t\u00e4ht\u00e4\u00e4 kaupunginjohtajan irtisanomiseen.<\/p>\n<p class=\"aw-1gybjub aw-1p7kakr kEtdKx cEmitX yle__article__paragraph\">Aloitteessa ehdotetaan tilap\u00e4isen valiokunnan perustamista. Valiokunnan tarkoituksena on hallinnon tarkistaminen ja kaupunginjohtaja <strong class=\"aw-ak79eh KyCXm yle__article__strong\">Kalle Larssonin<\/strong> irtisanominen.<\/p>\n<p class=\"aw-1gybjub aw-1p7kakr kEtdKx cEmitX yle__article__paragraph\">Ylen tietojen mukaan kaupunginvaltuusto saattaa kokoontua jo tammikuussa ylim\u00e4\u00e4r\u00e4iseen kokoukseen.<\/p>\n<p>Kaupunginjohtaja muistuttaa, ettei virheit\u00e4 saa tekem\u00e4tt\u00f6miksi<\/p>\n<p class=\"aw-1gybjub aw-1p7kakr kEtdKx cEmitX yle__article__paragraph\">Orimattilan kaupunginjohtaja Kalle Larsson kertoo s\u00e4hk\u00f6postiviestiss\u00e4\u00e4n Ylelle olevansa surullinen \u201dennen kaikkea Orimattilan kaupungin puolesta\u201d.<\/p>\n<p class=\"aw-1gybjub aw-1p7kakr kEtdKx cEmitX yle__article__paragraph\">Larssonin mielest\u00e4 on silti hyv\u00e4, ett\u00e4 \u201dmahdolliset ep\u00e4selv\u00e4t asiat selvitet\u00e4\u00e4n ja k\u00e4sitell\u00e4\u00e4n niiden vaatimalla vakavuudella\u201d.<\/p>\n<p class=\"aw-1gybjub aw-1p7kakr kEtdKx cEmitX yle__article__paragraph\">\u2013 Samalla on hyv\u00e4 muistaa, ett\u00e4 tehtyj\u00e4 virhearviointeja ei saada tekem\u00e4tt\u00f6m\u00e4ksi, mutta niist\u00e4 pit\u00e4\u00e4 oppia.<\/p>\n<p class=\"aw-1gybjub aw-1p7kakr kEtdKx cEmitX yle__article__paragraph\">Larsson nostaa viestiss\u00e4\u00e4n esiin sen, miten Orimattilalla on mennyt hyvin viime vuosina. Larsson on toiminut Orimattilan kaupunginjohtajana vuodesta 2022.<\/p>\n<p class=\"aw-1gybjub aw-1p7kakr kEtdKx cEmitX yle__article__paragraph\">\u2013 Kun mietin, mist\u00e4 l\u00e4ht\u00f6kohdista l\u00e4hdimme viime valtuustokaudella liikkeelle ja minne olemme jo yhdess\u00e4 nousseet, eilinen aloite tuntuu minusta vaikeasti ymm\u00e4rrett\u00e4v\u00e4lt\u00e4. En nopeasti tied\u00e4 toista suomalaista kuntaa, joka olisi ker\u00e4nnyt yht\u00e4 paljon tunnustuksia viime vuosina.<\/p>\n<p class=\"aw-1gybjub aw-1p7kakr kEtdKx cEmitX yle__article__paragraph\">Larssonin mielest\u00e4 tehty aloite teki kolhun kaupungin maineeseen aikaansaavana, vakaana ja yhteisty\u00f6kykyisen\u00e4 kaupunkina.<\/p>\n<p class=\"aw-1gybjub aw-1p7kakr kEtdKx cEmitX yle__article__paragraph\">Larsson kertoo lopuksi ymm\u00e4rt\u00e4v\u00e4ns\u00e4 aloitteen viestin.<\/p>\n<p class=\"aw-1gybjub aw-1p7kakr kEtdKx cEmitX yle__article__paragraph\">\u2013 N\u00e4ytt\u00e4\u00e4 silt\u00e4, ett\u00e4 aikani Orimattilassa on k\u00e4ym\u00e4ss\u00e4 v\u00e4hiin. T\u00e4m\u00e4 tuntuu todella pahalta, koska uskon t\u00e4h\u00e4n kaupunkiin ja olisin halunnut olla mukana rakentamassa menestyv\u00e4\u00e4 Orimattilaa my\u00f6s jatkossa.<\/p>\n<p class=\"aw-1gybjub aw-1p7kakr kEtdKx cEmitX yle__article__paragraph\">Valtuustoaloitteen on allekirjoittanut yhteens\u00e4 19 kaupunginvaltuutettua. Orimattilan valtuustossa on 33 j\u00e4sent\u00e4, eli aloitteella olisi n\u00e4in enemmist\u00f6n tuki.<\/p>\n<p>Terveyskeskuksen kaupan torppaaminen johti ep\u00e4luottamukseen<\/p>\n<p class=\"aw-1gybjub aw-1p7kakr kEtdKx cEmitX yle__article__paragraph\">Aloitteen taustalla on terveyskeskuksen kaupan valmistelu.<\/p>\n<p class=\"aw-1gybjub aw-1p7kakr kEtdKx cEmitX yle__article__paragraph\">Orimattilan oli tarkoitus myyd\u00e4 terveyskeskuksen kiinteist\u00f6 tyt\u00e4ryhti\u00f6lleen. Kaupunginjohtaja <strong class=\"aw-ak79eh KyCXm yle__article__strong\">Kalle Larsson<\/strong> kertoi kuitenkin <a class=\"aw-iao6s4 iHOxEa yle__article__link\" href=\"https:\/\/yle.fi\/a\/74-20196276\" role=\"link\" rel=\"nofollow noopener\" target=\"_blank\">vastaanottaneensa tiedon<\/a>, jonka mukaan kiinteist\u00f6kauppaa ei \u201dvarautumiseen liittyv\u00e4ss\u00e4 asiassa\u201d suositella teht\u00e4v\u00e4ksi.<\/p>\n<p class=\"aw-1gybjub aw-1p7kakr kEtdKx cEmitX yle__article__paragraph\">T\u00e4m\u00e4n j\u00e4lkeen paljastui, ett\u00e4 Orimattilan kaupungilla ja kaupungin tyt\u00e4ryhti\u00f6ll\u00e4 oli erilainen k\u00e4sitys kiinteist\u00f6n arvosta. Asiakirjav\u00e4\u00e4rennysep\u00e4ily <a class=\"aw-iao6s4 iHOxEa yle__article__link\" href=\"https:\/\/yle.fi\/a\/74-20197888\" role=\"link\" rel=\"nofollow noopener\" target=\"_blank\">p\u00e4\u00e4tyi lopulta poliisille<\/a>.<\/p>\n<p class=\"aw-1gybjub aw-1p7kakr kEtdKx cEmitX yle__article__paragraph\">Orimattilan kaupunginjohtaja <strong class=\"aw-ak79eh KyCXm yle__article__strong\">Kalle Larsson<\/strong> sai viime viikolla <a class=\"aw-iao6s4 iHOxEa yle__article__link\" href=\"https:\/\/yle.fi\/a\/74-20199917\" role=\"link\" rel=\"nofollow noopener\" target=\"_blank\">suullisen huomautuksen toiminnastaan<\/a>.<\/p>\n<p class=\"aw-1gybjub aw-1p7kakr kEtdKx cEmitX yle__article__paragraph\">Nyt tehdyn aloitteen mukaan on syy ep\u00e4ill\u00e4 kaupunginjohtajan johtaneen tarkoituksellisesti valtuutettuja harhaan terveyskeskuskiinteist\u00f6n myyntip\u00e4\u00e4t\u00f6ksess\u00e4 ja kaupungin ensi vuoden talousarvion k\u00e4sittelyss\u00e4.<\/p>\n<p>Valtuustoryhmien puheenjohtajat korostavat selvyyden saamista<\/p>\n<p class=\"aw-1gybjub aw-1p7kakr kEtdKx cEmitX yle__article__paragraph\">Vihreiden valtuustoryhm\u00e4n puheenjohtaja <strong class=\"aw-ak79eh KyCXm yle__article__strong\">Venla Avelin<\/strong> allekirjoitti aloitteen, koska h\u00e4nest\u00e4 valtuutettujen saamat selvitykset eiv\u00e4t riit\u00e4.<\/p>\n<p class=\"aw-1gybjub aw-1p7kakr kEtdKx cEmitX yle__article__paragraph\">\u2013 Haluan, ett\u00e4 asia selvitet\u00e4\u00e4n juurta jaksain. Koen, ett\u00e4 valtuutettuja on t\u00e4ss\u00e4 jollain tasolla johdettu harhaan. Haluan, ett\u00e4 selvit\u00e4mme t\u00e4m\u00e4 sis\u00e4isesti, kun t\u00e4h\u00e4n menness\u00e4 selvitt\u00e4mist\u00e4 on hoitanut l\u00e4hinn\u00e4 media, Avelin sanoo.<\/p>\n<p class=\"aw-1gybjub aw-1p7kakr kEtdKx cEmitX yle__article__paragraph\">Perussuomalaisten valtuustoryhm\u00e4n puheenjohtaja <strong class=\"aw-ak79eh KyCXm yle__article__strong\">Tero R\u00f6nkk\u00f6<\/strong> kertoo allekirjoittaneensa aloitteen valiokunnan perustamisesta. H\u00e4n pit\u00e4\u00e4 ensisijaisena toimena hallinnon tarkistamista.<\/p>\n<p class=\"aw-1gybjub aw-1p7kakr kEtdKx cEmitX yle__article__paragraph\">\u2013 Nyth\u00e4n olemme kuulleet vain kaupunginhallituksen puheenjohtajaa ja kaupunginjohtajaa, mutta siell\u00e4 on paljon muita henkil\u00f6it\u00e4, jotka liittyv\u00e4t t\u00e4h\u00e4n. Pit\u00e4\u00e4 saada selville, miten asia on mennyt heid\u00e4n mielest\u00e4\u00e4n, R\u00f6nkk\u00f6 perustelee.<\/p>\n<p class=\"aw-1gybjub aw-1p7kakr kEtdKx cEmitX yle__article__paragraph\">R\u00f6nkk\u00f6 haluaisi tiet\u00e4\u00e4 tarkemmin, kuka sanoi, ettei kaupungin pit\u00e4isi myyd\u00e4 terveyskeskuskiinteist\u00f6\u00e4 omalle yhti\u00f6lleen. My\u00f6sk\u00e4\u00e4n perusteeksi annettu varautuminen ei vakuuta R\u00f6nkk\u00f6\u00e4.<\/p>\n<p class=\"aw-1gybjub aw-1p7kakr kEtdKx cEmitX yle__article__paragraph\">Tero R\u00f6nkk\u00f6 pit\u00e4\u00e4 my\u00f6s ep\u00e4ilytt\u00e4v\u00e4n\u00e4, etteiv\u00e4t valtuutetut ole saaneet n\u00e4hd\u00e4 kiinteist\u00f6n arvoon liittyv\u00e4n dokumentin kolmesivuista versiota. Sen kiinteist\u00f6yhti\u00f6lle l\u00e4hett\u00e4neest\u00e4 viranhaltijasta tehtiin rikosilmoitus nimikkeell\u00e4 asiakirjav\u00e4\u00e4renn\u00f6s.<\/p>\n<p class=\"aw-1gybjub aw-1p7kakr kEtdKx cEmitX yle__article__paragraph\">R\u00f6nk\u00f6n mukaan yksi valtuutetuista sai 18-sivuisen version vasta usealla yritt\u00e4m\u00e4ll\u00e4, eik\u00e4 kolmesivuista ole saatu viel\u00e4k\u00e4\u00e4n, jotta versioita voisi vertailla.<\/p>\n<p class=\"aw-1gybjub aw-1p7kakr kEtdKx cEmitX yle__article__paragraph\">\u2013 Sit\u00e4 t\u00e4ll\u00e4 nyt haetaan, ett\u00e4 saadaan kaikki asiat varmasti selvitetty\u00e4 ja p\u00e4\u00e4st\u00e4\u00e4n sitten aloittamaan luottamuksellisesti puhtaalta p\u00f6yd\u00e4lt\u00e4, h\u00e4n toteaa.<\/p>\n<p>Keskusta ja kristillisdemokraatit: \u201dYlimitoitettu toimenpide\u201d<\/p>\n<p class=\"aw-1gybjub aw-1p7kakr kEtdKx cEmitX yle__article__paragraph\">My\u00f6s kokoomuksen valtuustoryhm\u00e4n puheenjohtaja <strong class=\"aw-ak79eh KyCXm yle__article__strong\">Pekka T\u00f6rr\u00f6nen<\/strong> ja SDP:n Orimattilan valtuustoryhm\u00e4n <strong class=\"aw-ak79eh KyCXm yle__article__strong\">Vesa Ter\u00e4<\/strong> ovat allekirjoittaneet aloitteen. Hekin korostavat, ett\u00e4 olennaisinta on selvitt\u00e4\u00e4 asioiden kulku, vaikka tilap\u00e4isen valiokunnan teht\u00e4v\u00e4ksi on nimetty my\u00f6s kaupunginjohtajan irtisanominen.<\/p>\n<p class=\"aw-1gybjub aw-1p7kakr kEtdKx cEmitX yle__article__paragraph\">Keskustan ja kristillisdemokraattien valtuustoryhm\u00e4n puheenjohtaja Jukka M\u00f6ls\u00e4 ei ole allekirjoittanut aloitetta. H\u00e4n pit\u00e4\u00e4 sit\u00e4 ylimitoitettuna toimenpiteen\u00e4.<\/p>\n<p class=\"aw-1gybjub aw-1p7kakr kEtdKx cEmitX yle__article__paragraph\">Korjaus 16.12.2025 kello 12.10: Uutisessa sanottiin alun perin, ett\u00e4 Orimattilan valtuustossa on 35 j\u00e4sent\u00e4, vaikka heit\u00e4 on 33.<\/p>\n","protected":false},"excerpt":{"rendered":"Joukko Orimattilan valtuutettuja j\u00e4tti eilen valtuustoaloitteen, joka t\u00e4ht\u00e4\u00e4 kaupunginjohtajan irtisanomiseen. Aloitteessa ehdotetaan tilap\u00e4isen valiokunnan perustamista. Valiokunnan tarkoituksena on&hellip;\n","protected":false},"author":2,"featured_media":117841,"comment_status":"","ping_status":"","sticky":false,"template":"","format":"standard","meta":{"footnotes":""},"categories":[12],"tags":[22,23,26,27,33,31,30,17,21406,13213,71,1836,4739,1833,24,25,28,29,15,7277,18,21,1268,32,21407,19,20,16],"class_list":{"0":"post-117840","1":"post","2":"type-post","3":"status-publish","4":"format-standard","5":"has-post-thumbnail","7":"category-suomi","8":"tag-breaking-news","9":"tag-breakingnews","10":"tag-featured-news","11":"tag-featurednews","12":"tag-fi","13":"tag-finland","14":"tag-finnish","15":"tag-headlines","16":"tag-kalle-larsson","17":"tag-kaupunginjohtajat","18":"tag-kotimaa","19":"tag-kunnanjohtajat","20":"tag-kunnanvaltuustot","21":"tag-kunnat","22":"tag-latest-news","23":"tag-latestnews","24":"tag-main-news","25":"tag-mainnews","26":"tag-news","27":"tag-orimattila","28":"tag-otsikot","29":"tag-paauutiset","30":"tag-paijat-hame","31":"tag-suomi","32":"tag-tilapainen-valiokunta","33":"tag-top-stories","34":"tag-topstories","35":"tag-uutiset"},"share_on_mastodon":{"url":"","error":"Validation failed: Text character limit of 500 exceeded"},"_links":{"self":[{"href":"https:\/\/www.europesays.com\/fi\/wp-json\/wp\/v2\/posts\/117840","targetHints":{"allow":["GET"]}}],"collection":[{"href":"https:\/\/www.europesays.com\/fi\/wp-json\/wp\/v2\/posts"}],"about":[{"href":"https:\/\/www.europesays.com\/fi\/wp-json\/wp\/v2\/types\/post"}],"author":[{"embeddable":true,"href":"https:\/\/www.europesays.com\/fi\/wp-json\/wp\/v2\/users\/2"}],"replies":[{"embeddable":true,"href":"https:\/\/www.europesays.com\/fi\/wp-json\/wp\/v2\/comments?post=117840"}],"version-history":[{"count":0,"href":"https:\/\/www.europesays.com\/fi\/wp-json\/wp\/v2\/posts\/117840\/revisions"}],"wp:featuredmedia":[{"embeddable":true,"href":"https:\/\/www.europesays.com\/fi\/wp-json\/wp\/v2\/media\/117841"}],"wp:attachment":[{"href":"https:\/\/www.europesays.com\/fi\/wp-json\/wp\/v2\/media?parent=117840"}],"wp:term":[{"taxonomy":"category","embeddable":true,"href":"https:\/\/www.europesays.com\/fi\/wp-json\/wp\/v2\/categories?post=117840"},{"taxonomy":"post_tag","embeddable":true,"href":"https:\/\/www.europesays.com\/fi\/wp-json\/wp\/v2\/tags?post=117840"}],"curies":[{"name":"wp","href":"https:\/\/api.w.org\/{rel}","templated":true}]}}