{"id":117846,"date":"2025-12-16T11:39:07","date_gmt":"2025-12-16T11:39:07","guid":{"rendered":"https:\/\/www.europesays.com\/fi\/117846\/"},"modified":"2025-12-16T11:39:07","modified_gmt":"2025-12-16T11:39:07","slug":"influenssaepidemia-etenee-pirkanmaalla-vatsaoireet-kuuluvat-osalla-tautiin","status":"publish","type":"post","link":"https:\/\/www.europesays.com\/fi\/117846\/","title":{"rendered":"Influenssaepidemia etenee Pirkanmaalla \u2013 vatsaoireet kuuluvat osalla tautiin"},"content":{"rendered":"<p>Pirkanmaalla muutamassa ik\u00e4ihmisten hoitoyksik\u00f6ss\u00e4 on jo ollut influenssaepidemia.<\/p>\n<p class=\"article-body mb-nof-24 px-nof-16\">Aamulehti<\/p>\n<p class=\"article-body mb-nof-24 px-nof-16\">Influenssatapausten m\u00e4\u00e4r\u00e4 nousee edelleen Pirkanmaalla viikoittain, kertoo epidemiologi <a class=\"article-personlink\" href=\"https:\/\/www.aamulehti.fi\/haku\/?query=Sirpa%20R%C3%A4s%C3%A4nen\" rel=\"nofollow noopener\" target=\"_blank\">Sirpa R\u00e4s\u00e4nen<\/a> Pirkanmaan hyvinvointialue Pirhasta.<\/p>\n<p class=\"article-body mb-nof-24 px-nof-16\">Pirhan influenssaepidemiaa kuvaava k\u00e4yr\u00e4 syntyy Fimlabin tekemist\u00e4 tutkimuksista, joissa todettiin viime viikolla 95 influenssatapausta.<\/p>\n","protected":false},"excerpt":{"rendered":"Pirkanmaalla muutamassa ik\u00e4ihmisten hoitoyksik\u00f6ss\u00e4 on jo ollut influenssaepidemia. Aamulehti Influenssatapausten m\u00e4\u00e4r\u00e4 nousee edelleen Pirkanmaalla viikoittain, kertoo epidemiologi Sirpa&hellip;\n","protected":false},"author":2,"featured_media":117847,"comment_status":"","ping_status":"","sticky":false,"template":"","format":"standard","meta":{"footnotes":""},"categories":[165],"tags":[157,33,31,30,166,32,167],"class_list":{"0":"post-117846","1":"post","2":"type-post","3":"status-publish","4":"format-standard","5":"has-post-thumbnail","7":"category-terveys","8":"tag-aamulehti","9":"tag-fi","10":"tag-finland","11":"tag-finnish","12":"tag-health","13":"tag-suomi","14":"tag-terveys"},"share_on_mastodon":{"url":"https:\/\/pubeurope.com\/@fi\/115729056804542637","error":""},"_links":{"self":[{"href":"https:\/\/www.europesays.com\/fi\/wp-json\/wp\/v2\/posts\/117846","targetHints":{"allow":["GET"]}}],"collection":[{"href":"https:\/\/www.europesays.com\/fi\/wp-json\/wp\/v2\/posts"}],"about":[{"href":"https:\/\/www.europesays.com\/fi\/wp-json\/wp\/v2\/types\/post"}],"author":[{"embeddable":true,"href":"https:\/\/www.europesays.com\/fi\/wp-json\/wp\/v2\/users\/2"}],"replies":[{"embeddable":true,"href":"https:\/\/www.europesays.com\/fi\/wp-json\/wp\/v2\/comments?post=117846"}],"version-history":[{"count":0,"href":"https:\/\/www.europesays.com\/fi\/wp-json\/wp\/v2\/posts\/117846\/revisions"}],"wp:featuredmedia":[{"embeddable":true,"href":"https:\/\/www.europesays.com\/fi\/wp-json\/wp\/v2\/media\/117847"}],"wp:attachment":[{"href":"https:\/\/www.europesays.com\/fi\/wp-json\/wp\/v2\/media?parent=117846"}],"wp:term":[{"taxonomy":"category","embeddable":true,"href":"https:\/\/www.europesays.com\/fi\/wp-json\/wp\/v2\/categories?post=117846"},{"taxonomy":"post_tag","embeddable":true,"href":"https:\/\/www.europesays.com\/fi\/wp-json\/wp\/v2\/tags?post=117846"}],"curies":[{"name":"wp","href":"https:\/\/api.w.org\/{rel}","templated":true}]}}