{"id":117848,"date":"2025-12-16T11:40:13","date_gmt":"2025-12-16T11:40:13","guid":{"rendered":"https:\/\/www.europesays.com\/fi\/117848\/"},"modified":"2025-12-16T11:40:13","modified_gmt":"2025-12-16T11:40:13","slug":"mestis-seuralta-iso-paljastus-tavoittelee-paikkaa-sm-liigasta","status":"publish","type":"post","link":"https:\/\/www.europesays.com\/fi\/117848\/","title":{"rendered":"Mestis-seuralta iso paljastus \u2013\u2009 Tavoittelee paikkaa SM-liigasta"},"content":{"rendered":"<p>Joensuun Kiekko-Pojat ilmoitti virallisesti aikomuksistaan.<\/p>\n<p><img decoding=\"async\" class=\"image image-show image-preview\" src=\"https:\/\/www.europesays.com\/fi\/wp-content\/uploads\/2025\/12\/1dbfc1362b772437e70d9f2cfa7411d9784a8b31be2218cb2482e374f5cfd017.jpg\" alt=\"\"\/><img decoding=\"async\" class=\"image image-show\" src=\"https:\/\/www.europesays.com\/fi\/wp-content\/uploads\/2025\/12\/1765885211_899_1dbfc1362b772437e70d9f2cfa7411d9784a8b31be2218cb2482e374f5cfd017.jpg\" alt=\"\"\/><\/p>\n<p>Jos Mestiksen finaalipari on Jokerit\u2013JoKP, nousisivat molemmat todenn\u00e4k\u00f6isesti SM-liigaan. Tomi Natri \/ AOP<\/p>\n<p class=\"paragraph\">Mestis-seura Joensuun Kiekko-Pojat ilmoitti tiistaina hakevansa paikkaa SM-liigasta ensi kaudeksi, mik\u00e4li joukkueen urheilullinen menestys sen mahdollistaa.<\/p>\n<p class=\"paragraph\">SM-liiga siirtyy kaudesta 2027\u201328 alkaen kaksitasoiseen sarjamalliin, jossa joukkueet jakautuvat 14 ja 10 seuran kokonaisuuksiin. Uudistusta edelt\u00e4\u00e4 kausi 2026\u201327, joka toimii siirtym\u00e4vaiheena ja avaa Mestiksen k\u00e4rkiseuroille poikkeuksellisen reitin liigatasolle.<\/p>\n<p class=\"paragraph\">Siirtym\u00e4kaudella liigalisenssi on haettavissa viime kauden Mestis-mestarille, Helsingin Jokereille, sek\u00e4 kuluvan kauden mestarille. Mik\u00e4li Jokerit uusii mestaruutensa, avautuu hakumahdollisuus toiselle finaalijoukkueelle.<\/p>\n<p class=\"paragraph\">Kiekko-Pojat Oy:n hallitus on nyt linjannut, ett\u00e4 seura on valmis j\u00e4tt\u00e4m\u00e4\u00e4n hakemuksen, mik\u00e4li kausi p\u00e4\u00e4ttyy urheilullisesti riitt\u00e4v\u00e4\u00e4n menestykseen.<\/p>\n<p class=\"paragraph\">\u2013 Olemme k\u00e4yneet liigatason yhteisty\u00f6neuvotteluja useiden kumppaneidemme kanssa ja vastaanotto on ollut suorastaan huikea. Pohjois-Karjalan talousalueella on aidosti tilausta t\u00e4lle kokonaisuudelle, kuten olemme aiemminkin todenneet, kommentoi Kiekko-Poikien p\u00e4\u00e4omistaja ja manageri <strong>Jaakko Lipponen<\/strong> <a href=\"https:\/\/joensuunkiekkopojat.fi\/ajankohtaista\/kiekko-pojat-tavoittelee-liigapaikkaa-kaudelle-2026-2027\" target=\"_blank\" rel=\"noopener nofollow\">tiedotteessa<\/a>.<\/p>\n<p class=\"paragraph\">Joensuulaisseura pelaa parhaillaan vahvaa kautta ja keikkuu Mestiksen k\u00e4rkipaikoilla. Taustalla rakennetaan samalla pidemp\u00e4\u00e4 tulevaisuutta, jonka tavoitteena on vakiintuminen korkeimmalle sarjatasolle.<\/p>\n<p class=\"paragraph\">\u2013 Pelit jatkuvat, joukkue on sarjak\u00e4rjess\u00e4 ja tulevaisuuteen voidaan katsoa luottavaisin mielin. Haluamme rakentaa t\u00e4t\u00e4 yhdess\u00e4 alueen ihmisten ja yritysten kanssa. K\u00e4ynniss\u00e4 oleva kannattajaosakeanti tarjoaa konkreettisen mahdollisuuden tulla mukaan kehitt\u00e4m\u00e4\u00e4n pohjoiskarjalaista j\u00e4\u00e4kiekkoa ja sen ymp\u00e4rille syntyv\u00e4\u00e4 yhteis\u00f6\u00e4 pitk\u00e4lle tulevaisuuteen,  Lipponen kertoo.<\/p>\n<p><a href=\"https:\/\/www.iltalehti.fi\/telkku\/?utm_source=iltalehti.fi&amp;utm_medium=almainternal&amp;utm_campaign=urheilu_artikkelibanneri&amp;utm_content=banner_612_a\" rel=\"nofollow noopener\" target=\"_blank\"><img decoding=\"async\" src=\"https:\/\/www.europesays.com\/fi\/wp-content\/uploads\/2025\/08\/7ef604e47d46ca174b7df4149bd3557dbde56a86d520f8e1b2125548b0a2e03a.png\" alt=\"TV-ohjelmat t\u00e4n\u00e4\u00e4n, TV-opas\"\/><\/a><\/p>\n","protected":false},"excerpt":{"rendered":"Joensuun Kiekko-Pojat ilmoitti virallisesti aikomuksistaan. Jos Mestiksen finaalipari on Jokerit\u2013JoKP, nousisivat molemmat todenn\u00e4k\u00f6isesti SM-liigaan. Tomi Natri \/ AOP&hellip;\n","protected":false},"author":2,"featured_media":117849,"comment_status":"","ping_status":"","sticky":false,"template":"","format":"standard","meta":{"footnotes":""},"categories":[158],"tags":[35,1274,33,31,30,1143,5435,41,159,32,1145,160],"class_list":{"0":"post-117848","1":"post","2":"type-post","3":"status-publish","4":"format-standard","5":"has-post-thumbnail","7":"category-urheilu","8":"tag-24h","9":"tag-ammattiurheilu","10":"tag-fi","11":"tag-finland","12":"tag-finnish","13":"tag-jaakiekko","14":"tag-jaakiekon-miesten-sm-liiga","15":"tag-liikunta-ja-urheilu","16":"tag-sports","17":"tag-suomi","18":"tag-talviurheilu","19":"tag-urheilu"},"share_on_mastodon":{"url":"https:\/\/pubeurope.com\/@fi\/115729060851017277","error":""},"_links":{"self":[{"href":"https:\/\/www.europesays.com\/fi\/wp-json\/wp\/v2\/posts\/117848","targetHints":{"allow":["GET"]}}],"collection":[{"href":"https:\/\/www.europesays.com\/fi\/wp-json\/wp\/v2\/posts"}],"about":[{"href":"https:\/\/www.europesays.com\/fi\/wp-json\/wp\/v2\/types\/post"}],"author":[{"embeddable":true,"href":"https:\/\/www.europesays.com\/fi\/wp-json\/wp\/v2\/users\/2"}],"replies":[{"embeddable":true,"href":"https:\/\/www.europesays.com\/fi\/wp-json\/wp\/v2\/comments?post=117848"}],"version-history":[{"count":0,"href":"https:\/\/www.europesays.com\/fi\/wp-json\/wp\/v2\/posts\/117848\/revisions"}],"wp:featuredmedia":[{"embeddable":true,"href":"https:\/\/www.europesays.com\/fi\/wp-json\/wp\/v2\/media\/117849"}],"wp:attachment":[{"href":"https:\/\/www.europesays.com\/fi\/wp-json\/wp\/v2\/media?parent=117848"}],"wp:term":[{"taxonomy":"category","embeddable":true,"href":"https:\/\/www.europesays.com\/fi\/wp-json\/wp\/v2\/categories?post=117848"},{"taxonomy":"post_tag","embeddable":true,"href":"https:\/\/www.europesays.com\/fi\/wp-json\/wp\/v2\/tags?post=117848"}],"curies":[{"name":"wp","href":"https:\/\/api.w.org\/{rel}","templated":true}]}}