{"id":117854,"date":"2025-12-16T11:44:15","date_gmt":"2025-12-16T11:44:15","guid":{"rendered":"https:\/\/www.europesays.com\/fi\/117854\/"},"modified":"2025-12-16T11:44:15","modified_gmt":"2025-12-16T11:44:15","slug":"keskustan-kuusamon-kunnallisjarjesto-kantaverkon-ja-sahkon-riittavyyden-turvaaminen-kainuussa-koillismaalla-ja-ita-lapissa-tarkeaa-henkilovalintojakin-tehtiin-kokouksessa","status":"publish","type":"post","link":"https:\/\/www.europesays.com\/fi\/117854\/","title":{"rendered":"Keskustan Kuusamon kunnallisj\u00e4rjest\u00f6: Kantaverkon ja s\u00e4hk\u00f6n riitt\u00e4vyyden turvaaminen Kainuussa, Koillismaalla ja It\u00e4-Lapissa t\u00e4rke\u00e4\u00e4 \u2013 henkil\u00f6valintojakin tehtiin kokouksessa"},"content":{"rendered":"<p>\n      Keskustan Kuusamon kunnallisj\u00e4rjest\u00f6 p\u00e4\u00e4tti syyskokouksessaan j\u00e4tt\u00e4\u00e4 aloitteen tulevalle Keskustan puoluekokoukselle. Aloite k\u00e4sittelee s\u00e4hk\u00f6verkon riitt\u00e4vyytt\u00e4 ja vihre\u00e4n siirtym\u00e4n energiantuotantoa alueellamme.\n    <\/p>\n<p>\n      Kunnallisj\u00e4rjest\u00f6n aloitteen mukaan kantaverkon vahvistaminen ja tuulivoiman rakentamisen mahdollistaminen ovat ratkaisevia toimia alueen elinvoiman, huoltovarmuuden ja vihre\u00e4n siirtym\u00e4n turvaamiseksi. Keskusta esitt\u00e4\u00e4kin, ett\u00e4 hallitus ja Fingrid ryhtyv\u00e4t v\u00e4litt\u00f6miin toimiin 400 kW:n linjan rakentamiseksi sek\u00e4 tuulivoiman esteiden poistamiseksi Kainuussa, Koillismaalla ja It\u00e4-Lapissa.\n    <\/p>\n<p class=\"article__paragraph\">\n      Kuusamon kunnallisj\u00e4rjest\u00f6 my\u00f6s teki kokouksessaan henkil\u00f6valinnat ensi vuodelle. Tiedotteen mukaan puheenjohtajana jatkaa edelleen Juha S\u00e4kkinen, varapuheenjohtajana Veli M\u00e4\u00e4tt\u00e4 ja sihteerin\u00e4 Ulla Voutilainen.\n    <\/p>\n<p class=\"article__paragraph\">\n      Hallituksessa jatkaa Raija Haapakoski, Tuija Vanttaja, Heli Leinonen, Seija Ronkainen, Jukka Matela, Seppo Linjakumpu ja Ville Pitk\u00e4nen. Uusina j\u00e4senin\u00e4 hallitukseen nousi Heidi Verkama, Sarai-Natalia Kela ja Juha Korhonen.\n    <\/p>\n","protected":false},"excerpt":{"rendered":"Keskustan Kuusamon kunnallisj\u00e4rjest\u00f6 p\u00e4\u00e4tti syyskokouksessaan j\u00e4tt\u00e4\u00e4 aloitteen tulevalle Keskustan puoluekokoukselle. Aloite k\u00e4sittelee s\u00e4hk\u00f6verkon riitt\u00e4vyytt\u00e4 ja vihre\u00e4n siirtym\u00e4n energiantuotantoa&hellip;\n","protected":false},"author":2,"featured_media":117855,"comment_status":"","ping_status":"","sticky":false,"template":"","format":"standard","meta":{"footnotes":""},"categories":[76],"tags":[79,77,33,31,30,32,78],"class_list":{"0":"post-117854","1":"post","2":"type-post","3":"status-publish","4":"format-standard","5":"has-post-thumbnail","7":"category-talous","8":"tag-business","9":"tag-economy","10":"tag-fi","11":"tag-finland","12":"tag-finnish","13":"tag-suomi","14":"tag-talous"},"share_on_mastodon":{"url":"https:\/\/pubeurope.com\/@fi\/115729076381870246","error":""},"_links":{"self":[{"href":"https:\/\/www.europesays.com\/fi\/wp-json\/wp\/v2\/posts\/117854","targetHints":{"allow":["GET"]}}],"collection":[{"href":"https:\/\/www.europesays.com\/fi\/wp-json\/wp\/v2\/posts"}],"about":[{"href":"https:\/\/www.europesays.com\/fi\/wp-json\/wp\/v2\/types\/post"}],"author":[{"embeddable":true,"href":"https:\/\/www.europesays.com\/fi\/wp-json\/wp\/v2\/users\/2"}],"replies":[{"embeddable":true,"href":"https:\/\/www.europesays.com\/fi\/wp-json\/wp\/v2\/comments?post=117854"}],"version-history":[{"count":0,"href":"https:\/\/www.europesays.com\/fi\/wp-json\/wp\/v2\/posts\/117854\/revisions"}],"wp:featuredmedia":[{"embeddable":true,"href":"https:\/\/www.europesays.com\/fi\/wp-json\/wp\/v2\/media\/117855"}],"wp:attachment":[{"href":"https:\/\/www.europesays.com\/fi\/wp-json\/wp\/v2\/media?parent=117854"}],"wp:term":[{"taxonomy":"category","embeddable":true,"href":"https:\/\/www.europesays.com\/fi\/wp-json\/wp\/v2\/categories?post=117854"},{"taxonomy":"post_tag","embeddable":true,"href":"https:\/\/www.europesays.com\/fi\/wp-json\/wp\/v2\/tags?post=117854"}],"curies":[{"name":"wp","href":"https:\/\/api.w.org\/{rel}","templated":true}]}}