{"id":117864,"date":"2025-12-16T11:59:10","date_gmt":"2025-12-16T11:59:10","guid":{"rendered":"https:\/\/www.europesays.com\/fi\/117864\/"},"modified":"2025-12-16T11:59:10","modified_gmt":"2025-12-16T11:59:10","slug":"helena-koivu-puhuu-joulusta-ja-vankilasta","status":"publish","type":"post","link":"https:\/\/www.europesays.com\/fi\/117864\/","title":{"rendered":"Helena Koivu puhuu joulusta ja vankilasta"},"content":{"rendered":"<p>\n            26.08. 2025Helena Koivu OIkeudessa.Seiska\/Panu H\u00f6rkk\u00f6<br \/>\n            Panu H\u00f6rkk\u00f6\n        <\/p>\n<p class=\"subtitle \">Helenan ja Mikon sotkuisa ja riitaisa ero on jakanut kanssa kuin Aurajoki.<\/p>\n<p class=\"article-content article-content-width !bg-background\">Joulu tulla jollottaa, ja se tarkoittaa sit\u00e4, ett\u00e4 hyv\u00e4n musamaun omaavissa talouksissa soivat tauotta Leevi and the Leavingsin Joulukertomus ja  Driving Home for Christmas tai edes  Happy Xmas (War Is Over).<\/p>\n<p class=\"article-content article-content-width !bg-background\">Suomen joulukaupunki \u2013 se the place to be vuoden jokaisena muunakin p\u00e4iv\u00e4n\u00e4 \u2013 on tietysti Suomen Turku.<\/p>\n<p class=\"article-content article-content-width !bg-background\">Turun Vanhalla Suurtorilla Brinkkalan talon parvekkeelta luetaan jouluaattona joulurauhan julistus \u2013 eik\u00e4 se ole mik\u00e4\u00e4n vitsi.<\/p>\n<p class=\"article-content article-content-width !bg-background\">Jussi Vareksen\u00a0kaupungissa vaikuttaa my\u00f6s muuan , joka lienee tuttu suurimmalle osalle suomalaisista.<\/p>\n<p>        <a itemprop=\"url\" href=\"https:\/\/www.seiska.fi\/kotimaa\/nyt-jysahti-helena-koivulta-rohkea-ulostulo-yrita-ymmartaa\/2003483\" rel=\"nofollow noopener\" target=\"_blank\"><\/p>\n<p>\nNyt jys\u00e4hti!\n<\/p>\n<p class=\"section-date\">\n        <strong class=\"article-section\" data-section=\"kotimaa\"><br \/>\n            kotimaa<br \/>\n        <\/strong><br \/>\n        25.11. 14:59\n    <\/p>\n<p>Nyt jys\u00e4hti! Helena Koivulta rohkea ulostulo: &#8221;Yrit\u00e4 ymm\u00e4rt\u00e4\u00e4&#8221;\n    <\/p>\n<p itemprop=\"description\" class=\"subtitle \">\n    Helena Koivun johtoajatus lienee se, ettei paha parane pahalla.\n<\/p>\n<p>        <\/a><\/p>\n<p>                <img decoding=\"async\" src=\"https:\/\/www.europesays.com\/fi\/wp-content\/uploads\/2025\/12\/1808340.webp\" width=\"576\" height=\"269\" alt=\"Helena ja Mikko ovat k\u00e4yneet oikeutta jo pitk\u00e4\u00e4n.\" loading=\"lazy\" \/>            <\/p>\n<p>\n            Helena ja Mikko ovat k\u00e4yneet oikeutta jo pitk\u00e4\u00e4n.<br \/>\n            Seiska\n        <\/p>\n<p>Helenakin laskeutunut joulunviettoon<\/p>\n<p class=\"article-content article-content-width !bg-background\">Helena on k\u00e4ynyt vuosia oikeutta ex-miehens\u00e4, kiekkolegenda , kanssa.<\/p>\n<p class=\"article-content article-content-width !bg-background\">Oikeustaisto jatkunee viel\u00e4 pitk\u00e4\u00e4n, sill\u00e4 ex-pari ei ainakaan julkisuudessa n\u00e4ytt\u00e4ydy silt\u00e4, ett\u00e4 sovulle olisi sijaa.<\/p>\n<p class=\"article-content article-content-width !bg-background\">Yht\u00e4 kaikki, on Helenakin laskeutumassa joulunviettoon somen perusteella.<\/p>\n<p class=\"article-content article-content-width !bg-background\">Maanantaina Helena kertoi Instagramissa l\u00e4hes 30 000 seuraajalleen hakeneensa joulukuusen Turun kupeesta Raisiosta.<\/p>\n<p>        <a itemprop=\"url\" href=\"https:\/\/www.seiska.fi\/kotimaa\/helena-koivu-avasi-sanaisen-arkkunsa-fakta-on-se-etta\/2002302\" rel=\"nofollow noopener\" target=\"_blank\"><\/p>\n<p>\nHelena avasi sanaisen arkkunsa\n<\/p>\n<p class=\"section-date\">\n        <strong class=\"article-section\" data-section=\"kotimaa\"><br \/>\n            kotimaa<br \/>\n        <\/strong><br \/>\n        24.11. 15:32\n    <\/p>\n<p>Helena Koivu avasi sanaisen arkkunsa: &#8221;Fakta on se, ett\u00e4&#8230;&#8221;\n    <\/p>\n<p itemprop=\"description\" class=\"subtitle \">\n    Helena kuvailee koko vuosia jatkunutta prosessia \u201cniin sairaaksi\u201d, ettei sit\u00e4 h\u00e4nen mukaansa voi ymm\u00e4rt\u00e4\u00e4 kukaan, joka ei ole joutunut el\u00e4m\u00e4\u00e4n sit\u00e4 l\u00e4pi.\n<\/p>\n<p>        <\/a><\/p>\n<p>                <img decoding=\"async\" src=\"https:\/\/www.europesays.com\/fi\/wp-content\/uploads\/2025\/12\/1808367.webp\" width=\"576\" height=\"720\" alt=\"Helena haluaisi saada Jenkeist\u00e4 joulukuusenkoristeet.\" loading=\"lazy\" \/>            <\/p>\n<p>\n            Helena haluaisi saada Jenkeist\u00e4 joulukuusenkoristeet.<br \/>\n            Helena Koivun kotialbumi\n        <\/p>\n<p>&#8221;Nyt viel ne meij\u00e4n koristeen jenkeist&#8221;<\/p>\n<p class=\"article-content article-content-width !bg-background\">Sitten olikin aika laittaa kuuseen valot sek\u00e4 osa koristeista.\u00a0T\u00e4ysin valmis ei kuusi kuitenkaan Helenan puheissa ole, vaikka se liki t\u00e4ydelliselt\u00e4 n\u00e4ytt\u00e4\u00e4kin.<\/p>\n<p class=\"article-content article-content-width !bg-background\">Tiistaiaamup\u00e4iv\u00e4st\u00e4 Helena jakoi itsest\u00e4\u00e4n kuvan peilin kautta.<\/p>\n<p class=\"article-content article-content-width !bg-background\">Kuvassa Helenalla ei ole ainakaan liian pitki\u00e4 housuja, mutta sit\u00e4kin enemm\u00e4n katse kiinnittyy Helenan takana olevaan joulukuuseen sek\u00e4 kuvan yhteydess\u00e4 olevaan tekstiin.<\/p>\n<p class=\"article-content article-content-width !bg-background\">\u2013 Voi kun sais nyt viel ne meij\u00e4n koristeet jenkeist\u00e4 mitk\u00e4 voi lis\u00e4t\u00e4 kuuseen, Helena aloittaa.<\/p>\n<p>        <a itemprop=\"url\" href=\"https:\/\/www.seiska.fi\/kotimaa\/helena-koivu-tunteikas-ulostulo\/2015430\" rel=\"nofollow noopener\" target=\"_blank\"><\/p>\n<p>\nHelena Koivu\n<\/p>\n<p class=\"section-date\">\n        <strong class=\"article-section\" data-section=\"kotimaa\"><br \/>\n            kotimaa<br \/>\n        <\/strong><br \/>\n        9.12. 11:03\n    <\/p>\n<p>Helena Koivu: Tunteikas ulostulo\n    <\/p>\n<p itemprop=\"description\" class=\"subtitle \">\n    Troijassa taisteltiin Homeroksen eepoksessa Helenasta \u2013 2020-luvulla taas Turussa taistelevat Helena ja Mikko useammastakin asiasta.\n<\/p>\n<p>        <\/a><\/p>\n<p>                <img decoding=\"async\" src=\"https:\/\/www.europesays.com\/fi\/wp-content\/uploads\/2025\/12\/1765886349_942_2000695.webp\" width=\"576\" height=\"322\" alt=\"Viimeksi Koivut olivat fyysisesti oikeussalissa lokakuussa.\" loading=\"lazy\" \/>            <\/p>\n<p>\n            Viimeksi Koivut olivat fyysisesti oikeussalissa lokakuussa.<br \/>\n            Panu H\u00f6rkk\u00f6\n        <\/p>\n<p>&#8221;On t\u00e4\u00e4 el\u00e4m\u00e4 ihanaa&#8221;<\/p>\n<p class=\"article-content article-content-width !bg-background\">Sitten onkin vuorossa erikoinen \u2013 jonkun mielest\u00e4 mahdollisesti sekavakin \u2013 lause.<\/p>\n<p class=\"article-content article-content-width !bg-background\"> \u2013 Katotaan millon ne sielt\u00e4 saan, kuitenkaa vankilaan en ehk\u00e4 jaksais menn\u00e4 mut ehk\u00e4 se sit kuitenkin on viel\u00e4 edess\u00e4 sekin, Helena ruotii.<\/p>\n<p class=\"article-content article-content-width !bg-background\"> \u2013 On t\u00e4\u00e4 el\u00e4m\u00e4 ihanaa, h\u00e4n p\u00e4\u00e4tt\u00e4\u00e4 stoorinsa.<\/p>\n<p class=\"article-content article-content-width !bg-background\">Helenan vuodatus liittynee siihen, ett\u00e4 h\u00e4n ja Mikko asuivat lapsineen vuosia Minnesotassa.<\/p>\n<p class=\"article-content article-content-width !bg-background\">Ex-pari onkin k\u00e4ynyt oikeutta Suomen lis\u00e4ksi Amerikan Yhdysvalloissa.<\/p>\n<p>        <a itemprop=\"url\" href=\"https:\/\/www.seiska.fi\/kotimaa\/helena-koivulta-herkka-ulostulo-tarkeana-paivana-ja-mita-tapahtuu-kun\/1999184\" rel=\"nofollow noopener\" target=\"_blank\"><\/p>\n<p>\nHelena Koivu\n<\/p>\n<p class=\"section-date\">\n        <strong class=\"article-section\" data-section=\"kotimaa\"><br \/>\n            kotimaa<br \/>\n        <\/strong><br \/>\n        20.11. 17:30\n    <\/p>\n<p>Helena Koivulta herkk\u00e4 ulostulo t\u00e4rke\u00e4n\u00e4 p\u00e4iv\u00e4n\u00e4: &#8221;Ja mit\u00e4 tapahtuu, kun&#8230;&#8221;\n    <\/p>\n<p itemprop=\"description\" class=\"subtitle \">\n    P\u00e4iv\u00e4 on merkityksellinen enemm\u00e4n tai v\u00e4hemm\u00e4n kaikille vanhemmille \u2013 niin my\u00f6s Helena Koivulle.\n<\/p>\n<p>        <\/a><\/p>\n<p>                <img decoding=\"async\" src=\"https:\/\/www.europesays.com\/fi\/wp-content\/uploads\/2025\/12\/1866951.webp\" width=\"576\" height=\"720\" title=\"Helena on jakanut ajatuksiaan avoimesti sosiaalisessa mediassa vuosien ajan, mink\u00e4 my\u00f6t\u00e4 h\u00e4n on saanut ymm\u00e4rryst\u00e4kin osakseen.\" alt=\"Helena Koivu Turussa syyskuussa 2024.\" loading=\"lazy\" \/>            <\/p>\n<p>\n            Helena on jakanut ajatuksiaan avoimesti sosiaalisessa mediassa vuosien ajan, mink\u00e4 my\u00f6t\u00e4 h\u00e4n on saanut ymm\u00e4rryst\u00e4kin osakseen.<br \/>\n            Timo Korhonen\n        <\/p>\n<p>Helenasta\u00a0pid\u00e4tysm\u00e4\u00e4r\u00e4ys, joka ei vanhene <\/p>\n<p class=\"article-content article-content-width !bg-background\">Seiska kertoi vuosi sitten, ett\u00e4 Helenasta on annettu pid\u00e4tysm\u00e4\u00e4r\u00e4ys, sill\u00e4 h\u00e4net on tuomittu yksityistuomari  m\u00e4\u00e4r\u00e4yksell\u00e4 vankilaan 14 p\u00e4iv\u00e4ksi.<\/p>\n<p class=\"article-content article-content-width !bg-background\">Taustalla oli \u2013 ja on \u2013 riita Mikon ja Helenan omaisuudenjaosta.<\/p>\n<p class=\"article-content article-content-width !bg-background\">Tapaus liittyy siihen, ett\u00e4 kyseinen tuomari m\u00e4\u00e4r\u00e4si Helenan allekirjoittamaan luovutuspaperin Turun Kakskerrassa sijaitsevasta merenrantahuvilasta, mihin Helena ei kuitenkaan suostunut.<\/p>\n<p class=\"article-content article-content-width !bg-background\">Pid\u00e4tysm\u00e4\u00e4r\u00e4ys on nimikkeell\u00e4 \u201dbench warrant\u201d, jolloin pid\u00e4tysm\u00e4\u00e4r\u00e4ys ei vanhene.\u00a0K\u00e4yt\u00e4nn\u00f6ss\u00e4 t\u00e4m\u00e4 tarkoittaa sit\u00e4, ett\u00e4 poliisi voi pid\u00e4tt\u00e4\u00e4 Helenan milloin tahansa, jos h\u00e4n astuu Yhdysvaltoihin.<\/p>\n<p class=\"article-content article-content-width !bg-background\">N\u00e4ht\u00e4v\u00e4ksi j\u00e4\u00e4, saako Helena joulukuusenkoristeet.<\/p>\n<p>        <a itemprop=\"url\" href=\"https:\/\/www.seiska.fi\/kotimaa\/helena-koivu-voidaan-vangita-valittomasti-nain-pysyvasti-tuomio-vaikuttaa\/1507744\" rel=\"nofollow noopener\" target=\"_blank\"><\/p>\n<p class=\"section-date\">\n        <strong class=\"article-section\" data-section=\"kotimaa\"><br \/>\n            kotimaa<br \/>\n        <\/strong><br \/>\n        5.11.2024 05:00\n    <\/p>\n<p>Helena Koivu voidaan vangita v\u00e4litt\u00f6m\u00e4sti \u2013 n\u00e4in pysyv\u00e4sti tuomio vaikuttaa\n    <\/p>\n<p itemprop=\"description\" class=\"subtitle \">\n    Mikko Koivun ex-vaimolle vankeustuomio aiheuttaa ik\u00e4vi\u00e4 seuraamuksia, jopa loppui\u00e4ksi.\n<\/p>\n<p>        <\/a><\/p>\n","protected":false},"excerpt":{"rendered":"26.08. 2025Helena Koivu OIkeudessa.Seiska\/Panu H\u00f6rkk\u00f6 Panu H\u00f6rkk\u00f6 Helenan ja Mikon sotkuisa ja riitaisa ero on jakanut kanssa kuin&hellip;\n","protected":false},"author":2,"featured_media":117865,"comment_status":"","ping_status":"","sticky":false,"template":"","format":"standard","meta":{"footnotes":""},"categories":[136],"tags":[407,137,33,31,30,3124,21412,408,3127,21411,38,32,662,109],"class_list":{"0":"post-117864","1":"post","2":"type-post","3":"status-publish","4":"format-standard","5":"has-post-thumbnail","7":"category-julkkikset","8":"tag-celebrities","9":"tag-entertainment","10":"tag-fi","11":"tag-finland","12":"tag-finnish","13":"tag-helena-koivu","14":"tag-joulurauhan-julistus","15":"tag-julkkikset","16":"tag-mikko-koivu","17":"tag-pidatysmaarays","18":"tag-rikos","19":"tag-suomi","20":"tag-turku","21":"tag-viihde"},"share_on_mastodon":{"url":"https:\/\/pubeurope.com\/@fi\/115729135608398957","error":""},"_links":{"self":[{"href":"https:\/\/www.europesays.com\/fi\/wp-json\/wp\/v2\/posts\/117864","targetHints":{"allow":["GET"]}}],"collection":[{"href":"https:\/\/www.europesays.com\/fi\/wp-json\/wp\/v2\/posts"}],"about":[{"href":"https:\/\/www.europesays.com\/fi\/wp-json\/wp\/v2\/types\/post"}],"author":[{"embeddable":true,"href":"https:\/\/www.europesays.com\/fi\/wp-json\/wp\/v2\/users\/2"}],"replies":[{"embeddable":true,"href":"https:\/\/www.europesays.com\/fi\/wp-json\/wp\/v2\/comments?post=117864"}],"version-history":[{"count":0,"href":"https:\/\/www.europesays.com\/fi\/wp-json\/wp\/v2\/posts\/117864\/revisions"}],"wp:featuredmedia":[{"embeddable":true,"href":"https:\/\/www.europesays.com\/fi\/wp-json\/wp\/v2\/media\/117865"}],"wp:attachment":[{"href":"https:\/\/www.europesays.com\/fi\/wp-json\/wp\/v2\/media?parent=117864"}],"wp:term":[{"taxonomy":"category","embeddable":true,"href":"https:\/\/www.europesays.com\/fi\/wp-json\/wp\/v2\/categories?post=117864"},{"taxonomy":"post_tag","embeddable":true,"href":"https:\/\/www.europesays.com\/fi\/wp-json\/wp\/v2\/tags?post=117864"}],"curies":[{"name":"wp","href":"https:\/\/api.w.org\/{rel}","templated":true}]}}